{"id":8273,"date":"2020-11-04T18:28:44","date_gmt":"2020-11-04T15:28:44","guid":{"rendered":"http:\/\/mersinekonomipolitikagazetesi.com\/?p=8273"},"modified":"2020-11-04T18:28:44","modified_gmt":"2020-11-04T15:28:44","slug":"mersin-universitesi-engelsiz-universiteler-odullerinde-15-odulle-yine-birinci","status":"publish","type":"post","link":"https:\/\/akdenizolaygazetesi.com\/?p=8273","title":{"rendered":"Mersin \u00dcniversitesi, Engelsiz \u00dcniversiteler \u00d6d\u00fcllerinde 15 \u00f6d\u00fclle yine birinci"},"content":{"rendered":"<p>Mersin \u00dcniversitesi (ME\u00dc), \u00f6nemli bir ba\u015far\u0131ya imza atarak, 2020 Engelsiz \u00dcniversiteler \u00d6d\u00fcllerinde 3 kategoride de 15 \u00f6d\u00fcl alarak bu y\u0131l da birinci oldu.\u00a0<br \/>\nME\u00dc\u2019den yap\u0131lan a\u00e7\u0131klamaya g\u00f6re, \u2018Engelsiz \u00dcniversite\u2019 olma konusunda \u00e7al\u0131\u015fmalar y\u00fcr\u00fcten \u00fcniversite yine \u00f6nemli bir ba\u015far\u0131 elde etti. ME\u00dc, Engelsiz Ya\u015fam Birimi Koordinat\u00f6rl\u00fc\u011f\u00fcnde ge\u00e7en y\u0131l rekor k\u0131rarak kazand\u0131\u011f\u0131 T\u00fcrkiye birincili\u011finin ard\u0131ndan, 2020 Engelsiz \u00dcniversite Bayrak \u00d6d\u00fclleri t\u00f6reninde de 3 farkl\u0131 kategorinin \u00fc\u00e7\u00fcnde de toplamda 15 \u00f6d\u00fcl birden kazanarak, yine birincilik k\u00fcrs\u00fcs\u00fcndeki yerini ald\u0131 ve b\u00fcy\u00fck bir ba\u015far\u0131ya imza att\u0131.\u00a0<br \/>\nKorona vir\u00fcs salg\u0131n\u0131 nedeniyle 2020 Engelsiz \u00dcniversiteler \u00d6d\u00fcl T\u00f6reni, bu y\u0131l video konferans y\u00f6ntemi ile ger\u00e7ekle\u015ftirildi. Y\u00fcksek\u00f6\u011fretim Kurulu taraf\u0131ndan g\u00f6nderilen \u00f6d\u00fcller, ME\u00dc Engelsiz Ya\u015fam Birimi Koordinat\u00f6r\u00fc \u00d6\u011fr. G\u00f6r. G\u00fclcan Boyraz taraf\u0131ndan E\u011fitim Fak\u00fcltesi Dekan\u0131 Prof. Dr. Soner Mehmet \u00d6zdemir, \u0130ktisadi ve \u0130dari Bilimler Fak\u00fcltesi Dekan\u0131 Prof. Dr. Cemal Altan, \u0130leti\u015fim Fak\u00fcltesi Dekan\u0131 Prof. Dr. Asl\u0131han Do\u011fan Top\u00e7u, T\u0131p Fak\u00fcltesi Dekan\u0131 Prof. Dr. Ahmet Hakan \u00d6zt\u00fcrk, Turizm Fak\u00fcltesi Dekan\u0131 Prof. Dr. Ahmet Atasoy, Yabanc\u0131 Diller Y\u00fcksekokulu M\u00fcd\u00fcr\u00fc \u00d6\u011fr. G\u00f6r. Abdullah Akmaz ve Anamur Meslek Y\u00fcksekokulu M\u00fcd\u00fcr\u00fc \u00d6\u011fr. G\u00f6r. G\u00fcrkan Temiz\u2019e takdim edildi.\u00a0<br \/>\n\u00d6d\u00fcle lay\u0131k g\u00f6r\u00fclen ve kendilerine nezaket ile ev sahipli\u011fi yapan ilgili fak\u00fclte dekanlar\u0131na, y\u00fcksekokul ve meslek y\u00fcksekokulu m\u00fcd\u00fcrlerine te\u015fekk\u00fcr eden Boyraz, ME\u00dc\u2019de \u00f6\u011frenim g\u00f6ren ve farkl\u0131 engelleri bulunan \u00f6zel gereksinimli \u00f6\u011frencilerin y\u00fcksek\u00f6\u011frenim ya\u015famlar\u0131na ili\u015fkin bilgiler verdi\u011fi bir toplant\u0131 ger\u00e7ekle\u015ftirdi. Toplant\u0131da, ME\u00dc Rekt\u00f6r\u00fc Prof. Dr. Ahmet \u00c7amsar\u0131&#8217;ya, bu alana g\u00f6sterdi\u011fi hassasiyet ve verdi\u011fi destek dolay\u0131s\u0131yla te\u015fekk\u00fcr eden Boyraz, \u00fcniversitedeki engelli \u00f6\u011frencilerin ba\u015far\u0131 grafiklerini artt\u0131racak, onlar\u0131n sosyalle\u015fmesini sa\u011flayacak ve \u00f6\u011frenim g\u00f6rd\u00fc\u011f\u00fc \u00fcniversite ile birlikte bulundu\u011fu topluma entegrasyonunu art\u0131racak faaliyetler hakk\u0131nda bilgi verdi. \u00a0<\/p>\n","protected":false},"excerpt":{"rendered":"<p>Mersin \u00dcniversitesi (ME\u00dc), \u00f6nemli bir ba\u015far\u0131ya imza atarak, 2020 Engelsiz \u00dcniversiteler \u00d6d\u00fcllerinde 3 kategoride de 15 \u00f6d\u00fcl alarak bu y\u0131l da birinci oldu.\u00a0 ME\u00dc\u2019den yap\u0131lan a\u00e7\u0131klamaya g\u00f6re, \u2018Engelsiz \u00dcniversite\u2019 olma &hellip; <a href=\"https:\/\/akdenizolaygazetesi.com\/?p=8273\" class=\"more-link\">Devam\u0131n\u0131 Oku&#8230;<\/a><\/p>\n","protected":false},"author":1,"featured_media":0,"comment_status":"open","ping_status":"open","sticky":false,"template":"","format":"standard","meta":[],"categories":[],"tags":[],"_links":{"self":[{"href":"https:\/\/akdenizolaygazetesi.com\/index.php?rest_route=\/wp\/v2\/posts\/8273"}],"collection":[{"href":"https:\/\/akdenizolaygazetesi.com\/index.php?rest_route=\/wp\/v2\/posts"}],"about":[{"href":"https:\/\/akdenizolaygazetesi.com\/index.php?rest_route=\/wp\/v2\/types\/post"}],"author":[{"embeddable":true,"href":"https:\/\/akdenizolaygazetesi.com\/index.php?rest_route=\/wp\/v2\/users\/1"}],"replies":[{"embeddable":true,"href":"https:\/\/akdenizolaygazetesi.com\/index.php?rest_route=%2Fwp%2Fv2%2Fcomments&post=8273"}],"version-history":[{"count":0,"href":"https:\/\/akdenizolaygazetesi.com\/index.php?rest_route=\/wp\/v2\/posts\/8273\/revisions"}],"wp:attachment":[{"href":"https:\/\/akdenizolaygazetesi.com\/index.php?rest_route=%2Fwp%2Fv2%2Fmedia&parent=8273"}],"wp:term":[{"taxonomy":"category","embeddable":true,"href":"https:\/\/akdenizolaygazetesi.com\/index.php?rest_route=%2Fwp%2Fv2%2Fcategories&post=8273"},{"taxonomy":"post_tag","embeddable":true,"href":"https:\/\/akdenizolaygazetesi.com\/index.php?rest_route=%2Fwp%2Fv2%2Ftags&post=8273"}],"curies":[{"name":"wp","href":"https:\/\/api.w.org\/{rel}","templated":true}]}}