{"id":8275,"date":"2020-11-04T18:28:44","date_gmt":"2020-11-04T15:28:44","guid":{"rendered":"http:\/\/mersinekonomipolitikagazetesi.com\/?p=8275"},"modified":"2020-11-04T18:28:44","modified_gmt":"2020-11-04T15:28:44","slug":"sabanci-vakfi-bu-yil-mersinden-yenilikci-girisim-dernegine-hibe-verecek","status":"publish","type":"post","link":"https:\/\/akdenizolaygazetesi.com\/?p=8275","title":{"rendered":"SABANCI VAKFI BU YIL MERS\u0130N\u2019DEN YEN\u0130L\u0130K\u00c7\u0130 G\u0130R\u0130\u015e\u0130M DERNE\u011e\u0130\u2019NE H\u0130BE VERECEK"},"content":{"rendered":"<p>Akdeniz Belediye Ba\u015fkan\u0131 Mustafa G\u00fcltak\u2019\u0131n talimat\u0131yla yap\u0131lan uyar\u0131lara ra\u011fmen mesai saatlerine uymad\u0131klar\u0131, mazeretsiz i\u015fe gelmedikleri ve resmi izin almadan i\u015fyerinden ayr\u0131ld\u0131klar\u0131 tespit edildi\u011fi i\u00e7in s\u00f6zle\u015fmeleri feshedilerek 2 hafta \u00f6nce \u00e7\u0131k\u0131\u015flar\u0131 verilen 10 \u015firket personelinin i\u015fe iadeleri yap\u0131ld\u0131.\u00a0<br \/>\nGelen yo\u011fun talep \u00fczerine, i\u015ften \u00e7\u0131kar\u0131lan belediye \u015firket personelleri ile bir toplant\u0131 yapan Akdeniz Belediye Ba\u015fkan\u0131 Mustafa G\u00fcltak, ekme\u011fin kutsal ve dokunulmaz oldu\u011funu, il ba\u015fkanl\u0131\u011f\u0131 ve milletvekilli\u011fi yapt\u0131\u011f\u0131 d\u00f6nemden bug\u00fcne dek hi\u00e7 kimsenin ekme\u011fiyle oynamad\u0131\u011f\u0131n\u0131 vurgulad\u0131, kimseyi i\u015ften \u00e7\u0131karmad\u0131\u011f\u0131n\u0131n alt\u0131n\u0131 \u00e7izdi. G\u00fcltak, \u201cSe\u00e7ilip g\u00f6reve geldi\u011fimizde, personelimizle yapt\u0131\u011f\u0131m\u0131z toplant\u0131da da belirtti\u011fim \u00fczere, insanlar\u0131n siyasi g\u00f6r\u00fc\u015fleri ve ya\u015fant\u0131lar\u0131n\u0131n beni ilgilendirmedi\u011fini ifade etmi\u015ftim. Ancak bir s\u00fcre \u00f6nce maalesef b\u00fct\u00fcn uyar\u0131lar\u0131m\u0131za ra\u011fmen, birbirinin yerine personel kimlik kart\u0131 okutan, i\u015fe mazeretsiz gelmeyen i\u015f\u00e7i arkada\u015flar\u0131m\u0131z oldu\u011funu tespit ettik. \u00d6rne\u011fin amirden izin al\u0131nacaksa, bu izin s\u00f6zle de\u011fil yaz\u0131yla, belge ile al\u0131nm\u0131\u015f izin alacak. Uzun s\u00fcre yap\u0131ld\u0131\u011f\u0131n\u0131 tespit etti\u011fimiz bu suistimaller sonucu 10 personelimizin \u00e7\u0131k\u0131\u015flar\u0131 verilmi\u015fti\u201d dedi.<br \/>\n\u00a0<br \/>\n\u201cHerkesin ikinci bir \u015fansa mutlaka ihtiyac\u0131 vard\u0131r\u201d<br \/>\n\u00a0<br \/>\nKonu\u015fmas\u0131nda, g\u00f6z\u00fcne g\u00fcnlerce uyku girmedi\u011fini dile getiren G\u00fcltak; \u201cKendi kendime, \u2018herkesin ikinci bir \u015fansa mutlaka ama mutlaka hakk\u0131 vard\u0131r\u2019 diye d\u00fc\u015f\u00fcnd\u00fcm. Birinizin \u00e7ocu\u011fu bana mesaj att\u0131, \u2018Benim okumam, babam\u0131n i\u015fine ba\u011fl\u0131\u2019 diye. H\u00fcz\u00fcnlendim, can\u0131m \u00e7ok s\u0131k\u0131ld\u0131, moralim bozuldu. O zaman dedim ki, \u2018herkesin ikinci bir \u015fansa hakk\u0131 ve ihtiyac\u0131 vard\u0131r. Bu nedenle i\u015finize geri d\u00f6neceksiniz. Sizlerden hizmet istiyorum. Bu hizmeti de kendime de\u011fil, Akdeniz\u2019de ya\u015fayan kad\u0131nlar, gen\u00e7ler, \u00e7ocuklar i\u00e7in istiyorum. Bir s\u00f6z verdim. Sizler de bu s\u00f6z\u00fcm\u00fcz\u00fc yerine getirebilmemiz i\u00e7in m\u00fccadele edeceksiniz. Akdeniz\u2019de ciddi bir de\u011fi\u015fim ve d\u00f6n\u00fc\u015f\u00fcm ba\u015flad\u0131. Bunu sizler de g\u00f6r\u00fcyorsunuz. Biz b\u00fct\u00fcn i\u015f\u00e7ilerimizi koruyor ve kolluyoruz. Bebe\u011fi oluyor, evine ziyarete gidiyoruz. Zor g\u00fcn\u00fcnde yan\u0131nda oluyoruz. \u0130yi g\u00fcnde de k\u00f6t\u00fc g\u00fcnde de personelimizi yaln\u0131z b\u0131rakm\u0131yoruz\u201d diye konu\u015ftu.<br \/>\n\u00a0<br \/>\n\u201cG\u00f6reve gelir gelmez, i\u015f\u00e7i k\u0131y\u0131m\u0131 yapan belediyelerden olmad\u0131k\u201d<br \/>\n\u00a0<br \/>\nG\u00fcltak, \u201cYerel se\u00e7imlerden sonra g\u00f6reve geldi\u011fimizde, personelimizle yapt\u0131\u011f\u0131m\u0131z toplant\u0131da da belirtti\u011fim \u00fczere, insanlar\u0131n siyasi g\u00f6r\u00fc\u015fleri ve ya\u015fant\u0131lar\u0131n\u0131n beni ilgilendirmedi\u011fini ifade etmi\u015ftim. Biliyorsunuz, bug\u00fcn T\u00fcrkiye\u2019de bir\u00e7ok belediyede, se\u00e7imlerden sonra y\u00f6netim de\u011fi\u015fikli\u011fi olur olmaz ilk icraatlar\u0131, i\u015f\u00e7ileri i\u015ften \u00e7\u0131karmak oluyor. B\u00f6yle davrananlar\u0131 ben k\u0131n\u0131yorum\u201d ifadelerini kulland\u0131.\u00a0<\/p>\n<p>\u201cSizlerden iste\u011fim, m\u00fccadelemize birer tu\u011fla koyman\u0131zd\u0131r\u201d<br \/>\n\u00a0<br \/>\nHep birlikte Akdeniz\u2019in makus talihini de\u011fi\u015ftireceklerini s\u00f6yleyen G\u00fcltak, \u015f\u00f6yle devam etti; &#8221; Akdeniz\u2019in insanlar\u0131 i\u00e7in g\u00fczel i\u015fler yapaca\u011f\u0131z. Bar\u0131\u015f\u0131 ve karde\u015fli\u011fi \u00f6nemsiyoruz, payla\u015fmay\u0131 bilece\u011fiz. Asfalt\u0131ndan kald\u0131r\u0131m\u0131na, yollar\u0131ndan parklar\u0131na kadar. TOK\u0130 gelecek, insanlar\u0131m\u0131z daha planl\u0131, d\u00fczenli ve temiz bir \u015fehirde ve iyi evlerde oturacak. Amac\u0131m\u0131z bu. Sizlerden iste\u011fimiz de bu \u00e7abam\u0131za birer tu\u011fla koyman\u0131zd\u0131r. Tek iste\u011fimiz ve hedefimiz T\u00fcrk, K\u00fcrt, Arap, \u00c7erkez, Laz, H\u0131ristiyan demeden bu \u015fehre, Akdeniz\u2019e ve Akdeniz sakinlerine hizmet vermek. Bundan sonra daha d\u00fczenli olaca\u011f\u0131z ve daha \u00e7ok \u00e7al\u0131\u015faca\u011f\u0131z. \u0130stiyoruz ki, 5 y\u0131l\u0131 mutlu ge\u00e7irelim, herkes performans\u0131n\u0131 en iyi \u015fekilde g\u00f6stersin. Bizler de halk\u0131m\u0131za iyi hizmet edelim.\u201d \u00a0<\/p>\n","protected":false},"excerpt":{"rendered":"<p>Akdeniz Belediye Ba\u015fkan\u0131 Mustafa G\u00fcltak\u2019\u0131n talimat\u0131yla yap\u0131lan uyar\u0131lara ra\u011fmen mesai saatlerine uymad\u0131klar\u0131, mazeretsiz i\u015fe gelmedikleri ve resmi izin almadan i\u015fyerinden ayr\u0131ld\u0131klar\u0131 tespit edildi\u011fi i\u00e7in s\u00f6zle\u015fmeleri feshedilerek 2 hafta \u00f6nce \u00e7\u0131k\u0131\u015flar\u0131 &hellip; <a href=\"https:\/\/akdenizolaygazetesi.com\/?p=8275\" class=\"more-link\">Devam\u0131n\u0131 Oku&#8230;<\/a><\/p>\n","protected":false},"author":1,"featured_media":0,"comment_status":"open","ping_status":"open","sticky":false,"template":"","format":"standard","meta":[],"categories":[],"tags":[],"_links":{"self":[{"href":"https:\/\/akdenizolaygazetesi.com\/index.php?rest_route=\/wp\/v2\/posts\/8275"}],"collection":[{"href":"https:\/\/akdenizolaygazetesi.com\/index.php?rest_route=\/wp\/v2\/posts"}],"about":[{"href":"https:\/\/akdenizolaygazetesi.com\/index.php?rest_route=\/wp\/v2\/types\/post"}],"author":[{"embeddable":true,"href":"https:\/\/akdenizolaygazetesi.com\/index.php?rest_route=\/wp\/v2\/users\/1"}],"replies":[{"embeddable":true,"href":"https:\/\/akdenizolaygazetesi.com\/index.php?rest_route=%2Fwp%2Fv2%2Fcomments&post=8275"}],"version-history":[{"count":0,"href":"https:\/\/akdenizolaygazetesi.com\/index.php?rest_route=\/wp\/v2\/posts\/8275\/revisions"}],"wp:attachment":[{"href":"https:\/\/akdenizolaygazetesi.com\/index.php?rest_route=%2Fwp%2Fv2%2Fmedia&parent=8275"}],"wp:term":[{"taxonomy":"category","embeddable":true,"href":"https:\/\/akdenizolaygazetesi.com\/index.php?rest_route=%2Fwp%2Fv2%2Fcategories&post=8275"},{"taxonomy":"post_tag","embeddable":true,"href":"https:\/\/akdenizolaygazetesi.com\/index.php?rest_route=%2Fwp%2Fv2%2Ftags&post=8275"}],"curies":[{"name":"wp","href":"https:\/\/api.w.org\/{rel}","templated":true}]}}