{"id":8276,"date":"2020-11-04T18:28:44","date_gmt":"2020-11-04T15:28:44","guid":{"rendered":"http:\/\/mersinekonomipolitikagazetesi.com\/?p=8276"},"modified":"2020-11-04T18:28:44","modified_gmt":"2020-11-04T15:28:44","slug":"keci-uretiminde-turkiye-birincisiyiz","status":"publish","type":"post","link":"https:\/\/akdenizolaygazetesi.com\/?p=8276","title":{"rendered":"\u201cKe\u00e7i \u00fcretiminde T\u00fcrkiye birincisiyiz\u201d"},"content":{"rendered":"<p>Ke\u00e7i \u00fcretiminde T\u00fcrkiye birincisi olan Mersin, ya\u015fanan sorunlara kar\u015f\u0131n k\u00fc\u00e7\u00fckba\u015f hayvan varl\u0131\u011f\u0131n\u0131 ge\u00e7en y\u0131l yakla\u015f\u0131k 100 bin art\u0131rarak 1 milyon 200 bin hayvana ula\u015fmay\u0131 ba\u015fard\u0131. Mersin \u0130li Dam\u0131zl\u0131k Koyun Ke\u00e7i Yeti\u015ftiricili\u011fi Birli\u011fi Ba\u015fkan\u0131 Mehmet Akdo\u011fan, yakla\u015f\u0131k 1 milyon da koyuna sahip olan Mersin\u2019de k\u0131rsal n\u00fcfusu yerinde tutabilmenin \u00e7abas\u0131n\u0131 verdiklerini s\u00f6yledi. Desteklemenin art\u0131r\u0131lmas\u0131n\u0131 beklediklerini belirten Akdo\u011fan, Bakan Bekir Pakdemirli\u2019nin Mersin\u2019de verdi\u011fi 35 TL s\u00f6z\u00fcn\u00fc hat\u0131rlatt\u0131.\u00a0<br \/>\nD\u00fcnyan\u0131n ba\u015f\u0131ndaki en b\u00fcy\u00fck felaketlerden biri olan korona vir\u00fcs salg\u0131n\u0131, tar\u0131m ve hayvanc\u0131l\u0131\u011f\u0131n \u00f6nemini bir kez daha ortaya koydu. K\u00fc\u00e7\u00fckba\u015f hayvan yeti\u015ftiricili\u011finde \u015fansl\u0131 illerden biri olan Mersin\u2019de, hayvanc\u0131l\u0131\u011f\u0131n ayakta kalabilmesi i\u00e7in \u00fcreticilerin \u00f6n\u00fcndeki engellerin kald\u0131r\u0131lmas\u0131 en b\u00fcy\u00fck beklenti.\u00a0<\/p>\n<p>Mersin \u0130li Dam\u0131zl\u0131k Koyun Ke\u00e7i Yeti\u015ftiricili\u011fi Birli\u011fi Ba\u015fkan\u0131 Mehmet Akdo\u011fan, \u00fcreticilerin sorunlar\u0131, beklentileri ve birli\u011fin hedeflerine y\u00f6nelik a\u00e7\u0131klama yapt\u0131. Mersin\u2019in ke\u00e7i \u00fcretiminde T\u00fcrkiye birincisi oldu\u011funu vurgulayan Akdo\u011fan, \u201cMersin\u2019de 1 milyon 200 bin civar\u0131nda ke\u00e7imiz var. \u015eu anda \u00fcreticilerin bir\u00e7o\u011fu yaylada. Nisan ay\u0131yla beraber yaylalara g\u00f6\u00e7 ediyorlar. Ke\u00e7i \u00fcreticili\u011fi zor bir \u00fcretim modeli. Zor \u015fartlarda, k\u0131rsal\u0131n da k\u0131rsal\u0131nda yap\u0131l\u0131yor. Y\u0131l\u0131n b\u00fcy\u00fck bir b\u00f6l\u00fcm\u00fc ke\u00e7i \u00fcretimi yap\u0131l\u0131rken do\u011fadan, meradan faydalan\u0131l\u0131yor. Yem gideri olarak en az maliyetle yeti\u015fen bir hayvan. Ancak, ke\u00e7i \u00fcreticili\u011fi yapan vatanda\u015flar\u0131n sosyal problemleri var. K\u0131rsalda oldu\u011fu i\u00e7in \u00e7o\u011funun elektrik, yol problemleri, sulaklarla ilgili sorunlar\u0131 var. Otlatmayla ilgili d\u00f6nem d\u00f6nem sorunlar oluyor. Ormanla ve ge\u00e7i\u015f yollar\u0131ndaki tar\u0131m alanlar\u0131yla ilgili sorunlar oluyor ama biz birlik olarak t\u00fcm yeti\u015ftiricilerinin yan\u0131nday\u0131z\u201d dedi.\u00a0<br \/>\n\u00d6zellikle bu sorunlar\u0131n \u00e7\u00f6z\u00fcm\u00fc i\u00e7in ilgili her kurumla diyalog i\u00e7inde olduklar\u0131n\u0131n alt\u0131n\u0131 \u00e7izen Akdo\u011fan, bu \u00e7er\u00e7evede bir\u00e7ok proje ger\u00e7ekle\u015ftirdiklerini kaydetti. Elektrik sorununu \u00e7\u00f6zmek i\u00e7in \u00c7ukurova Kalk\u0131nma Ajans\u0131, Mersin Valili\u011fi ve B\u00fcy\u00fck\u015fehir Belediyesi ile yapt\u0131klar\u0131 \u00e7al\u0131\u015fmalarla g\u00f6\u00e7erlere 3 bin civar\u0131nda g\u00fcne\u015f paneli da\u011f\u0131tt\u0131klar\u0131n\u0131 an\u0131msatan Akdo\u011fan, \u201cBu ciddi bir rakam. Bunlar\u0131 hibe olarak verdik ve projeye devam ediyoruz. K\u0131rsaldaki bu n\u00fcfusu orada tutmak, \u015fehre g\u00f6\u00e7\u00fc engellemek i\u00e7in i\u015f kolayl\u0131\u011f\u0131 da yapt\u0131k. Bu kapsamda i\u015flerini daha kolay yapmalar\u0131 ad\u0131na ta\u015f\u0131nabilir konteynerler veriyoruz. Koyun \u00fcreticili\u011fi yapanlara koyun k\u0131rpma makineleri veriyoruz. \u00d6zendirici ne gerekiyorsa yap\u0131yoruz\u201d diye konu\u015ftu.\u00a0<\/p>\n<p>Hayvanc\u0131l\u0131\u011f\u0131n zor ve k\u0131r\u0131lgan bir sekt\u00f6r oldu\u011funa i\u015faret eden Akdo\u011fan, \u201cHedefimiz, hayvanc\u0131l\u0131\u011f\u0131 ayakta tutabilmek. Bizim b\u00f6lgemizde insanlar hayvanc\u0131l\u0131\u011f\u0131 yaparken birinci \u00f6ncelikleri ticari kazan\u00e7 de\u011fil, gelenekten gelen bir meslek olarak g\u00f6rd\u00fckleri i\u00e7in yap\u0131yorlar hayvanc\u0131l\u0131\u011f\u0131. Mersin, Y\u00f6r\u00fck k\u00fclt\u00fcr\u00fcn\u00fcn hakim oldu\u011fu bir co\u011frafya. Y\u00f6r\u00fcklerin de mesle\u011fi hayvanc\u0131l\u0131k. Bu, bizim i\u00e7in bir avantaj. Ne kadar sorun, s\u0131k\u0131nt\u0131 olursa olsun, atadan bir meslek olarak g\u00f6rd\u00fckleri i\u00e7in hayvanc\u0131l\u0131\u011f\u0131 b\u0131rakm\u0131yorlar. Biz de onlara destek oluyoruz bakanl\u0131\u011f\u0131m\u0131z kanal\u0131yla ve yapt\u0131\u011f\u0131m\u0131z projelerle. Amac\u0131m\u0131z, buradaki k\u0131rsal n\u00fcfusu yerinde tutabilmek. \u00dclkemiz kalk\u0131n\u0131p geli\u015fecekse, refah d\u00fczeyi artacaksa bu, \u00f6zellikle tar\u0131m ve hayvanc\u0131l\u0131ktan; \u00fcreticiyi desteklememiz ve onlara sahip \u00e7\u0131kmam\u0131zdan ge\u00e7iyor. Bu da herkesin g\u00f6revi\u201d ifadelerini kulland\u0131.\u00a0<br \/>\n\u201cBiz zaten tar\u0131m\u0131n \u00f6nemini biliyorduk\u201d diyen Akdo\u011fan, pandemi s\u00fcrecinde tar\u0131m\u0131n daha da \u00f6nemli hale geldi\u011fini belirterek, \u201cBu s\u00fcre\u00e7te Tar\u0131m ve Orman Bakanl\u0131\u011f\u0131m\u0131z da iyi bir koordinasyon yapt\u0131. \u00dcretim yaparken k\u0131s\u0131tlama d\u00f6neminde \u00f6zellikle \u00fcreticiler ma\u011fdur edilmedi. Bu \u00e7ok \u00f6nemliydi \u00fcretim ad\u0131na. Bakanl\u0131k yetkililerimize te\u015fekk\u00fcr ediyoruz\u201d \u015feklinde konu\u015ftu.\u00a0<\/p>\n<p>Mersin\u2019in toplam koyun ve ke\u00e7i varl\u0131\u011f\u0131nda da 5\u2019inci s\u0131rada yer ald\u0131\u011f\u0131na dikkat \u00e7eken Akdo\u011fan, \u201cMersin\u2019de ana\u00e7 ve yavru olmak \u00fczere yakla\u015f\u0131k 1 milyon koyun varl\u0131\u011f\u0131m\u0131z var. Bu da ciddi bir rakam. Biz \u00fclke ortalamas\u0131n\u0131n \u00e7ok \u00fczerindeyiz. Bakanl\u0131k, T\u00fcrkiye genelinde 83 milyon k\u00fc\u00e7\u00fckba\u015f hedefliyor. Biz Mersin\u2019de \u015fu anda 2 milyon n\u00fcfus oldu\u011funu d\u00fc\u015f\u00fcn\u00fcrsek, bizde 2 milyonun \u00fczerinde k\u00fc\u00e7\u00fckba\u015f hayvan var. Burada k\u00fc\u00e7\u00fckba\u015f \u00fcretimi yo\u011fun yap\u0131l\u0131yor, sebebi meslek olarak g\u00f6r\u00fclmesi; ikincisi de Mersin\u2019de k\u00fc\u00e7\u00fckba\u015f t\u00fcketimi \u00e7ok yo\u011fun. T\u00fcrkiye ortalamas\u0131 y\u00fczde 10 k\u00fc\u00e7\u00fckba\u015f, \u00e7ok d\u00fc\u015f\u00fck bir rakam. B\u00fcy\u00fckba\u015f eti daha \u00e7ok t\u00fcketiliyor. Ama Mersin\u2019de tam tersi bir durum s\u00f6z konusu; y\u00fczde 90 k\u00fc\u00e7\u00fckba\u015f t\u00fcketimi, y\u00fczde 10 b\u00fcy\u00fckba\u015f hayvan eti t\u00fcketimi s\u00f6z konusu. Bu anlamda Mersin ilk s\u0131rada yer al\u0131yor, Adana ve Antalya da k\u00fc\u00e7\u00fckba\u015f et t\u00fcketiminin yo\u011fun oldu\u011fu iller. Mersin\u2019deki k\u00fc\u00e7\u00fckba\u015f Mersin\u2019e yetmiyor. Bize bir\u00e7ok ilden k\u00fc\u00e7\u00fckba\u015f hayvan geliyor ve t\u00fcketime sunuluyor\u201d dedi.\u00a0<\/p>\n<p>Yeti\u015ftiricilerin beklentilerini de aktaran Akdo\u011fan, Tar\u0131m ve Orman Bakan\u0131 Bekir Pakdemirli ile birebir g\u00f6r\u00fc\u015febilen bir birlik ba\u015fkan\u0131 oldu\u011funu, sorun ve beklentileri de direk iletebildi\u011fini kaydetti. Bakanl\u0131\u011f\u0131n, bu alanda ciddi \u00e7al\u0131\u015fmalar yapt\u0131\u011f\u0131n\u0131 belirten Akdo\u011fan, il genelindeki sorunlar\u0131 da ba\u015fta Mersin Valisi Ali \u0130hsan Su olmak \u00fczere kent yetkilileriyle \u00e7\u00f6zmeye \u00e7al\u0131\u015ft\u0131klar\u0131n\u0131 dile getirdi. Destekleme rakamlar\u0131n\u0131n son 4-5 y\u0131ld\u0131r ayn\u0131 kald\u0131\u011f\u0131na dikkat \u00e7eken Akdo\u011fan, \u015funlar\u0131 s\u00f6yledi:\u00a0<br \/>\n\u201cDesteklemelerle ilgili beklentimiz var. Ana\u00e7 koyun ke\u00e7i ba\u015f\u0131na 25 TL veriliyor ve 4-5 y\u0131ld\u0131r ayn\u0131 rakamda duruyor. Bunun biraz y\u00fckseltilmesi gerekiyor. Mersin\u2019de ocak ay\u0131nda Tar\u0131m ve Orman Bakan\u0131m\u0131z\u0131 a\u011f\u0131rlad\u0131\u011f\u0131m\u0131zda ke\u00e7iyle ilgili 35 TL talebimiz olmu\u015ftu. \u00d6zellikle k\u0131l ke\u00e7isinin farkl\u0131 bir destekleme modeliyle desteklenmesini \u00f6nermi\u015ftik, o da kabul etmi\u015fti. Gelecek y\u0131l 35 lira diye bize burada s\u00f6z verdi 2020 destekleme d\u00f6nemi i\u00e7in. Bu y\u0131l\u0131n destekleri 2021\u2019de veriliyor. Desteklemeden ziyade \u00fcretimin \u00f6n\u00fcndeki engellerin a\u015f\u0131lmas\u0131 laz\u0131m dedik ve onunla ilgili \u00e7ok fazla s\u0131k\u0131nt\u0131m\u0131z kalmad\u0131 ama desteklemenin de \u00f6zendirici olmas\u0131 gerekiyor. \u00dcretimi te\u015fvik etmesi, daha bir heyecan katmas\u0131 ad\u0131na \u00f6nemli.\u201d\u00a0<\/p>\n","protected":false},"excerpt":{"rendered":"<p>Ke\u00e7i \u00fcretiminde T\u00fcrkiye birincisi olan Mersin, ya\u015fanan sorunlara kar\u015f\u0131n k\u00fc\u00e7\u00fckba\u015f hayvan varl\u0131\u011f\u0131n\u0131 ge\u00e7en y\u0131l yakla\u015f\u0131k 100 bin art\u0131rarak 1 milyon 200 bin hayvana ula\u015fmay\u0131 ba\u015fard\u0131. Mersin \u0130li Dam\u0131zl\u0131k Koyun Ke\u00e7i &hellip; <a href=\"https:\/\/akdenizolaygazetesi.com\/?p=8276\" class=\"more-link\">Devam\u0131n\u0131 Oku&#8230;<\/a><\/p>\n","protected":false},"author":1,"featured_media":0,"comment_status":"open","ping_status":"open","sticky":false,"template":"","format":"standard","meta":[],"categories":[],"tags":[],"_links":{"self":[{"href":"https:\/\/akdenizolaygazetesi.com\/index.php?rest_route=\/wp\/v2\/posts\/8276"}],"collection":[{"href":"https:\/\/akdenizolaygazetesi.com\/index.php?rest_route=\/wp\/v2\/posts"}],"about":[{"href":"https:\/\/akdenizolaygazetesi.com\/index.php?rest_route=\/wp\/v2\/types\/post"}],"author":[{"embeddable":true,"href":"https:\/\/akdenizolaygazetesi.com\/index.php?rest_route=\/wp\/v2\/users\/1"}],"replies":[{"embeddable":true,"href":"https:\/\/akdenizolaygazetesi.com\/index.php?rest_route=%2Fwp%2Fv2%2Fcomments&post=8276"}],"version-history":[{"count":0,"href":"https:\/\/akdenizolaygazetesi.com\/index.php?rest_route=\/wp\/v2\/posts\/8276\/revisions"}],"wp:attachment":[{"href":"https:\/\/akdenizolaygazetesi.com\/index.php?rest_route=%2Fwp%2Fv2%2Fmedia&parent=8276"}],"wp:term":[{"taxonomy":"category","embeddable":true,"href":"https:\/\/akdenizolaygazetesi.com\/index.php?rest_route=%2Fwp%2Fv2%2Fcategories&post=8276"},{"taxonomy":"post_tag","embeddable":true,"href":"https:\/\/akdenizolaygazetesi.com\/index.php?rest_route=%2Fwp%2Fv2%2Ftags&post=8276"}],"curies":[{"name":"wp","href":"https:\/\/api.w.org\/{rel}","templated":true}]}}