{"id":8277,"date":"2020-11-04T18:28:44","date_gmt":"2020-11-04T15:28:44","guid":{"rendered":"http:\/\/mersinekonomipolitikagazetesi.com\/?p=8277"},"modified":"2020-11-04T18:28:44","modified_gmt":"2020-11-04T15:28:44","slug":"sessizlige-gomulduler","status":"publish","type":"post","link":"https:\/\/akdenizolaygazetesi.com\/?p=8277","title":{"rendered":"SESS\u0130ZL\u0130\u011eE G\u00d6M\u00dcLD\u00dcLER..!"},"content":{"rendered":"<p>BA\u015eKAN ENG\u0130N: KENT KONSEYLER\u0130 SAHAYA \u0130NMEL\u0130<\/p>\n<p>Kent Konseylerinden sahaya inmelerini isteyen MES\u0130AD Ba\u015fkan\u0131 Hasan Engin, \u201cUzun zamand\u0131r sessizli\u011fe g\u00f6m\u00fclen Kent Konseyleri vatanda\u015flar\u0131n talep, \u00f6neri ve \u015fikayetlerinidinleyip, kent esteti\u011fi, yat\u0131r\u0131mlar, hizmetler, \u00e7evre ve kentsel d\u00f6n\u00fc\u015f\u00fcm gibi \u00f6nemli konularda k\u00f6pr\u00fc g\u00f6revi g\u00f6rmelidir\u201d dedi.<br \/>\nMersin Sanayicileri ve \u0130\u015f \u0130nsanlar\u0131 Derne\u011fi (MES\u0130AD) Y\u00f6netim Kurulu Ba\u015fkan\u0131 Hasan Engin, kent konseylerinin daha aktif olmas\u0131 gerekti\u011fini s\u00f6yleyerek, kent konseylerinden sahaya inmelerini istedi. Kent Konseylerinin kentimizin ve vatanda\u015flar\u0131n sorunlar\u0131n\u0131 belediyelere iletmede k\u00f6pr\u00fc g\u00f6revi g\u00f6rmesi gerekti\u011fini belirten Engin, \u201cKent konseyleri serbest ve \u00f6zg\u00fcr b\u0131rak\u0131lmal\u0131d\u0131r; belediyelerin alt birimleri olarak g\u00f6r\u00fclmemelidir\u201d ifadelerini kulland\u0131.<br \/>\n\u00a0<br \/>\n\u201cKENT KONSEYLER\u0130 ORTAK YAPILARDIR\u201d<\/p>\n<p>Kent konseylerinin tarihi ve misyonu hakk\u0131nda bilgi veren Ba\u015fkan Engin, \u201cYerel G\u00fcndem 21\u2019den hareketle 1992 y\u0131l\u0131nda Rio De Janerio\u2019da yap\u0131lan ve \u201cYery\u00fcz\u00fc Zirvesi\u201d olarak adland\u0131r\u0131lan Birle\u015fmi\u015f Milletler \u00c7evre ve Kalk\u0131nma Konferans\u0131\u2019ndan sonra temelleri at\u0131lan kent konseyleri Avrupa\u2019da 4 binden fazla belediyede, d\u00fcnyada 135 \u00fclkede uygulanmaktad\u0131r. Kent Konseyleri 5393 say\u0131l\u0131 Belediye Kanunu ve 26313 say\u0131l\u0131 Kent Konseyi Y\u00f6netmeli\u011fi\u2019ne dayanarak kurulmu\u015f yap\u0131lard\u0131r. Kent Konseyleri; merkezi y\u00f6netimin, yerel y\u00f6netimin, kamu kurumu niteli\u011findeki meslek kurulu\u015flar\u0131n\u0131n ve sivil toplumun ortakl\u0131k anlay\u0131\u015f\u0131yla, hem\u015fehrilik hukuku \u00e7er\u00e7evesinde bulu\u015ftu\u011fu; kentin kalk\u0131nma \u00f6nceliklerinin, sorunlar\u0131n\u0131n, vizyonlar\u0131n\u0131n s\u00fcrd\u00fcr\u00fclebilir kalk\u0131nma ilkeleri temelinde belirlendi\u011fi, tart\u0131\u015f\u0131ld\u0131\u011f\u0131, \u00e7\u00f6z\u00fcmlerin geli\u015ftirildi\u011fi ortak akl\u0131n ve uzla\u015fman\u0131n esas oldu\u011fu demokratik yap\u0131lar ile y\u00f6neti\u015fim mekanizmalar\u0131n\u0131 ifade eder. S\u00fcrd\u00fcr\u00fclebilir kalk\u0131nma i\u00e7inde \u00e7e\u015fitli toplum kesimlerinin kent y\u00f6netimine katk\u0131da bulunmalar\u0131n\u0131, kaliteli ve ya\u015fanabilir bir kentin y\u00f6netiminde aktif rol almalar\u0131n\u0131 hedefleyen ve g\u00f6n\u00fcll\u00fcl\u00fck esas\u0131nda olu\u015fmu\u015f ortak yap\u0131lard\u0131r\u201d dedi.<br \/>\n\u00a0<br \/>\n\u201cKENT KONSEYLER\u0130 SESS\u0130Z KALMAMALIDIR\u201d<\/p>\n<p>Kent konseylerinden kent y\u00f6netimlerine dahil olmalar\u0131n\u0131 isteyen Ba\u015fkan Engin, \u201cKentimizde bir\u00e7ok defa kent konseylerinin y\u00f6netimleri de\u011fi\u015fti\u011fi halde, kent konseyleri belediye ba\u015fkanlar\u0131n\u0131n ald\u0131\u011f\u0131 kararlar\u0131 onaylamakla yetindiler. Ayk\u0131r\u0131 g\u00f6rd\u00fckleri durumlara kar\u015f\u0131 sessiz kalmay\u0131 ve \u00f6nerilerinin oldu\u011fu yerde c\u0131l\u0131z sesler \u00e7\u0131karmay\u0131 tercih ettiler. Kentin \u00f6n\u00fcndeki engellerin a\u015f\u0131lmas\u0131 i\u00e7in kentin dinamikleri ile g\u00fc\u00e7 birli\u011fi yapmas\u0131 gereken kent konseyleri, belediye ba\u015fkanlar\u0131 ve belediye y\u00f6netimlerinin ald\u0131klar\u0131 kararlara kar\u015f\u0131n; kendi fikir ve g\u00f6r\u00fc\u015flerini iletmekte zay\u0131f kalmaktad\u0131r. Saydaml\u0131k, hesap verebilirlilik, kat\u0131l\u0131m, \u00e7al\u0131\u015fma uyumu, yerindenlik ve etkinlik gibi kriterlere dayanan, \u00e7ok akt\u00f6rl\u00fc ve toplumsal ortakl\u0131klara dayal\u0131 y\u00f6netim anlay\u0131\u015f\u0131n\u0131n \u00fcr\u00fcn\u00fc olmas\u0131 gereken kent konseyleri, \u00e7al\u0131\u015fma prensiplerini ve vizyonlar\u0131n\u0131 g\u00f6zden ge\u00e7irmelidir\u201d \u015feklinde konu\u015ftu.<br \/>\n\u00a0<br \/>\n\u201cALTERNAT\u0130F \u00d6NER\u0130LER GET\u0130R\u0130LMEL\u0130D\u0130R\u201d<\/p>\n<p>\u201cYerel d\u00fczeyde demokratik kat\u0131l\u0131m\u0131n yayg\u0131nla\u015ft\u0131r\u0131lmas\u0131 ve ortak ya\u015fam bilincinin geli\u015ftirilmesi i\u00e7in \u00e7ok ortakl\u0131 y\u00f6netim anlay\u0131\u015f\u0131 benimsenmelidir\u201d diyen Ba\u015fkan Engin a\u00e7\u0131klamalar\u0131n\u0131 \u015fekilde s\u00fcrd\u00fcrd\u00fc: \u201cBelediye Ba\u015fkanlar\u0131n\u0131n ald\u0131klar\u0131 kararlar sorgulanmal\u0131 ve alternatif \u00f6neriler getirmelidirler. Yerel y\u00f6netimlerin daha geni\u015f perspektifte sa\u011flanmas\u0131 i\u00e7in olu\u015fturulan kent konseyleri, toplant\u0131lar\u0131ndan \u00e7\u0131kan fikir ve \u00f6nerilerini daha nitelikli bir \u015fekilde yerel y\u00f6netimlere iletmeli ve takip\u00e7isi olmal\u0131d\u0131r. Prosed\u00fcrde belirtilen aral\u0131klarla toplanmak yerine daha s\u0131k ve geni\u015f kat\u0131l\u0131mla toplanacak kent konseyleri, daha \u00e7ok fikir ortaya koyacakt\u0131r.\u00a0<br \/>\n\u00a0<br \/>\n\u201cBELED\u0130YELER \u0130LE AYNI G\u00d6R\u00dc\u015eTE OLMAK ZORUNDA DE\u011e\u0130LLER\u201d<\/p>\n<p>Demokratik unsurlar\u0131n \u00f6nemli akt\u00f6rleri olmas\u0131 planlanan kent konseylerinde ba\u015fkan adaylar\u0131n\u0131 belediye ba\u015fkanlar\u0131 belirlememeli ve se\u00e7im s\u00fcrecine dahil olmamal\u0131d\u0131r. Bir\u00e7ok kez belediye ba\u015fkanlar\u0131n\u0131n iste\u011fi \u00fczerine konsey ba\u015fkanlar\u0131 istifa etmi\u015ftir. Oysaki kent konseyleri ba\u015fkanlar\u0131 konsey \u00fcyelerinin talebi \u00fczerine istifa etmelidir. Belediyelere tavsiye niteli\u011finde fikir \u00fcreten konseyler belediyeler ile ayn\u0131 g\u00f6r\u00fc\u015fte olmak zorunda de\u011fildir. Fikir ayr\u0131l\u0131klar\u0131n\u0131n oldu\u011fu yerde belediye ba\u015fkanlar\u0131 kent konseylerine kar\u015f\u0131 daha \u0131l\u0131ml\u0131 ve onlar\u0131 dinler nitelikte olmal\u0131d\u0131r.<br \/>\nY\u00f6netmelik gere\u011fi kent konseylerine b\u00fct\u00e7elerinde \u00f6denek ay\u0131rmak suretiyle ayni ve nakdi yard\u0131m yaparak destek sa\u011flayan belediyeler, kent konseylerini bu sebeple himayelerinde tutmaya \u00e7al\u0131\u015fmamal\u0131d\u0131r. Kent konseyleri serbest ve \u00f6zg\u00fcr b\u0131rak\u0131lmal\u0131d\u0131r; belediyelerin alt birimleri olarak g\u00f6r\u00fclmemelidir.<br \/>\n\u00a0<br \/>\n\u201cHALKIN G\u00d6Z\u00dc, KULA\u011eI VE SES\u0130 OLMALIDIR\u201d<\/p>\n<p>Kentimizde meydana gelen bir\u00e7ok olay ve sosyal hareketlilik i\u00e7in fikirlerini bekledi\u011fimiz kent konseyleri son zamanlarda iyice sessizli\u011fe g\u00f6m\u00fclm\u00fc\u015flerdir. Mersin Kent Konseyi ve \u0130l\u00e7e Konseyleri mahalle ve sokaklarda vatanda\u015flar\u0131n talep, \u00f6neri ve \u015fikayetlerini dinleyip, kent esteti\u011fi, yat\u0131r\u0131mlar, hizmetler, \u00e7evre ve kentsel d\u00f6n\u00fc\u015f\u00fcm gibi \u00f6nemli konularda k\u00f6pr\u00fc g\u00f6revi g\u00f6rmelidir. \u00dclkemizde bir\u00e7ok kent konseyinin yapt\u0131\u011f\u0131 gibi; vatanda\u015f\u0131n iletti\u011fi hususlar konsey meclislerinde g\u00f6r\u00fc\u015f\u00fclerek, belediyelere y\u00fcksek sesle iletilmelidir. Kent konseyleri tam anlam\u0131 ile halk\u0131n g\u00f6z\u00fc, kula\u011f\u0131 ve sesi olmal\u0131d\u0131r.\u201d\u00a0<\/p>\n","protected":false},"excerpt":{"rendered":"<p>BA\u015eKAN ENG\u0130N: KENT KONSEYLER\u0130 SAHAYA \u0130NMEL\u0130 Kent Konseylerinden sahaya inmelerini isteyen MES\u0130AD Ba\u015fkan\u0131 Hasan Engin, \u201cUzun zamand\u0131r sessizli\u011fe g\u00f6m\u00fclen Kent Konseyleri vatanda\u015flar\u0131n talep, \u00f6neri ve \u015fikayetlerinidinleyip, kent esteti\u011fi, yat\u0131r\u0131mlar, hizmetler, &hellip; <a href=\"https:\/\/akdenizolaygazetesi.com\/?p=8277\" class=\"more-link\">Devam\u0131n\u0131 Oku&#8230;<\/a><\/p>\n","protected":false},"author":1,"featured_media":0,"comment_status":"open","ping_status":"open","sticky":false,"template":"","format":"standard","meta":[],"categories":[],"tags":[],"_links":{"self":[{"href":"https:\/\/akdenizolaygazetesi.com\/index.php?rest_route=\/wp\/v2\/posts\/8277"}],"collection":[{"href":"https:\/\/akdenizolaygazetesi.com\/index.php?rest_route=\/wp\/v2\/posts"}],"about":[{"href":"https:\/\/akdenizolaygazetesi.com\/index.php?rest_route=\/wp\/v2\/types\/post"}],"author":[{"embeddable":true,"href":"https:\/\/akdenizolaygazetesi.com\/index.php?rest_route=\/wp\/v2\/users\/1"}],"replies":[{"embeddable":true,"href":"https:\/\/akdenizolaygazetesi.com\/index.php?rest_route=%2Fwp%2Fv2%2Fcomments&post=8277"}],"version-history":[{"count":0,"href":"https:\/\/akdenizolaygazetesi.com\/index.php?rest_route=\/wp\/v2\/posts\/8277\/revisions"}],"wp:attachment":[{"href":"https:\/\/akdenizolaygazetesi.com\/index.php?rest_route=%2Fwp%2Fv2%2Fmedia&parent=8277"}],"wp:term":[{"taxonomy":"category","embeddable":true,"href":"https:\/\/akdenizolaygazetesi.com\/index.php?rest_route=%2Fwp%2Fv2%2Fcategories&post=8277"},{"taxonomy":"post_tag","embeddable":true,"href":"https:\/\/akdenizolaygazetesi.com\/index.php?rest_route=%2Fwp%2Fv2%2Ftags&post=8277"}],"curies":[{"name":"wp","href":"https:\/\/api.w.org\/{rel}","templated":true}]}}