{"id":8279,"date":"2020-11-04T18:28:44","date_gmt":"2020-11-04T15:28:44","guid":{"rendered":"http:\/\/mersinekonomipolitikagazetesi.com\/?p=8279"},"modified":"2020-11-04T18:28:44","modified_gmt":"2020-11-04T15:28:44","slug":"talihsiz-bir-sekilde-vuruldu","status":"publish","type":"post","link":"https:\/\/akdenizolaygazetesi.com\/?p=8279","title":{"rendered":"&#8220;Talihsiz  bir \u015fekilde  vuruldu&#8221;"},"content":{"rendered":"<p>Eski e\u015fini sokak ortas\u0131nda vuran san\u0131k pes dedirtti:<\/p>\n<p>Mersin&#8217;de ge\u00e7en y\u0131l sokak ortas\u0131nda 2 \u00e7ocuk annesi eski kar\u0131s\u0131n\u0131 pompal\u0131 t\u00fcfekle vurup, a\u011f\u0131r yaralayan san\u0131k \u00d6zkan Y.&#8217;nin yarg\u0131lanmas\u0131na devam edildi. Eski e\u015fini \u00f6ld\u00fcrmeyi hi\u00e7bir zaman d\u00fc\u015f\u00fcnmedi\u011fini iddia eden san\u0131k, Hatun K.&#8217;nin talihsiz bir \u015fekilde vuruldu\u011funu s\u00f6yledi.\u00a0<br \/>\nMersin 4. A\u011f\u0131r Ceza Mahkemesindeki 4. duru\u015fmaya tutuklu san\u0131k \u00d6zkan Y. SEGB\u0130S ile kat\u0131l\u0131rken, korona vir\u00fcs salg\u0131n\u0131 dolay\u0131s\u0131yla mahkeme salonuna sadece taraf avukatlar\u0131 al\u0131nd\u0131. Duru\u015fmaya rahats\u0131zl\u0131\u011f\u0131 dolay\u0131s\u0131yla Hatun K. kat\u0131lmad\u0131.\u00a0<br \/>\nDuru\u015fmada iddia makam\u0131 adli t\u0131ptan gelecek raporun beklenmesini, san\u0131\u011f\u0131n tutukluluk halinin devam etmesini talep etti.\u00a0<br \/>\nSan\u0131k \u00d6zkan Y. ise s\u00f6yledikleriyle pes dedirtti. Eski e\u015fini hi\u00e7bir zaman \u00f6ld\u00fcrmeyi d\u00fc\u015f\u00fcnmedi\u011fini kaydeden \u00d6zkan Y., &#8220;\u00c7ocu\u011fumuzu kendisinden almak i\u00e7in olay g\u00fcn\u00fc kendisi beni aram\u0131\u015ft\u0131r. Hatta di\u011fer e\u015finden olan \u00e7ocu\u011funu da istedi\u011fi yere birlikte b\u0131rakt\u0131k. Ben \u00f6ld\u00fcrecek olsam ilk bulu\u015ftu\u011fumuzda \u00f6ld\u00fcr\u00fcrd\u00fcm. Eski e\u015fim talihsiz bir \u015fekilde vuruldu. Olaydan dolay\u0131 pi\u015fman\u0131m. 16 ayd\u0131r cezaevindeyim. D\u00fckkan\u0131m kapal\u0131. Annem ve babam ya\u015fl\u0131. Tahliyemi talep ediyorum&#8221; dedi. M\u00fc\u015fteki avukatlar\u0131 da iddia makam\u0131n\u0131n iddianamesine kat\u0131ld\u0131klar\u0131n\u0131, raporun gelmesinden sonra detayl\u0131 savunma yapacaklar\u0131n\u0131 ve san\u0131\u011f\u0131n tutukluluk halinin devam etmesini istedi.\u00a0<\/p>\n","protected":false},"excerpt":{"rendered":"<p>Eski e\u015fini sokak ortas\u0131nda vuran san\u0131k pes dedirtti: Mersin&#8217;de ge\u00e7en y\u0131l sokak ortas\u0131nda 2 \u00e7ocuk annesi eski kar\u0131s\u0131n\u0131 pompal\u0131 t\u00fcfekle vurup, a\u011f\u0131r yaralayan san\u0131k \u00d6zkan Y.&#8217;nin yarg\u0131lanmas\u0131na devam edildi. Eski &hellip; <a href=\"https:\/\/akdenizolaygazetesi.com\/?p=8279\" class=\"more-link\">Devam\u0131n\u0131 Oku&#8230;<\/a><\/p>\n","protected":false},"author":1,"featured_media":0,"comment_status":"open","ping_status":"open","sticky":false,"template":"","format":"standard","meta":[],"categories":[],"tags":[],"_links":{"self":[{"href":"https:\/\/akdenizolaygazetesi.com\/index.php?rest_route=\/wp\/v2\/posts\/8279"}],"collection":[{"href":"https:\/\/akdenizolaygazetesi.com\/index.php?rest_route=\/wp\/v2\/posts"}],"about":[{"href":"https:\/\/akdenizolaygazetesi.com\/index.php?rest_route=\/wp\/v2\/types\/post"}],"author":[{"embeddable":true,"href":"https:\/\/akdenizolaygazetesi.com\/index.php?rest_route=\/wp\/v2\/users\/1"}],"replies":[{"embeddable":true,"href":"https:\/\/akdenizolaygazetesi.com\/index.php?rest_route=%2Fwp%2Fv2%2Fcomments&post=8279"}],"version-history":[{"count":0,"href":"https:\/\/akdenizolaygazetesi.com\/index.php?rest_route=\/wp\/v2\/posts\/8279\/revisions"}],"wp:attachment":[{"href":"https:\/\/akdenizolaygazetesi.com\/index.php?rest_route=%2Fwp%2Fv2%2Fmedia&parent=8279"}],"wp:term":[{"taxonomy":"category","embeddable":true,"href":"https:\/\/akdenizolaygazetesi.com\/index.php?rest_route=%2Fwp%2Fv2%2Fcategories&post=8279"},{"taxonomy":"post_tag","embeddable":true,"href":"https:\/\/akdenizolaygazetesi.com\/index.php?rest_route=%2Fwp%2Fv2%2Ftags&post=8279"}],"curies":[{"name":"wp","href":"https:\/\/api.w.org\/{rel}","templated":true}]}}