{"id":8280,"date":"2020-11-04T18:28:44","date_gmt":"2020-11-04T15:28:44","guid":{"rendered":"http:\/\/mersinekonomipolitikagazetesi.com\/?p=8280"},"modified":"2020-11-04T18:28:44","modified_gmt":"2020-11-04T15:28:44","slug":"uc-yildir-tadilat-bekleyen-tarsus-75-yil-kultur-merkezi-yeniden-hizmete-acilacak","status":"publish","type":"post","link":"https:\/\/akdenizolaygazetesi.com\/?p=8280","title":{"rendered":"\u00dc\u00e7 y\u0131ld\u0131r tadilat bekleyen Tarsus 75. Y\u0131l K\u00fclt\u00fcr Merkezi, yeniden hizmete a\u00e7\u0131lacak"},"content":{"rendered":"<p><span style=\"line-height: 1.6em;\">Mersin\u2019in Tarsus Belediyesi, 3 y\u0131ld\u0131r tadilat bekleyen 75. Y\u0131l K\u00fclt\u00fcr Merkezi i\u00e7in \u00e7al\u0131\u015fmalara ba\u015flad\u0131. Tarsus Belediye Ba\u015fkan\u0131 Haluk Bozdo\u011fan, Mersin \u0130l K\u00fclt\u00fcr ve Turizm M\u00fcd\u00fcr\u00fc Emre Duru ile k\u00fclt\u00fcr merkezinin tahsisine ili\u015fkin protokol detaylar\u0131n\u0131 g\u00f6r\u00fc\u015ft\u00fc.\u00a0<\/span><\/p>\n<p>Tarsus Belediyesi, kentin sosyal, k\u00fclt\u00fcrel ve sanatsal faaliyetlerine ev sahipli\u011fini yapan 75. Y\u0131l K\u00fclt\u00fcr Merkezinin kap\u0131lar\u0131n\u0131 yeniden hizmete a\u00e7mas\u0131 i\u00e7in harekete ge\u00e7ti. Belediye Ba\u015fkan\u0131 Bozdo\u011fan, ge\u00e7en haftalarda 75. Y\u0131l K\u00fct\u00fcr Merkezinin tahsisi i\u00e7in Ankara\u2019ya giderek, TBMM Plan ve B\u00fct\u00e7e Komisyonu Ba\u015fkan\u0131 L\u00fctfi Elvan ile bir araya geldi. Ankara\u2019dan mutlu d\u00f6n\u00fcn Ba\u015fkan Bozdo\u011fan, 3 y\u0131ld\u0131r tadilat bekleyen k\u00fclt\u00fcr merkezinin yeniden sanatseverlerle bulu\u015faca\u011f\u0131n\u0131 bildirdi.\u00a0<br \/>\nMersin \u0130l K\u00fclt\u00fcr ve Turizm M\u00fcd\u00fcr\u00fc Emre Duru\u2019yu da makam\u0131nda ziyaret eden Ba\u015fkan Bozdo\u011fan ve beraberindeki heyet, 75. Y\u0131l K\u00fclt\u00fcr Merkezinin tahsisine ili\u015fkin protokol detaylar\u0131n\u0131 g\u00f6r\u00fc\u015ft\u00fc. Tarsus\u2019un edebiyat\u0131n, sanat\u0131n ve k\u00fclt\u00fcrel ya\u015fam\u0131n \u00f6rnek kentlerinden birisi olma yolunda \u00e7al\u0131\u015fmalar\u0131n\u0131 s\u00fcrd\u00fcrd\u00fcklerini ifade eden Bozdo\u011fan, Tarsus nabz\u0131n\u0131n k\u00fclt\u00fcr ve sanatla ataca\u011f\u0131n\u0131 s\u00f6yledi.\u00a0<\/p>\n","protected":false},"excerpt":{"rendered":"<p>Mersin\u2019in Tarsus Belediyesi, 3 y\u0131ld\u0131r tadilat bekleyen 75. Y\u0131l K\u00fclt\u00fcr Merkezi i\u00e7in \u00e7al\u0131\u015fmalara ba\u015flad\u0131. Tarsus Belediye Ba\u015fkan\u0131 Haluk Bozdo\u011fan, Mersin \u0130l K\u00fclt\u00fcr ve Turizm M\u00fcd\u00fcr\u00fc Emre Duru ile k\u00fclt\u00fcr merkezinin &hellip; <a href=\"https:\/\/akdenizolaygazetesi.com\/?p=8280\" class=\"more-link\">Devam\u0131n\u0131 Oku&#8230;<\/a><\/p>\n","protected":false},"author":1,"featured_media":0,"comment_status":"open","ping_status":"open","sticky":false,"template":"","format":"standard","meta":[],"categories":[],"tags":[],"_links":{"self":[{"href":"https:\/\/akdenizolaygazetesi.com\/index.php?rest_route=\/wp\/v2\/posts\/8280"}],"collection":[{"href":"https:\/\/akdenizolaygazetesi.com\/index.php?rest_route=\/wp\/v2\/posts"}],"about":[{"href":"https:\/\/akdenizolaygazetesi.com\/index.php?rest_route=\/wp\/v2\/types\/post"}],"author":[{"embeddable":true,"href":"https:\/\/akdenizolaygazetesi.com\/index.php?rest_route=\/wp\/v2\/users\/1"}],"replies":[{"embeddable":true,"href":"https:\/\/akdenizolaygazetesi.com\/index.php?rest_route=%2Fwp%2Fv2%2Fcomments&post=8280"}],"version-history":[{"count":0,"href":"https:\/\/akdenizolaygazetesi.com\/index.php?rest_route=\/wp\/v2\/posts\/8280\/revisions"}],"wp:attachment":[{"href":"https:\/\/akdenizolaygazetesi.com\/index.php?rest_route=%2Fwp%2Fv2%2Fmedia&parent=8280"}],"wp:term":[{"taxonomy":"category","embeddable":true,"href":"https:\/\/akdenizolaygazetesi.com\/index.php?rest_route=%2Fwp%2Fv2%2Fcategories&post=8280"},{"taxonomy":"post_tag","embeddable":true,"href":"https:\/\/akdenizolaygazetesi.com\/index.php?rest_route=%2Fwp%2Fv2%2Ftags&post=8280"}],"curies":[{"name":"wp","href":"https:\/\/api.w.org\/{rel}","templated":true}]}}