{"id":8281,"date":"2020-11-04T18:28:44","date_gmt":"2020-11-04T15:28:44","guid":{"rendered":"http:\/\/mersinekonomipolitikagazetesi.com\/?p=8281"},"modified":"2020-11-04T18:28:44","modified_gmt":"2020-11-04T15:28:44","slug":"mersin-avrupa-hareketlilik-haftasina-hazirlaniyor","status":"publish","type":"post","link":"https:\/\/akdenizolaygazetesi.com\/?p=8281","title":{"rendered":"Mersin, Avrupa Hareketlilik Haftas\u0131na haz\u0131rlan\u0131yor"},"content":{"rendered":"<p><span style=\"line-height: 1.6em;\">Mersin B\u00fcy\u00fck\u015fehir Belediyesi, 16-22 Eyl\u00fcl tarihleri aras\u0131nda ger\u00e7ekle\u015ftirilen Avrupa Hareketlilik Haftas\u0131 kapsam\u0131nda kentte s\u0131f\u0131r emisyonlu ula\u015f\u0131m\u0131 te\u015fvik eden bir dizi etkinlik d\u00fczenleyecek. Etkinli\u011fin a\u00e7\u0131l\u0131\u015f\u0131n\u0131 yar\u0131n Mersin B\u00fcy\u00fck\u015fehir Belediye Ba\u015fkan\u0131 Vahap Se\u00e7er bisikletle Ta\u015f Bina\u2019ya gelerek yapacak.\u00a0<\/span><\/p>\n<p>Kentleri ve belediyeleri s\u00fcrd\u00fcr\u00fclebilir ula\u015f\u0131m tedbirleri almaya ve desteklemeye te\u015fvik eden ve 16-22 Eyl\u00fcl tarihleri aras\u0131nda d\u00fcnyan\u0131n her yerinde kutlanan Avrupa Hareketlilik Haftas\u0131 kapsam\u0131nda Mersin B\u00fcy\u00fck\u015fehir Belediyesi, kentte s\u0131f\u0131r emisyonlu ula\u015f\u0131m\u0131 te\u015fvik eden bir dizi etkinlik ger\u00e7ekle\u015ftirecek. Etkinli\u011fin a\u00e7\u0131l\u0131\u015f\u0131n\u0131 Ba\u015fkan Se\u00e7er bisikletle Ta\u015f Bina\u2019ya gelerek yapacak. Daire ba\u015fkanlar\u0131 ve bisiklet derneklerinin kat\u0131l\u0131m\u0131yla ger\u00e7ekle\u015fecek etkinlikle bisikletin alternatif ula\u015f\u0131m olarak kullan\u0131lmas\u0131na dikkat \u00e7ekilecek. Hafta s\u00fcresince vatanda\u015flar\u0131n motorlu ara\u00e7lar yerine alternatif ula\u015f\u0131m metotlar\u0131yla seyahate y\u00f6neltilmesi ama\u00e7lanacak.\u00a0<br \/>\nUla\u015f\u0131m Dairesi Ba\u015fkanl\u0131\u011f\u0131 ba\u015fta olmak \u00fczere B\u00fcy\u00fck\u015fehir Belediyesinin bir\u00e7ok dairesi, hafta s\u00fcresince bisiklet kullan\u0131m\u0131n\u0131n ve yaya yollar\u0131n\u0131n art\u0131r\u0131lmas\u0131, vatanda\u015flar\u0131n motorlu ara\u00e7lar yerine alternatif ula\u015f\u0131m metotlar\u0131yla seyahate y\u00f6nelmesini ama\u00e7layacak. Hareketlilik Haftas\u0131 kapsam\u0131nda, belediyelerin ula\u015f\u0131m planlamas\u0131n\u0131n ve toplu ula\u015f\u0131m sisteminin geli\u015ftirilmesi, bisiklet ve yaya yollar\u0131n\u0131n art\u0131r\u0131lmas\u0131, vatanda\u015flar\u0131n ise bireysel ara\u00e7lar yerine alternatif ula\u015f\u0131m metotlar\u0131yla seyahat etmesinin te\u015fvik edilmesi ama\u00e7lan\u0131yor.\u00a0<\/p>\n<p>Ba\u015fkan Se\u00e7er \u00f6nc\u00fcl\u00fc\u011f\u00fcnde Tarsus\u2019ta bisiklet turu d\u00fczenlenecek\u00a0<br \/>\nGen\u00e7lik ve Spor Hizmetleri Dairesi Ba\u015fkanl\u0131\u011f\u0131 ve 15 ki\u015filik ekibinin \u00f6nc\u00fcl\u00fc\u011f\u00fcnde 17 Eyl\u00fcl\u2019de K\u00fclt\u00fcr Parkta vatanda\u015flar\u0131 bilin\u00e7lendirici etkinlikler d\u00fczenlenecek. Hafta boyunca emisyonu azalt\u0131c\u0131 yap\u0131lan t\u00fcm \u00f6rnek davran\u0131\u015flar\u0131n #MBBhareketlilik etiketiyle sosyal medyada payla\u015f\u0131lmas\u0131 istenecek. 19 Eyl\u00fcl\u2019de Tarsus il\u00e7esinde Ba\u015fkan Se\u00e7er ve bisiklet derneklerinin \u00f6nc\u00fcl\u00fc\u011f\u00fcnde \u2018Tarsus Bisiklet Turu\u2019 d\u00fczenlenecek. 20 Eyl\u00fcl\u2019de Kad\u0131n ve Aile Hizmetleri Dairesi Ba\u015fkanl\u0131\u011f\u0131, \u00e7ocuklara K\u00fclt\u00fcr Park i\u00e7erisinde haftan\u0131n \u00f6nemini belirten resim yar\u0131\u015fmas\u0131 d\u00fczenleyerek dereceye girenleri \u00f6d\u00fcllendirecek.\u00a0<\/p>\n<p>Etkinlik haftas\u0131nda, belirli saatlerde KentBis bisikletleri \u00fccretsiz olacak\u00a0<br \/>\nPark ve Bah\u00e7eler Dairesi Ba\u015fkanl\u0131\u011f\u0131 koordinasyonunda, s\u0131f\u0131r emisyonlu hareketlili\u011fi desteklemek amac\u0131yla belirlenen saatler aras\u0131nda B\u00fcy\u00fck\u015fehir Belediyesinin bisikletlerinden vatanda\u015flar \u00fccretsiz olarak yararlanabilecek. Sahilde, Mersinlilerin hem ula\u015f\u0131m arac\u0131 olarak hem de sahil gezisi ama\u00e7l\u0131 kulland\u0131\u011f\u0131 scooterlar da 21 Eyl\u00fcl\u2019de belirli saatler aras\u0131nda \u00fccretsiz olacak.\u00a0<br \/>\nEtkinli\u011fin son g\u00fcn\u00fc olan 22 Eyl\u00fcl\u2019de ise kent merkezinde belirlenen bir b\u00f6lge belirli saatler aras\u0131nda trafi\u011fe kapat\u0131lacak. \u2018Arabas\u0131z g\u00fcn\u2019 olarak bilinen etkinlikte trafi\u011fe kapat\u0131lan b\u00f6lgeye s\u0131f\u0131r emisyon temas\u0131na uygun afi\u015fler as\u0131lacak.\u00a0<\/p>\n","protected":false},"excerpt":{"rendered":"<p>Mersin B\u00fcy\u00fck\u015fehir Belediyesi, 16-22 Eyl\u00fcl tarihleri aras\u0131nda ger\u00e7ekle\u015ftirilen Avrupa Hareketlilik Haftas\u0131 kapsam\u0131nda kentte s\u0131f\u0131r emisyonlu ula\u015f\u0131m\u0131 te\u015fvik eden bir dizi etkinlik d\u00fczenleyecek. Etkinli\u011fin a\u00e7\u0131l\u0131\u015f\u0131n\u0131 yar\u0131n Mersin B\u00fcy\u00fck\u015fehir Belediye Ba\u015fkan\u0131 Vahap &hellip; <a href=\"https:\/\/akdenizolaygazetesi.com\/?p=8281\" class=\"more-link\">Devam\u0131n\u0131 Oku&#8230;<\/a><\/p>\n","protected":false},"author":1,"featured_media":0,"comment_status":"open","ping_status":"open","sticky":false,"template":"","format":"standard","meta":[],"categories":[],"tags":[],"_links":{"self":[{"href":"https:\/\/akdenizolaygazetesi.com\/index.php?rest_route=\/wp\/v2\/posts\/8281"}],"collection":[{"href":"https:\/\/akdenizolaygazetesi.com\/index.php?rest_route=\/wp\/v2\/posts"}],"about":[{"href":"https:\/\/akdenizolaygazetesi.com\/index.php?rest_route=\/wp\/v2\/types\/post"}],"author":[{"embeddable":true,"href":"https:\/\/akdenizolaygazetesi.com\/index.php?rest_route=\/wp\/v2\/users\/1"}],"replies":[{"embeddable":true,"href":"https:\/\/akdenizolaygazetesi.com\/index.php?rest_route=%2Fwp%2Fv2%2Fcomments&post=8281"}],"version-history":[{"count":0,"href":"https:\/\/akdenizolaygazetesi.com\/index.php?rest_route=\/wp\/v2\/posts\/8281\/revisions"}],"wp:attachment":[{"href":"https:\/\/akdenizolaygazetesi.com\/index.php?rest_route=%2Fwp%2Fv2%2Fmedia&parent=8281"}],"wp:term":[{"taxonomy":"category","embeddable":true,"href":"https:\/\/akdenizolaygazetesi.com\/index.php?rest_route=%2Fwp%2Fv2%2Fcategories&post=8281"},{"taxonomy":"post_tag","embeddable":true,"href":"https:\/\/akdenizolaygazetesi.com\/index.php?rest_route=%2Fwp%2Fv2%2Ftags&post=8281"}],"curies":[{"name":"wp","href":"https:\/\/api.w.org\/{rel}","templated":true}]}}