{"id":8282,"date":"2020-11-04T18:28:44","date_gmt":"2020-11-04T15:28:44","guid":{"rendered":"http:\/\/mersinekonomipolitikagazetesi.com\/?p=8282"},"modified":"2020-11-04T18:28:44","modified_gmt":"2020-11-04T15:28:44","slug":"olu-baliklar-golet-kiyisina-vurdu","status":"publish","type":"post","link":"https:\/\/akdenizolaygazetesi.com\/?p=8282","title":{"rendered":"\u00d6l\u00fc bal\u0131klar g\u00f6let k\u0131y\u0131s\u0131na VURDU!"},"content":{"rendered":"<p>Mersin&#8217;in Erdemli il\u00e7esinde \u00f6l\u00fc bal\u0131klar\u0131n k\u0131y\u0131ya vurdu\u011fu g\u00f6letle ilgili inceleme ba\u015flat\u0131ld\u0131.<br \/>\nMahalle muhtar\u0131 Musa \u00c7etin: &#8220;\u0130\u00e7ler ac\u0131s\u0131 bir durum, \u00e7ok \u00fczg\u00fcn\u00fcz, ne gerekiyorsa yap\u0131lmas\u0131n\u0131 talep ediyoruz.&#8221;<\/p>\n<p>Mersin&#8217;in Erdemli il\u00e7esindeki Esenp\u0131nar G\u00f6leti&#8217;nde bal\u0131k \u00f6l\u00fcmleri ya\u015fanmas\u0131 \u00fczerine, g\u00f6letten numuneler al\u0131n\u0131p inceleme ba\u015flat\u0131ld\u0131.\u00a0<br \/>\n\u0130l\u00e7eye ba\u011fl\u0131 Esenp\u0131nar Mahallesi&#8217;ndeki g\u00f6lette bilinmeyen bir nedenle son bir haftada bal\u0131k \u00f6l\u00fcmleri ya\u015fand\u0131. Mahalleli gen\u00e7lerin haber vermesi \u00fczerine Esenp\u0131nar Muhtar\u0131 Musa \u00c7etin, g\u00f6let \u00e7evresinde incelemede bulundu. Ard\u0131ndan da durumu Erdemli \u0130l\u00e7e Tar\u0131m ve Orman M\u00fcd\u00fcrl\u00fc\u011f\u00fc yetkililerine haber verdi. \u00c7etin, bal\u0131k \u00f6l\u00fcmlerinin nedeninin belirlenmesini ve yetkililerden bal\u0131k \u00f6l\u00fcmlerinin \u00f6n\u00fcne ge\u00e7ilmesi i\u00e7in kendilerine yard\u0131mc\u0131 olmalar\u0131n\u0131 istedi.\u00a0<\/p>\n<p>&#8220;\u0130\u00e7ler ac\u0131s\u0131 bir durum, \u00e7ok \u00fczg\u00fcn\u00fcz&#8221;<br \/>\n\u00a0<br \/>\nEsenp\u0131nar Mahalle Muhtar\u0131 Musa \u00c7etin, &#8220;Yakla\u015f\u0131k 15-20 y\u0131ld\u0131r Esenp\u0131nar G\u00f6letimizde b\u00f6yle bal\u0131k \u00f6l\u00fcmleri gibi hi\u00e7bir s\u0131k\u0131nt\u0131m\u0131z olmad\u0131. \u0130lk defa b\u00f6yle bir \u015fey ba\u015f\u0131m\u0131za geliyor. Sebebini bilmiyoruz, bilmedi\u011fimiz i\u00e7in de il\u00e7e tar\u0131m ve orman m\u00fcd\u00fcrl\u00fc\u011f\u00fcn\u00fc arad\u0131k. Ekip geldi, gerekli incelemeyi yapt\u0131, numuneler ald\u0131. Ama i\u00e7ler ac\u0131s\u0131 bir durum, \u00e7ok \u00fczg\u00fcn\u00fcz. Ne gerekiyorsa yap\u0131lmas\u0131n\u0131 talep ediyoruz&#8221; dedi.\u00a0<br \/>\nAc\u0131 tabloyu mahalleli gen\u00e7lerin fark etti\u011fini anlatan \u00c7etin, &#8220;Gen\u00e7ler, &#8216;G\u00f6letimizde bal\u0131klar \u00f6lm\u00fc\u015f, o durumu ifade edemiyoruz&#8217; dediler. Durum \u00fczerine gelip incelemeleri yapt\u0131k. \u00dczg\u00fcn\u00fcz ve s\u00f6yleyecek bir kelime bulam\u0131yoruz&#8221; diye konu\u015ftu.\u00a0<br \/>\n\u00c7ift\u00e7iler taraf\u0131ndan tar\u0131msal sulama yap\u0131lan g\u00f6lete g\u00f6zleri gibi bakt\u0131klar\u0131n\u0131 da dile getiren \u00c7etin, ya\u015fanan bal\u0131k \u00f6l\u00fcmlerinin nedeninin belirlenip, ya\u015fanan bal\u0131k \u00f6l\u00fcmlerinin \u00f6n\u00fcne ge\u00e7ilmesini istedi.\u00a0<br \/>\nBal\u0131klar\u0131n \u00f6l\u00fcm nedeni ise Erdemli \u0130l\u00e7e Tar\u0131m ve Orman M\u00fcd\u00fcrl\u00fc\u011f\u00fc ekiplerince al\u0131nan su ve bal\u0131k numunelerinin analizinin ard\u0131ndan ortaya \u00e7\u0131kacak. \u00a0<\/p>\n","protected":false},"excerpt":{"rendered":"<p>Mersin&#8217;in Erdemli il\u00e7esinde \u00f6l\u00fc bal\u0131klar\u0131n k\u0131y\u0131ya vurdu\u011fu g\u00f6letle ilgili inceleme ba\u015flat\u0131ld\u0131. Mahalle muhtar\u0131 Musa \u00c7etin: &#8220;\u0130\u00e7ler ac\u0131s\u0131 bir durum, \u00e7ok \u00fczg\u00fcn\u00fcz, ne gerekiyorsa yap\u0131lmas\u0131n\u0131 talep ediyoruz.&#8221; Mersin&#8217;in Erdemli il\u00e7esindeki Esenp\u0131nar &hellip; <a href=\"https:\/\/akdenizolaygazetesi.com\/?p=8282\" class=\"more-link\">Devam\u0131n\u0131 Oku&#8230;<\/a><\/p>\n","protected":false},"author":1,"featured_media":0,"comment_status":"open","ping_status":"open","sticky":false,"template":"","format":"standard","meta":[],"categories":[],"tags":[],"_links":{"self":[{"href":"https:\/\/akdenizolaygazetesi.com\/index.php?rest_route=\/wp\/v2\/posts\/8282"}],"collection":[{"href":"https:\/\/akdenizolaygazetesi.com\/index.php?rest_route=\/wp\/v2\/posts"}],"about":[{"href":"https:\/\/akdenizolaygazetesi.com\/index.php?rest_route=\/wp\/v2\/types\/post"}],"author":[{"embeddable":true,"href":"https:\/\/akdenizolaygazetesi.com\/index.php?rest_route=\/wp\/v2\/users\/1"}],"replies":[{"embeddable":true,"href":"https:\/\/akdenizolaygazetesi.com\/index.php?rest_route=%2Fwp%2Fv2%2Fcomments&post=8282"}],"version-history":[{"count":0,"href":"https:\/\/akdenizolaygazetesi.com\/index.php?rest_route=\/wp\/v2\/posts\/8282\/revisions"}],"wp:attachment":[{"href":"https:\/\/akdenizolaygazetesi.com\/index.php?rest_route=%2Fwp%2Fv2%2Fmedia&parent=8282"}],"wp:term":[{"taxonomy":"category","embeddable":true,"href":"https:\/\/akdenizolaygazetesi.com\/index.php?rest_route=%2Fwp%2Fv2%2Fcategories&post=8282"},{"taxonomy":"post_tag","embeddable":true,"href":"https:\/\/akdenizolaygazetesi.com\/index.php?rest_route=%2Fwp%2Fv2%2Ftags&post=8282"}],"curies":[{"name":"wp","href":"https:\/\/api.w.org\/{rel}","templated":true}]}}