{"id":8283,"date":"2020-11-04T18:28:44","date_gmt":"2020-11-04T15:28:44","guid":{"rendered":"http:\/\/mersinekonomipolitikagazetesi.com\/?p=8283"},"modified":"2020-11-04T18:28:44","modified_gmt":"2020-11-04T15:28:44","slug":"avokado-toplandigi-gun-ihracat-yolculuguna-cikiyor","status":"publish","type":"post","link":"https:\/\/akdenizolaygazetesi.com\/?p=8283","title":{"rendered":"Avokado topland\u0131\u011f\u0131 g\u00fcn ihracat yolculu\u011funa \u00e7\u0131k\u0131yor"},"content":{"rendered":"<p>Mersin&#8217;in Erdemli il\u00e7esinde \u00fcreticilerden yo\u011fun ilgi g\u00f6ren avokado, portakal ve mandalinaya alternatif \u00fcr\u00fcn oldu. \u0130l\u00e7eye ba\u011fl\u0131 \u00c7e\u015fmeli, Karg\u0131p\u0131nar\u0131 ve T\u00f6m\u00fck Mahalleleri ba\u015fta olmak \u00fczere \u00fcretim alan\u0131 650-700 dekara ula\u015f\u0131rken, bu y\u0131l il\u00e7ede rekolte 2 bin tona ula\u015ft\u0131. Hasat edilen \u00fcr\u00fcnlerin y\u00fczde 90&#8217;\u0131 sebze ve narenciye \u00fcr\u00fcnleriyle birlikte hasad\u0131n yap\u0131ld\u0131\u011f\u0131 g\u00fcn ihracat yolculu\u011funa \u00e7\u0131k\u0131yor.\u00a0<br \/>\nErdemli Ziraat Odas\u0131 (EZO) Ba\u015fkan\u0131 Rasim \u015eahin, il\u00e7ede s\u0131f\u0131r rak\u0131m ile 500 rak\u0131mlar\u0131 aras\u0131nda avokado yeti\u015ftiricili\u011finin yayg\u0131nla\u015ft\u0131\u011f\u0131n\u0131 kendilerinin de \u00e7ift\u00e7ileri avokado \u00fcretimine te\u015fvik ettiklerini s\u00f6yledi.\u00a0<br \/>\nSa\u011fl\u0131\u011fa faydalar\u0131yla bilinen avokadonun son y\u0131llar\u0131n \u00f6ne \u00e7\u0131kan meyvelerinden oldu\u011funu belirten \u015eahin, &#8220;Erdemli genelinde 650-700 dekar alanda 2 bin ton \u00fcr\u00fcn yeti\u015ftirilmektedir. Avokado hem yurt i\u00e7inde hem de yurt d\u0131\u015f\u0131ndan talep g\u00f6rmektedir. \u00dcr\u00fcn dal\u0131nda yakla\u015f\u0131k olarak 15 liraya sat\u0131lmaktad\u0131r. \u00dcretim alan\u0131 ve miktar\u0131n\u0131n \u00f6n\u00fcm\u00fczdeki y\u0131llarda h\u0131zla artmas\u0131n\u0131 bekliyoruz&#8221; dedi.\u00a0<br \/>\nB\u00f6lgede avokado yeti\u015ftiricili\u011fi yapan ayn\u0131 zamanda ihracat\u0131n\u0131 da ger\u00e7ekle\u015ftiren \u00e7ift\u00e7i Muhittin Aslan, tavsiye \u00fczerine 5 d\u00f6nemle ba\u015flad\u0131\u011f\u0131 \u00fcretimini pazar sorunu ya\u015famad\u0131\u011f\u0131 i\u00e7in 20 d\u00f6n\u00fcm\u00fcn \u00fczerine \u00e7\u0131kard\u0131\u011f\u0131n\u0131 belirtti.\u00a0<\/p>\n<p>&#8220;\u0130la\u00e7 ve g\u00fcbre kullan\u0131lm\u0131yor&#8221;<br \/>\n\u00a0<br \/>\nAvokadonun ila\u00e7 ve g\u00fcbre kullan\u0131lmadan organik olarak yeti\u015ftirildi\u011fini dile getiren Aslan, &#8220;Avokadoya her ge\u00e7en g\u00fcn talep artarken, gerek Mersin&#8217;de gerekse Antalya&#8217;da \u00fcretim alan\u0131 da geni\u015fliyor. Hedefimiz daha \u00e7ok ihracat. \u00dcr\u00fcnlerimiz Orta Do\u011fu b\u00f6lgesi, Azerbaycan, G\u00fcrcistan, Ukrayna, Rusya, bat\u0131 tarafta Balkan \u00dclkelerine gidiyor. Yava\u015f yava\u015fta Avrupa \u00fclkelerine ba\u015flayaca\u011f\u0131na inan\u0131yoruz. \u015euanda \u00fcr\u00fcn b\u00fct\u00fcn \u00fclkelere g\u00f6nderecek kadar da yeterli de\u011fil&#8221; dedi.\u00a0<\/p>\n<p>&#8220;Topland\u0131\u011f\u0131 g\u00fcn ihra\u00e7 ediliyor&#8221;<br \/>\n\u00a0<br \/>\n\u00dcr\u00fcn\u00fcn topland\u0131\u011f\u0131 g\u00fcn di\u011fer narenciye \u00fcr\u00fcnleriyle birlikte ihracat yolculu\u011funa \u00e7\u0131kt\u0131\u011f\u0131n\u0131 ve b\u00f6lge olarak bunun avantaj\u0131n\u0131 ya\u015fad\u0131klar\u0131n\u0131 ifade eden Aslan, &#8220;Biz burada sebze meyvenin , narenciyenin merkezinde oldu\u011fumuz i\u00e7in di\u011fer \u00fcr\u00fcnlerle birlikte avokadoyu da ihra\u00e7 etme \u015fans\u0131m\u0131z var. Birde rakiplerimiz Afrika \u00fclkelerine g\u00f6re en b\u00fcy\u00fck avantaj\u0131m\u0131z \u00fcr\u00fcn\u00fc toplad\u0131\u011f\u0131m\u0131z g\u00fcn direkt ihracata g\u00f6nderebiliyoruz&#8221; diye konu\u015ftu.\u00a0<\/p>\n<p>Arac\u0131lar y\u00fczde 300 art\u0131\u015fla sat\u0131yor<br \/>\n\u00a0<br \/>\nTemmuz&#8217;da ba\u015flayan hasatta ilk turfanda \u00fcr\u00fcnlerin pahal\u0131 oldu\u011funu anlatan Aslan, &#8220;Eyl\u00fcl, ekim ve kas\u0131m gibi fiyatlar ucuzlamas\u0131na ra\u011fmen fiyat\u0131 \u00e7ok da d\u00fc\u015fm\u00fcyor. Mart ve nisan ay\u0131na kadar fiyatlar artarak devam ediyor. \u00dcretim b\u00f6lgesinde fiyat\u0131 ortalama 15 lira civar\u0131nda. Bizim \u00fcretici ve ihracat\u00e7\u0131 olarak en b\u00fcy\u00fck s\u0131k\u0131nt\u0131m\u0131z \u00fcr\u00fcn\u00fc bizden alan arac\u0131lar\u0131n marketlerde y\u00fczde 200 &#8211; 300 fiyat art\u0131\u015f\u0131yla \u00fcr\u00fcn\u00fc satmas\u0131. Bu konuda da s\u0131k\u0131nt\u0131lar oluyor, vatanda\u015f ucuza \u00fcr\u00fcn t\u00fcketemiyor&#8221; \u015feklinde konu\u015ftu.\u00a0<\/p>\n","protected":false},"excerpt":{"rendered":"<p>Mersin&#8217;in Erdemli il\u00e7esinde \u00fcreticilerden yo\u011fun ilgi g\u00f6ren avokado, portakal ve mandalinaya alternatif \u00fcr\u00fcn oldu. \u0130l\u00e7eye ba\u011fl\u0131 \u00c7e\u015fmeli, Karg\u0131p\u0131nar\u0131 ve T\u00f6m\u00fck Mahalleleri ba\u015fta olmak \u00fczere \u00fcretim alan\u0131 650-700 dekara ula\u015f\u0131rken, bu &hellip; <a href=\"https:\/\/akdenizolaygazetesi.com\/?p=8283\" class=\"more-link\">Devam\u0131n\u0131 Oku&#8230;<\/a><\/p>\n","protected":false},"author":1,"featured_media":0,"comment_status":"open","ping_status":"open","sticky":false,"template":"","format":"standard","meta":[],"categories":[],"tags":[],"_links":{"self":[{"href":"https:\/\/akdenizolaygazetesi.com\/index.php?rest_route=\/wp\/v2\/posts\/8283"}],"collection":[{"href":"https:\/\/akdenizolaygazetesi.com\/index.php?rest_route=\/wp\/v2\/posts"}],"about":[{"href":"https:\/\/akdenizolaygazetesi.com\/index.php?rest_route=\/wp\/v2\/types\/post"}],"author":[{"embeddable":true,"href":"https:\/\/akdenizolaygazetesi.com\/index.php?rest_route=\/wp\/v2\/users\/1"}],"replies":[{"embeddable":true,"href":"https:\/\/akdenizolaygazetesi.com\/index.php?rest_route=%2Fwp%2Fv2%2Fcomments&post=8283"}],"version-history":[{"count":0,"href":"https:\/\/akdenizolaygazetesi.com\/index.php?rest_route=\/wp\/v2\/posts\/8283\/revisions"}],"wp:attachment":[{"href":"https:\/\/akdenizolaygazetesi.com\/index.php?rest_route=%2Fwp%2Fv2%2Fmedia&parent=8283"}],"wp:term":[{"taxonomy":"category","embeddable":true,"href":"https:\/\/akdenizolaygazetesi.com\/index.php?rest_route=%2Fwp%2Fv2%2Fcategories&post=8283"},{"taxonomy":"post_tag","embeddable":true,"href":"https:\/\/akdenizolaygazetesi.com\/index.php?rest_route=%2Fwp%2Fv2%2Ftags&post=8283"}],"curies":[{"name":"wp","href":"https:\/\/api.w.org\/{rel}","templated":true}]}}