{"id":8289,"date":"2020-11-04T18:28:46","date_gmt":"2020-11-04T15:28:46","guid":{"rendered":"http:\/\/mersinekonomipolitikagazetesi.com\/?p=8289"},"modified":"2020-11-04T18:28:46","modified_gmt":"2020-11-04T15:28:46","slug":"turk-milleti-tarih-boyunca-hep-hur-yasamistir","status":"publish","type":"post","link":"https:\/\/akdenizolaygazetesi.com\/?p=8289","title":{"rendered":"&#8220;T\u00fcrk milleti tarih boyunca hep h\u00fcr ya\u015fam\u0131\u015ft\u0131r&#8221;"},"content":{"rendered":"<p>Ertu\u011frul Firkateyni&#8217;nde \u015fehit olan 587 denizci Mersin&#8217;de an\u0131ld\u0131<\/p>\n<p>Mersin&#8217;de, 1890 y\u0131l\u0131nda Japonya&#8217;n\u0131n Kushimato \u015fehri Oshima adas\u0131 a\u00e7\u0131klar\u0131nda batan Ertu\u011frul F\u0131rkateyni&#8217;nde \u015fehit olan 587 denizci i\u00e7in anma t\u00f6reni d\u00fczenledi. T\u00f6rende Akdeniz B\u00f6lge ve Garnizon Komutan\u0131 Tu\u011famiral Fuat Gedik ile Japonya Askeri Ata\u015fesi Deniz Albay Ryo Kuma taraf\u0131ndan denize \u00e7elenk at\u0131ld\u0131. Ayr\u0131ca t\u00f6rene kat\u0131lan di\u011fer kat\u0131l\u0131mc\u0131larda denize karanfil att\u0131.\u00a0<br \/>\n16 Eyl\u00fcl 1890 tarihinde Yokohama Liman\u0131&#8217;ndan ayr\u0131ld\u0131ktan sonra Kushimoto a\u00e7\u0131klar\u0131nda f\u0131rt\u0131naya yakalanarak kayal\u0131klara \u00e7arp\u0131p batan Ertu\u011frul Firkateyninde \u015fehit olan T\u00fcrk denizciler i\u00e7in Atat\u00fcrk Park\u0131 i\u00e7erisindeki Refah \u015eehitleri An\u0131t\u0131&#8217;nda t\u00f6ren d\u00fczenlendi. T\u00f6rene, Mersin Vali Yard\u0131mc\u0131s\u0131 \u0130brahim K\u00fc\u00e7\u00fck, Akdeniz B\u00f6lge ve Garnizon Komutan\u0131 Tu\u011famiral Fuat Gedik, Japonya Askeri Ata\u015fesi Deniz Albay Ryo Kuma, \u0130l Jandarma Komutan\u0131 Albay Necip \u00c7ar\u0131kc\u0131o\u011flu, \u0130l Emniyet M\u00fcd\u00fcr\u00fc Mehmet \u015eahne ile askeri erkan kat\u0131ld\u0131. T\u00f6ren, Tu\u011famiral Fuat Gedik ile Albay Ryo Kuma&#8217;n\u0131n Refah \u015eehitleri An\u0131t\u0131&#8217;na \u00e7elenk sunumu ve sayg\u0131 duru\u015funda bulunulmas\u0131yla ba\u015flad\u0131. Ard\u0131ndan Akdeniz B\u00f6lge ve Garnizon Komutanl\u0131\u011f\u0131 bandosu e\u015flinde Japonya Milli Mar\u015f\u0131 ve \u0130stiklal Mar\u015f\u0131 okundu.\u00a0<\/p>\n<p>&#8220;Dostlu\u011fumuz sonsuza dek s\u00fcrecektir&#8221;<br \/>\n\u00a0<br \/>\nT\u00f6rende konu\u015fan Japonya Askeri Ata\u015fesi Albay Ryo Kuma, Ertu\u011frul f\u0131rkateyninde \u015fehit olan 587 askeri anmak, en derin taziyelerini sunmak i\u00e7in Mersin&#8217;de oldu\u011funu s\u00f6yledi. Bu olay\u0131 unutmalar\u0131n\u0131n m\u00fcmk\u00fcn olmad\u0131\u011f\u0131n\u0131 kaydeden Kuma, &#8220;Bu unutulmaz y\u0131lda bug\u00fcn dostlu\u011fu ve iyi niyeti te\u015fvik i\u00e7in Mersin&#8217;i ziyaret etmesi planlanan Japonya Deniz \u00d6z Savunma Kuvvetlerinin e\u011fitim filosunun k\u00fcresel bir tehdit olan korona vir\u00fcs nedeniyle ziyaretini ertelemek zorunda kalmas\u0131 \u00e7ok \u00fcz\u00fcc\u00fc olmu\u015ftur. Japonya ile T\u00fcrkiye Cumhuriyeti&#8217;nin aras\u0131ndaki dostlu\u011fun mihenk ta\u015f\u0131 haline gelen bu ac\u0131 veren kazan\u0131n ola\u011fan\u00fcst\u00fc dostlu\u011fumuzun ba\u015flang\u0131c\u0131 olmas\u0131n\u0131n 130&#8217;\u00fcncu y\u0131l d\u00f6n\u00fcm\u00fcnde, \u015fehitlerimizin ruhlar\u0131 i\u00e7in ve bu b\u00fcy\u00fck \u00fcz\u00fcnt\u00fcy\u00fc derin bir ba\u011fa d\u00f6n\u00fc\u015ft\u00fcren Oshima k\u00f6yl\u00fclerinin \u015fefkatli ruhu i\u00e7inde dua ediyorum. \u0130nan\u0131yorum ki \u015fehitlerimizin can\u0131yla, halk\u0131m\u0131z\u0131n gayretiyle olu\u015fturulan dostlu\u011fumuz sonsuza dek s\u00fcrecektir. Anma t\u00f6reninde eme\u011fi ge\u00e7en T\u00fcrk donanmas\u0131na ve Mersin \u015fehrine sayg\u0131lar\u0131m\u0131 sunuyorum&#8221; dedi.\u00a0<\/p>\n<p>Akdeniz B\u00f6lge ve Garnizon Komutanl\u0131\u011f\u0131nda g\u00f6revli \u00dcste\u011fmen \u0130mran \u0130pek ise T\u00fcrk milletinin tarih boyunca hep h\u00fcr ya\u015fad\u0131\u011f\u0131n\u0131, esaret alt\u0131nda olmaktansa \u00f6lmeyi tercih etti\u011fini s\u00f6yledi. T\u00fcrk milletini farkl\u0131 ve g\u00fc\u00e7l\u00fc k\u0131lan, atalar\u0131n\u0131n kendisine miras\u0131 olan bu \u00f6zelli\u011fi oldu\u011funa vurgu yapan \u0130pek, &#8220;Bug\u00fcn bayra\u011f\u0131m\u0131z\u0131n g\u00f6klerde dalgaland\u0131rabiliyor, bu topraklar \u00fczerinde h\u00fcr olarak ya\u015fayabiliyor, ba\u011f\u0131ms\u0131z, demokratik, laik ve g\u00fc\u00e7l\u00fc bir T\u00fcrkiye olgusunun t\u00fcm d\u00fcnyaya kabul ettirebiliyorsak, tarihi h\u0131rs ve emeller ile g\u00fcn\u00fcm\u00fczde dahi ulusumuzu ve vatan\u0131m\u0131z\u0131 b\u00f6lmek arzusunda olan g\u00fc\u00e7 odaklar\u0131n\u0131n t\u00fcm gayretlerine ra\u011fmen T\u00fcrk milleti olarak her ge\u00e7en g\u00fcn daha da b\u00fcy\u00fcyor ve g\u00fc\u00e7lenebiliyorsak, bunu vatanlar\u0131 u\u011fruna canlar\u0131n\u0131 feda eden aziz \u015fehitlerimize ve fedakar gazilerimize bor\u00e7lu oldu\u011fumuz, asla unutulmamal\u0131d\u0131r. T\u00fcrk f\u0131rkateyni Ertu\u011frul bundan 130 y\u0131l \u00f6nce kendisine verilen g\u00f6rev gere\u011fine Japonya&#8217;ya intikal esnas\u0131nda vakayama eyaletinin Ku\u015fimoto kasabas\u0131 a\u00e7\u0131klarda d\u00fcmen ar\u0131zas\u0131 ve f\u0131rt\u0131na sonucu 16 Eyl\u00fcl 1890 tarihinde O\u015fima adas\u0131ndaki kayal\u0131klara \u00e7arparak batm\u0131\u015ft\u0131r. Bu olayda ne yaz\u0131k ki 538 denizcimiz \u015fehit olmu\u015f ve 69 denizcimiz ise O\u015fima halk\u0131 taraf\u0131ndan kurtar\u0131lm\u0131\u015f ve itina ile himaye edilmi\u015ftir&#8221; diye konu\u015ftu.\u00a0<\/p>\n<p>&#8220;G\u00f6revimiz korkmadan, y\u0131lmadan ve azizle \u00e7al\u0131\u015fmakt\u0131r&#8221;<br \/>\n\u00a0<br \/>\nDenizciler an\u0131s\u0131na Japonya \u0130mparatoru taraf\u0131ndan 3 Haziran 1937 y\u0131l\u0131nda bir an\u0131t yapt\u0131r\u0131ld\u0131\u011f\u0131n\u0131 belirten \u0130pek, &#8220;Bu sayede dostlu\u011fumuz \u00f6l\u00fcms\u00fczle\u015ftirilmi\u015ftir. Bu tarihten itibaren 2 \u00fclkenin vatanda\u015flar\u0131n\u0131n kat\u0131l\u0131m ile kahraman \u015fehitlerimize anma t\u00f6reni icra edilmektedir. \u015eu anda t\u00f6ren yap\u0131lan, Japonya&#8217;da Ertu\u011frul \u015fehitleri an\u0131t\u0131n\u0131n bire bir ayn\u0131s\u0131 olan Refat \u015eehitleri An\u0131t\u0131 zaman\u0131n Deniz Kuvvetleri Komutan\u0131 \u00f6nderli\u011finde 1972 y\u0131l\u0131nda yapt\u0131r\u0131lm\u0131\u015ft\u0131r. Bug\u00fcn \u015fanl\u0131 bayra\u011f\u0131m\u0131z\u0131n alt\u0131nda, ebediyete intikal etmi\u015f \u015fehitlerimizi \u015f\u00fckranla anmak, aziz ruhlar\u0131 \u00f6n\u00fcnde sayg\u0131yla e\u011filmek, en az onlar kadar bu vatan u\u011fruna can\u0131m\u0131z\u0131 feda edebilme azim ve kararl\u0131l\u0131\u011f\u0131na sahip oldu\u011fumuz g\u00f6stermek i\u00e7in topland\u0131k. Sahip oldu\u011fumuz bu y\u00fcksek ruh ile milletimizi ve devletimizi y\u00fcceltme gayretlerimize, her zaman oldu\u011fu gibi, ulu \u00f6nder Atat\u00fcrk&#8217;\u00fcn ilke ve ink\u0131laplar\u0131, d\u00fc\u015f\u00fcnce sistemi rehberlik edecektir. G\u00f6revimiz korkmadan, y\u0131lmadan ve azizle \u00e7al\u0131\u015fmak, sizlerden devrald\u0131\u011f\u0131m\u0131z bu kutsal n\u00f6bette gerekti\u011finde vatan u\u011fruna g\u00f6z\u00fcn\u00fc k\u0131rpmadan \u00f6lmeyi bilmek ve hat\u0131ralar\u0131n\u0131z\u0131 lay\u0131k oldu\u011funuz \u015fekilde ya\u015fatmakt\u0131r. Canlar\u0131n\u0131 seve seve veren t\u00fcm \u015fehitlerimize rahmetle an\u0131yor, aziz hat\u0131ralar\u0131 \u00f6n\u00fcnde e\u011filiyoruz&#8221; diye konu\u015ftu.\u00a0<br \/>\nKonu\u015fmalar\u0131n ard\u0131ndan Tu\u011famiral Gedik ile Albay Kuma, Refah \u015eehitleri An\u0131t\u0131 an\u0131 defterini imzalad\u0131. Ard\u0131ndan Gedik ile Kuma, denize \u00e7elenk att\u0131lar. Ayr\u0131ca t\u00f6rene kat\u0131lan di\u011fer kat\u0131l\u0131mc\u0131larda denize karanfil att\u0131. \u00a0<\/p>\n","protected":false},"excerpt":{"rendered":"<p>Ertu\u011frul Firkateyni&#8217;nde \u015fehit olan 587 denizci Mersin&#8217;de an\u0131ld\u0131 Mersin&#8217;de, 1890 y\u0131l\u0131nda Japonya&#8217;n\u0131n Kushimato \u015fehri Oshima adas\u0131 a\u00e7\u0131klar\u0131nda batan Ertu\u011frul F\u0131rkateyni&#8217;nde \u015fehit olan 587 denizci i\u00e7in anma t\u00f6reni d\u00fczenledi. T\u00f6rende Akdeniz &hellip; <a href=\"https:\/\/akdenizolaygazetesi.com\/?p=8289\" class=\"more-link\">Devam\u0131n\u0131 Oku&#8230;<\/a><\/p>\n","protected":false},"author":1,"featured_media":0,"comment_status":"open","ping_status":"open","sticky":false,"template":"","format":"standard","meta":[],"categories":[],"tags":[],"_links":{"self":[{"href":"https:\/\/akdenizolaygazetesi.com\/index.php?rest_route=\/wp\/v2\/posts\/8289"}],"collection":[{"href":"https:\/\/akdenizolaygazetesi.com\/index.php?rest_route=\/wp\/v2\/posts"}],"about":[{"href":"https:\/\/akdenizolaygazetesi.com\/index.php?rest_route=\/wp\/v2\/types\/post"}],"author":[{"embeddable":true,"href":"https:\/\/akdenizolaygazetesi.com\/index.php?rest_route=\/wp\/v2\/users\/1"}],"replies":[{"embeddable":true,"href":"https:\/\/akdenizolaygazetesi.com\/index.php?rest_route=%2Fwp%2Fv2%2Fcomments&post=8289"}],"version-history":[{"count":0,"href":"https:\/\/akdenizolaygazetesi.com\/index.php?rest_route=\/wp\/v2\/posts\/8289\/revisions"}],"wp:attachment":[{"href":"https:\/\/akdenizolaygazetesi.com\/index.php?rest_route=%2Fwp%2Fv2%2Fmedia&parent=8289"}],"wp:term":[{"taxonomy":"category","embeddable":true,"href":"https:\/\/akdenizolaygazetesi.com\/index.php?rest_route=%2Fwp%2Fv2%2Fcategories&post=8289"},{"taxonomy":"post_tag","embeddable":true,"href":"https:\/\/akdenizolaygazetesi.com\/index.php?rest_route=%2Fwp%2Fv2%2Ftags&post=8289"}],"curies":[{"name":"wp","href":"https:\/\/api.w.org\/{rel}","templated":true}]}}