{"id":829,"date":"2020-11-04T18:21:27","date_gmt":"2020-11-04T15:21:27","guid":{"rendered":"http:\/\/mersinekonomipolitikagazetesi.com\/?p=829"},"modified":"2020-11-04T18:21:27","modified_gmt":"2020-11-04T15:21:27","slug":"mersin-acik-ara-hayir-turkiye-evet-dedi","status":"publish","type":"post","link":"https:\/\/akdenizolaygazetesi.com\/?p=829","title":{"rendered":"Mersin a\u00e7\u0131k ara \u2018Hay\u0131r\u2019, T\u00fcrkiye &#8216;Evet&#8217; dedi"},"content":{"rendered":"<p>T\u00fcrkiye i\u00e7in kritik bir \u00f6nem ta\u015f\u0131yan anayasa de\u011fi\u015fikli\u011fine ili\u015fkin referandum oylamas\u0131 ger\u00e7ekle\u015fti. Kesin olmayan sonu\u00e7lara g\u00f6re Mersin\u2019de y\u00fczde 63,99 oran\u0131nda \u2018Hay\u0131r\u2019 \u00e7\u0131karken, \u2018Evet\u2019in oran\u0131 ise y\u00fczde 36,1 oldu.<\/p>\n<p class=\"x_MsoNormal\" style=\"margin-top: 0px; margin-bottom: 0px; color: rgb(0, 0, 0); font-family: Calibri, Arial, Helvetica, sans-serif; font-size: 16px; line-height: normal;\"><span style=\"font-size: 10pt;\">T\u00fcrkiye\u2019nin kaderini etkileyen referandum oylamas\u0131 d\u00fcn ger\u00e7ekle\u015fti. Kesin olmayan sonu\u00e7lara g\u00f6re T\u00fcrkiye geneli y\u00fczde 51.32\u00a0oran\u0131nda \u2018Evet\u2019 \u00e7\u0131karken y\u00fczde 48.68\u00a0oran\u0131nda ise \u2018Hay\u0131r\u2019 oyu \u00e7\u0131kt\u0131. 16 Nisan referandumu, 1 Kas\u0131m 2015 genel se\u00e7imleriyle k\u0131yasland\u0131\u011f\u0131nda oranlar \u015f\u00f6yle:<\/span><\/p>\n<p class=\"x_MsoNormal\" style=\"margin-top: 0px; margin-bottom: 0px; color: rgb(0, 0, 0); font-family: Calibri, Arial, Helvetica, sans-serif; font-size: 16px; line-height: normal;\"><span style=\"font-size: 10pt;\">\u00a0<\/span><\/p>\n<p class=\"x_MsoNormal\" style=\"margin-top: 0px; margin-bottom: 0px; color: rgb(0, 0, 0); font-family: Calibri, Arial, Helvetica, sans-serif; font-size: 16px; line-height: normal;\"><b><span style=\"font-size: 10pt;\">Akdeniz: Hay\u0131r y\u00fczde 67.2 \/ Evet y\u00fczde 32.8<\/span><\/b><\/p>\n<p class=\"x_MsoNormal\" style=\"margin-top: 0px; margin-bottom: 0px; color: rgb(0, 0, 0); font-family: Calibri, Arial, Helvetica, sans-serif; font-size: 16px; line-height: normal;\"><span style=\"font-size: 10pt;\">\u00a0<\/span><\/p>\n<p class=\"x_MsoNormal\" style=\"margin-top: 0px; margin-bottom: 0px; color: rgb(0, 0, 0); font-family: Calibri, Arial, Helvetica, sans-serif; font-size: 16px; line-height: normal;\"><span style=\"font-size: 10pt;\">AK Parti\u2019nin 1 Kas\u0131m 2015 se\u00e7imlerinde 41.847, MHP\u2019nin 16.131 oran\u0131nda oy ald\u0131\u011f\u0131 Akdeniz il\u00e7esinde y\u00fczde 67.2 Hay\u0131r \u00e7\u0131kt\u0131. \u00c7\u0131kan bu sonu\u00e7 MHP-AKP i\u00e7erisinden \u2018Hay\u0131r\u2019 oylar\u0131n\u0131n \u00e7\u0131kt\u0131\u011f\u0131n\u0131 g\u00f6stermektedir.<\/span><\/p>\n<p class=\"x_MsoNormal\" style=\"margin-top: 0px; margin-bottom: 0px; color: rgb(0, 0, 0); font-family: Calibri, Arial, Helvetica, sans-serif; font-size: 16px; line-height: normal;\"><span style=\"font-size: 10pt;\">\u00a0<\/span><\/p>\n<p class=\"x_MsoNormal\" style=\"margin-top: 0px; margin-bottom: 0px; color: rgb(0, 0, 0); font-family: Calibri, Arial, Helvetica, sans-serif; font-size: 16px; line-height: normal;\"><b><span style=\"font-size: 10pt;\">Anamur: Hay\u0131r y\u00fczde 62.5\/ Evet y\u00fczde 37.5<\/span><\/b><\/p>\n<p class=\"x_MsoNormal\" style=\"margin-top: 0px; margin-bottom: 0px; color: rgb(0, 0, 0); font-family: Calibri, Arial, Helvetica, sans-serif; font-size: 16px; line-height: normal;\"><span style=\"font-size: 10pt;\">\u00a0<\/span><\/p>\n<p class=\"x_MsoNormal\" style=\"margin-top: 0px; margin-bottom: 0px; color: rgb(0, 0, 0); font-family: Calibri, Arial, Helvetica, sans-serif; font-size: 16px; line-height: normal;\"><span style=\"font-size: 10pt;\">AK Parti\u2019nin 1 Kas\u0131m 2015 se\u00e7imlerinde 15.245, MHP\u2019nin 13.024 oran\u0131nda oy ald\u0131\u011f\u0131 Anamur il\u00e7esinde y\u00fczde 62.5 oran\u0131nda \u2018Hay\u0131r\u2019 \u00e7\u0131kt\u0131. Bu sonu\u00e7 ile birlikte AKP-MHP se\u00e7meninin b\u00fcy\u00fck bir oran\u0131n\u0131n \u2018Hay\u0131r\u2019 oyu kulland\u0131\u011f\u0131n\u0131 g\u00f6stermektedir.<\/span><\/p>\n<p class=\"x_MsoNormal\" style=\"margin-top: 0px; margin-bottom: 0px; color: rgb(0, 0, 0); font-family: Calibri, Arial, Helvetica, sans-serif; font-size: 16px; line-height: normal;\"><span style=\"font-size: 10pt; font-family: Times;\">\u00a0<\/span><\/p>\n<p class=\"x_MsoNormal\" style=\"margin-top: 0px; margin-bottom: 0px; color: rgb(0, 0, 0); font-family: Calibri, Arial, Helvetica, sans-serif; font-size: 16px; line-height: normal;\"><b><span style=\"font-size: 10pt;\">Ayd\u0131nc\u0131k: Hay\u0131r y\u00fczde 58.3\/ Evet y\u00fczde 41.7<\/span><\/b><\/p>\n<p class=\"x_MsoNormal\" style=\"margin-top: 0px; margin-bottom: 0px; color: rgb(0, 0, 0); font-family: Calibri, Arial, Helvetica, sans-serif; font-size: 16px; line-height: normal;\"><span style=\"font-size: 10pt;\">\u00a0<\/span><\/p>\n<p class=\"x_MsoNormal\" style=\"margin-top: 0px; margin-bottom: 0px; color: rgb(0, 0, 0); font-family: Calibri, Arial, Helvetica, sans-serif; font-size: 16px; line-height: normal;\"><span style=\"font-size: 10pt;\">1 Kas\u0131m 2015 genel se\u00e7imlerinde AK Parti\u2019nin y\u00fczde 3.213, MHP\u2019nin 2.37 oran\u0131nda oy ald\u0131\u011f\u0131 Ayd\u0131nc\u0131k il\u00e7esinde y\u00fczde 58.3\u2019l\u00fck \u2018Hay\u0131r\u2019 oyu \u00e7\u0131kt\u0131.<\/span><\/p>\n<p class=\"x_MsoNormal\" style=\"margin-top: 0px; margin-bottom: 0px; color: rgb(0, 0, 0); font-family: Calibri, Arial, Helvetica, sans-serif; font-size: 16px; line-height: normal;\"><span style=\"font-size: 10pt;\">\u00a0<\/span><\/p>\n<p class=\"x_MsoNormal\" style=\"margin-top: 0px; margin-bottom: 0px; color: rgb(0, 0, 0); font-family: Calibri, Arial, Helvetica, sans-serif; font-size: 16px; line-height: normal;\"><b><span style=\"font-size: 10pt;\">Bozyaz\u0131: Hay\u0131r y\u00fczde 55.9\/ Evet y\u00fczde 44.1<\/span><\/b><\/p>\n<p class=\"x_MsoNormal\" style=\"margin-top: 0px; margin-bottom: 0px; color: rgb(0, 0, 0); font-family: Calibri, Arial, Helvetica, sans-serif; font-size: 16px; line-height: normal;\"><span style=\"font-size: 10pt;\">\u00a0<\/span><\/p>\n<p class=\"x_MsoNormal\" style=\"margin-top: 0px; margin-bottom: 0px; color: rgb(0, 0, 0); font-family: Calibri, Arial, Helvetica, sans-serif; font-size: 16px; line-height: normal;\"><span style=\"font-size: 10pt;\">1 Kas\u0131m 2015 genel se\u00e7imlerinde AK Parti\u2019nin y\u00fczde 7.262, MHP\u2019nin 5.946 oran\u0131nda oy ald\u0131\u011f\u0131 Bozyaz\u0131 il\u00e7esinde y\u00fczde 55,9 oran\u0131nda \u2018Hay\u0131r\u2019 oyu \u00e7\u0131kt\u0131. Y\u00fczde 44,1 oran\u0131nda ise \u2018Evet\u2019 \u00e7\u0131kmas\u0131 AKP-MHP se\u00e7meninin \u2018Hay\u0131r\u2019 oyu verdi\u011fi sonucunu \u00e7\u0131karm\u0131\u015ft\u0131r.<\/span><\/p>\n<p class=\"x_MsoNormal\" style=\"margin-top: 0px; margin-bottom: 0px; color: rgb(0, 0, 0); font-family: Calibri, Arial, Helvetica, sans-serif; font-size: 16px; line-height: normal;\"><b><span style=\"font-size: 10pt;\">\u00a0<\/span><\/b><\/p>\n<p class=\"x_MsoNormal\" style=\"margin-top: 0px; margin-bottom: 0px; color: rgb(0, 0, 0); font-family: Calibri, Arial, Helvetica, sans-serif; font-size: 16px; line-height: normal;\"><b><span style=\"font-size: 10pt;\">\u00c7aml\u0131yayla: Hay\u0131r y\u00fczde 48.5\/ Evet y\u00fczde 51.5<\/span><\/b><\/p>\n<p class=\"x_MsoNormal\" style=\"margin-top: 0px; margin-bottom: 0px; color: rgb(0, 0, 0); font-family: Calibri, Arial, Helvetica, sans-serif; font-size: 16px; line-height: normal;\"><b><span style=\"font-size: 10pt;\">\u00a0<\/span><\/b><\/p>\n<p class=\"x_MsoNormal\" style=\"margin-top: 0px; margin-bottom: 0px; color: rgb(0, 0, 0); font-family: Calibri, Arial, Helvetica, sans-serif; font-size: 16px; line-height: normal;\"><span style=\"font-size: 10pt;\">1 Kas\u0131m 2015 genel se\u00e7imlerinde AK Parti\u2019nin y\u00fczde 2.330, MHP\u2019nin 2.365 oran\u0131nda oy ald\u0131\u011f\u0131 \u00c7aml\u0131yayla il\u00e7esinde y\u00fczde 51.5\u2019lik bir \u2018Evet\u2019 oran\u0131 \u00e7\u0131kmas\u0131 AKP-MHP se\u00e7meninin yeni anayasay\u0131 onaylad\u0131\u011f\u0131, fikir ayr\u0131l\u0131\u011f\u0131 ya\u015famad\u0131\u011f\u0131n\u0131 g\u00f6steriyor.<\/span><\/p>\n<p class=\"x_MsoNormal\" style=\"margin-top: 0px; margin-bottom: 0px; color: rgb(0, 0, 0); font-family: Calibri, Arial, Helvetica, sans-serif; font-size: 16px; line-height: normal;\"><b><span style=\"font-size: 10pt;\">\u00a0<\/span><\/b><\/p>\n<p class=\"x_MsoNormal\" style=\"margin-top: 0px; margin-bottom: 0px; color: rgb(0, 0, 0); font-family: Calibri, Arial, Helvetica, sans-serif; font-size: 16px; line-height: normal;\"><b><span style=\"font-size: 10pt;\">Erdemli: Hay\u0131r y\u00fczde 48.1\/ Evet y\u00fczde 51.9<\/span><\/b><\/p>\n<p class=\"x_MsoNormal\" style=\"margin-top: 0px; margin-bottom: 0px; color: rgb(0, 0, 0); font-family: Calibri, Arial, Helvetica, sans-serif; font-size: 16px; line-height: normal;\"><b><span style=\"font-size: 10pt;\">\u00a0<\/span><\/b><\/p>\n<p class=\"x_MsoNormal\" style=\"margin-top: 0px; margin-bottom: 0px; color: rgb(0, 0, 0); font-family: Calibri, Arial, Helvetica, sans-serif; font-size: 16px; line-height: normal;\"><span style=\"font-size: 10pt;\">1 Kas\u0131m 2015 genel se\u00e7imlerinde AK Parti\u2019nin y\u00fczde 40.195, MHP\u2019nin ise 22.451 oran\u0131nda oy ald\u0131\u011f\u0131 Erdemli il\u00e7esinde\u00a0 y\u00fczde 51,9 oran\u0131nda \u2018Evet\u2019 \u00e7\u0131kt\u0131. Bu oranlar AKP ve MHP\u2019nin Erdemli\u2019de istikrar\u0131 s\u00fcrd\u00fcrd\u00fc\u011f\u00fc sonucunu g\u00f6stermektedir.<\/span><\/p>\n<p class=\"x_MsoNormal\" style=\"margin-top: 0px; margin-bottom: 0px; color: rgb(0, 0, 0); font-family: Calibri, Arial, Helvetica, sans-serif; font-size: 16px; line-height: normal;\"><b><span style=\"font-size: 10pt;\">\u00a0<\/span><\/b><\/p>\n<p class=\"x_MsoNormal\" style=\"margin-top: 0px; margin-bottom: 0px; color: rgb(0, 0, 0); font-family: Calibri, Arial, Helvetica, sans-serif; font-size: 16px; line-height: normal;\"><b><span style=\"font-size: 10pt;\">G\u00fclnar: Hay\u0131r y\u00fczde 55.3\/ Evet y\u00fczde 44.7<\/span><\/b><\/p>\n<p class=\"x_MsoNormal\" style=\"margin-top: 0px; margin-bottom: 0px; color: rgb(0, 0, 0); font-family: Calibri, Arial, Helvetica, sans-serif; font-size: 16px; line-height: normal;\"><span style=\"font-size: 10pt;\">\u00a0<\/span><\/p>\n<p class=\"x_MsoNormal\" style=\"margin-top: 0px; margin-bottom: 0px; color: rgb(0, 0, 0); font-family: Calibri, Arial, Helvetica, sans-serif; font-size: 16px; line-height: normal;\"><span style=\"font-size: 10pt;\">1 Kas\u0131m 2015 genel se\u00e7imlerinde AK Parti\u2019nin y\u00fczde 6.452, MHP\u2019nin y\u00fczde 6.140 oran\u0131nda oy ald\u0131\u011f\u0131 G\u00fclnar il\u00e7esinde y\u00fczde 55.3 oran\u0131nda \u2018Hay\u0131r\u2019 \u00e7\u0131kt\u0131. Bu oran AKP-MHP se\u00e7meninin \u00f6nemli bir k\u0131sm\u0131n\u0131n \u2018Evet\u2019e ikna olmad\u0131\u011f\u0131 sonucunu g\u00f6stermektedir.<\/span><\/p>\n<p class=\"x_MsoNormal\" style=\"margin-top: 0px; margin-bottom: 0px; color: rgb(0, 0, 0); font-family: Calibri, Arial, Helvetica, sans-serif; font-size: 16px; line-height: normal;\"><span style=\"font-size: 10pt;\">\u00a0<\/span><\/p>\n<p class=\"x_MsoNormal\" style=\"margin-top: 0px; margin-bottom: 0px; color: rgb(0, 0, 0); font-family: Calibri, Arial, Helvetica, sans-serif; font-size: 16px; line-height: normal;\"><span style=\"font-size: 10pt;\">\u00a0<\/span><\/p>\n<p class=\"x_MsoNormal\" style=\"margin-top: 0px; margin-bottom: 0px; color: rgb(0, 0, 0); font-family: Calibri, Arial, Helvetica, sans-serif; font-size: 16px; line-height: normal;\"><b><span style=\"font-size: 10pt;\">Mezitli: Hay\u0131r y\u00fczde 70.8\/ Evet y\u00fczde 29.2<\/span><\/b><\/p>\n<p class=\"x_MsoNormal\" style=\"margin-top: 0px; margin-bottom: 0px; color: rgb(0, 0, 0); font-family: Calibri, Arial, Helvetica, sans-serif; font-size: 16px; line-height: normal;\"><span style=\"font-size: 10pt;\">\u00a0<\/span><\/p>\n<p class=\"x_MsoNormal\" style=\"margin-top: 0px; margin-bottom: 0px; color: rgb(0, 0, 0); font-family: Calibri, Arial, Helvetica, sans-serif; font-size: 16px; line-height: normal;\"><span style=\"font-size: 10pt;\">1 Kas\u0131m 2015 genel se\u00e7imlerinde CHP\u2019nin y\u00fczde 45.233 oran\u0131nda oy alan Mezitli\u2019de y\u00fczde 70.8\u2019lik oranda b\u00fcy\u00fck bir \u00f6l\u00e7\u00fcde \u2018Hay\u0131r\u2019 oyu \u00e7\u0131kt\u0131. Mezitli istikrar\u0131n\u0131 korumu\u015f oldu.<\/span><\/p>\n<p class=\"x_MsoNormal\" style=\"margin-top: 0px; margin-bottom: 0px; color: rgb(0, 0, 0); font-family: Calibri, Arial, Helvetica, sans-serif; font-size: 16px; line-height: normal;\"><span style=\"font-size: 10pt;\">\u00a0<\/span><\/p>\n<p class=\"x_MsoNormal\" style=\"margin-top: 0px; margin-bottom: 0px; color: rgb(0, 0, 0); font-family: Calibri, Arial, Helvetica, sans-serif; font-size: 16px; line-height: normal;\"><b><span style=\"font-size: 10pt;\">Mut: Hay\u0131r y\u00fczde 53.7\/ Evet y\u00fczde 46.3<\/span><\/b><\/p>\n<p class=\"x_MsoNormal\" style=\"margin-top: 0px; margin-bottom: 0px; color: rgb(0, 0, 0); font-family: Calibri, Arial, Helvetica, sans-serif; font-size: 16px; line-height: normal;\"><span style=\"font-size: 10pt;\">\u00a0<\/span><\/p>\n<p class=\"x_MsoNormal\" style=\"margin-top: 0px; margin-bottom: 0px; color: rgb(0, 0, 0); font-family: Calibri, Arial, Helvetica, sans-serif; font-size: 16px; line-height: normal;\"><span style=\"font-size: 10pt;\">1 Kas\u0131m 2015 genel se\u00e7imlerinde AK Parti\u2019nin y\u00fczde 16.720, MHP 9.915 oran\u0131nda oy alan Mut\u2019ta y\u00fczde 53.7 oran\u0131nda \u2018Hay\u0131r\u2019 oyu \u00e7\u0131kt\u0131. Bu oranlar AKP ve MHP se\u00e7meninin bir k\u0131sm\u0131n\u0131n yeni anayasay\u0131 onaylamad\u0131\u011f\u0131 sonucunu \u00e7\u0131kar\u0131yor.<\/span><\/p>\n<p class=\"x_MsoNormal\" style=\"margin-top: 0px; margin-bottom: 0px; color: rgb(0, 0, 0); font-family: Calibri, Arial, Helvetica, sans-serif; font-size: 16px; line-height: normal;\"><b><span style=\"font-size: 10pt;\">\u00a0<\/span><\/b><\/p>\n<p class=\"x_MsoNormal\" style=\"margin-top: 0px; margin-bottom: 0px; color: rgb(0, 0, 0); font-family: Calibri, Arial, Helvetica, sans-serif; font-size: 16px; line-height: normal;\"><b><span style=\"font-size: 10pt;\">Silifke: Hay\u0131r y\u00fczde 64.3\/ Evet y\u00fczde 35.7<\/span><\/b><\/p>\n<p class=\"x_MsoNormal\" style=\"margin-top: 0px; margin-bottom: 0px; color: rgb(0, 0, 0); font-family: Calibri, Arial, Helvetica, sans-serif; font-size: 16px; line-height: normal;\"><span style=\"font-size: 10pt;\">\u00a0<\/span><\/p>\n<p class=\"x_MsoNormal\" style=\"margin-top: 0px; margin-bottom: 0px; color: rgb(0, 0, 0); font-family: Calibri, Arial, Helvetica, sans-serif; font-size: 16px; line-height: normal;\"><span style=\"font-size: 10pt;\">1 Kas\u0131m 2015 genel se\u00e7imlerinde CHP\u2019nin y\u00fczde 25.980 oran\u0131nda oy ald\u0131\u011f\u0131 Silifke\u2019de y\u00fczde 64.3 oran\u0131nda \u2018Hay\u0131r\u2019 \u00e7\u0131kt\u0131. Bu sonu\u00e7 Silifke\u2019nin \u00f6nemli bir k\u0131sm\u0131n\u0131n yeni anayasay\u0131 onaylamad\u0131\u011f\u0131 sonucunu g\u00f6steriyor.<\/span><\/p>\n<p class=\"x_MsoNormal\" style=\"margin-top: 0px; margin-bottom: 0px; color: rgb(0, 0, 0); font-family: Calibri, Arial, Helvetica, sans-serif; font-size: 16px; line-height: normal;\"><b><span style=\"font-size: 10pt;\">\u00a0<\/span><\/b><\/p>\n<p class=\"x_MsoNormal\" style=\"margin-top: 0px; margin-bottom: 0px; color: rgb(0, 0, 0); font-family: Calibri, Arial, Helvetica, sans-serif; font-size: 16px; line-height: normal;\"><b><span style=\"font-size: 10pt;\">Tarsus: Hay\u0131r y\u00fczde 64.3\/ Evet y\u00fczde 35.7<\/span><\/b><\/p>\n<p class=\"x_MsoNormal\" style=\"margin-top: 0px; margin-bottom: 0px; color: rgb(0, 0, 0); font-family: Calibri, Arial, Helvetica, sans-serif; font-size: 16px; line-height: normal;\"><span style=\"font-size: 10pt;\">1 Kas\u0131m 2015 genel se\u00e7imlerinde AK Parti\u2019nin y\u00fczde 52.456, MHP\u2019nin 52.114 oran\u0131nda oy ald\u0131\u011f\u0131 Tarsus il\u00e7esinde y\u00fczde 64,3 oran\u0131nda oy \u00e7\u0131kmas\u0131 AKP-MHP se\u00e7meninin \u00f6nemli bir k\u0131sm\u0131n\u0131n yeni anayasaya \u2018Hay\u0131r\u2019 dedi\u011fi sonucunu g\u00f6stermektedir.<\/span><\/p>\n<p class=\"x_MsoNormal\" style=\"margin-top: 0px; margin-bottom: 0px; color: rgb(0, 0, 0); font-family: Calibri, Arial, Helvetica, sans-serif; font-size: 16px; line-height: normal;\"><b><span style=\"font-size: 10pt;\">\u00a0<\/span><\/b><\/p>\n<p class=\"x_MsoNormal\" style=\"margin-top: 0px; margin-bottom: 0px; color: rgb(0, 0, 0); font-family: Calibri, Arial, Helvetica, sans-serif; font-size: 16px; line-height: normal;\"><b><span style=\"font-size: 10pt;\">Toroslar: Hay\u0131r y\u00fczde 59.1\/ Evet y\u00fczde 40.9<\/span><\/b><\/p>\n<p class=\"x_MsoNormal\" style=\"margin-top: 0px; margin-bottom: 0px; color: rgb(0, 0, 0); font-family: Calibri, Arial, Helvetica, sans-serif; font-size: 16px; line-height: normal;\"><span style=\"font-size: 10pt;\">\u00a0<\/span><\/p>\n<p class=\"x_MsoNormal\" style=\"margin-top: 0px; margin-bottom: 0px; color: rgb(0, 0, 0); font-family: Calibri, Arial, Helvetica, sans-serif; font-size: 16px; line-height: normal;\"><span style=\"font-size: 10pt;\">1 Kas\u0131m 2015 genel se\u00e7imlerinde AK Parti\u2019nin y\u00fczde 56.639, CHP\u2019nin 37.354 oran\u0131nda oy ald\u0131\u011f\u0131 Toroslar il\u00e7esinde y\u00fczde 59.1 \u2018Hay\u0131r, y\u00fczde 40.9 \u2018Evet\u2019 oyu \u00e7\u0131kmas\u0131 AKP i\u00e7erisinden de \u2018Hay\u0131r\u2019 oyu verildi\u011fi sonucu \u00e7\u0131kmaktad\u0131r.<\/span><\/p>\n<p class=\"x_MsoNormal\" style=\"margin-top: 0px; margin-bottom: 0px; color: rgb(0, 0, 0); font-family: Calibri, Arial, Helvetica, sans-serif; font-size: 16px; line-height: normal;\"><span style=\"font-size: 10pt;\">\u00a0<\/span><\/p>\n<p class=\"x_MsoNormal\" style=\"margin-top: 0px; margin-bottom: 0px; color: rgb(0, 0, 0); font-family: Calibri, Arial, Helvetica, sans-serif; font-size: 16px; line-height: normal;\"><b><span style=\"font-size: 10pt;\">Yeni\u015fehir: Hay\u0131r y\u00fczde 75.1\/ Evet y\u00fczde 24.9<\/span><\/b><\/p>\n<p class=\"x_MsoNormal\" style=\"margin-top: 0px; margin-bottom: 0px; color: rgb(0, 0, 0); font-family: Calibri, Arial, Helvetica, sans-serif; font-size: 16px; line-height: normal;\"><span style=\"font-size: 10pt;\">\u00a0<\/span><\/p>\n<p class=\"x_MsoNormal\" style=\"margin-top: 0px; margin-bottom: 0px; color: rgb(0, 0, 0); font-family: Calibri, Arial, Helvetica, sans-serif; font-size: 16px; line-height: normal;\"><span style=\"font-size: 10pt;\">1 Kas\u0131m 2015 genel se\u00e7imlerinde CHP\u2019nin y\u00fczde 63.973, AKP\u2019nin 32.990, HDP\u2019nin 25.689, MHP\u2019nin 21.022 oran\u0131nda oy ald\u0131\u011f\u0131 Yeni\u015fehir\u2019de y\u00fczde 75.1\u2019lik bir oranla \u2018Hay\u0131r\u2019 oyu \u00e7\u0131kt\u0131. Bu oranlar \u2018Evet\u2019in Yeni\u015fehir\u2019de ciddi bir \u015fekilde onay g\u00f6rmedi\u011fi anlam\u0131na geliyor.<\/span><\/p>\n<p class=\"x_MsoNormal\" style=\"margin-top: 0px; margin-bottom: 0px; color: rgb(0, 0, 0); font-family: Calibri, Arial, Helvetica, sans-serif; font-size: 16px; line-height: normal;\"><span style=\"font-size: 10pt;\">\u00a0<\/span><\/p>\n","protected":false},"excerpt":{"rendered":"<p>T\u00fcrkiye i\u00e7in kritik bir \u00f6nem ta\u015f\u0131yan anayasa de\u011fi\u015fikli\u011fine ili\u015fkin referandum oylamas\u0131 ger\u00e7ekle\u015fti. Kesin olmayan sonu\u00e7lara g\u00f6re Mersin\u2019de y\u00fczde 63,99 oran\u0131nda \u2018Hay\u0131r\u2019 \u00e7\u0131karken, \u2018Evet\u2019in oran\u0131 ise y\u00fczde 36,1 oldu. T\u00fcrkiye\u2019nin kaderini &hellip; <a href=\"https:\/\/akdenizolaygazetesi.com\/?p=829\" class=\"more-link\">Devam\u0131n\u0131 Oku&#8230;<\/a><\/p>\n","protected":false},"author":1,"featured_media":0,"comment_status":"open","ping_status":"open","sticky":false,"template":"","format":"standard","meta":[],"categories":[],"tags":[],"_links":{"self":[{"href":"https:\/\/akdenizolaygazetesi.com\/index.php?rest_route=\/wp\/v2\/posts\/829"}],"collection":[{"href":"https:\/\/akdenizolaygazetesi.com\/index.php?rest_route=\/wp\/v2\/posts"}],"about":[{"href":"https:\/\/akdenizolaygazetesi.com\/index.php?rest_route=\/wp\/v2\/types\/post"}],"author":[{"embeddable":true,"href":"https:\/\/akdenizolaygazetesi.com\/index.php?rest_route=\/wp\/v2\/users\/1"}],"replies":[{"embeddable":true,"href":"https:\/\/akdenizolaygazetesi.com\/index.php?rest_route=%2Fwp%2Fv2%2Fcomments&post=829"}],"version-history":[{"count":0,"href":"https:\/\/akdenizolaygazetesi.com\/index.php?rest_route=\/wp\/v2\/posts\/829\/revisions"}],"wp:attachment":[{"href":"https:\/\/akdenizolaygazetesi.com\/index.php?rest_route=%2Fwp%2Fv2%2Fmedia&parent=829"}],"wp:term":[{"taxonomy":"category","embeddable":true,"href":"https:\/\/akdenizolaygazetesi.com\/index.php?rest_route=%2Fwp%2Fv2%2Fcategories&post=829"},{"taxonomy":"post_tag","embeddable":true,"href":"https:\/\/akdenizolaygazetesi.com\/index.php?rest_route=%2Fwp%2Fv2%2Ftags&post=829"}],"curies":[{"name":"wp","href":"https:\/\/api.w.org\/{rel}","templated":true}]}}