{"id":8296,"date":"2020-11-04T18:28:46","date_gmt":"2020-11-04T15:28:46","guid":{"rendered":"http:\/\/mersinekonomipolitikagazetesi.com\/?p=8296"},"modified":"2020-11-04T18:28:46","modified_gmt":"2020-11-04T15:28:46","slug":"cukurova-bolgesel-havalimani-secim-vaadinden-oteye-gecmiyor","status":"publish","type":"post","link":"https:\/\/akdenizolaygazetesi.com\/?p=8296","title":{"rendered":"\u201c\u00c7ukurova B\u00f6lgesel Havaliman\u0131 se\u00e7im vaadinden \u00d6teye ge\u00e7miyor!\u201d"},"content":{"rendered":"<p>HDP Mersin Milletvekili Dr. R\u0131dvan Turan, y\u0131llard\u0131r bitirilemeyen \u00c7ukurova B\u00f6lgesel Havaliman\u0131\u2019n\u0131 meclis g\u00fcndemine ta\u015f\u0131d\u0131.<br \/>\nHDP Mersin Milletvekili Dr. R\u0131dvan Turan, konuyla ilgili TBMM Ba\u015fkanl\u0131\u011f\u0131na bir ara\u015ft\u0131rma \u00f6nergesi verdi.<br \/>\n\u201c\u00c7ukurova B\u00f6lgesel Havaliman\u0131 15 Aral\u0131k 2011\u2019de ilk ihaleye \u00e7\u0131kt\u0131\u011f\u0131 tarihten bu yana yap\u0131lmamas\u0131na ra\u011fmen, ge\u00e7ti\u011fimiz dokuz y\u0131l i\u00e7erisinde hemen hemen her se\u00e7imde AKP h\u00fck\u00fcmeti taraf\u0131ndan se\u00e7im m\u00fcjdesi olarak verildi\u011fin s\u00f6yleyen Turan, \u201c\u00c7ukurova B\u00f6lgesel Havaliman\u0131, vaat edilen zamanda yap\u0131lamamas\u0131 bir yana AKP iktidar\u0131 taraf\u0131ndan her g\u00fcndeme getirildi\u011finde belirli bir tarihte bitirilece\u011fi s\u00f6ylenmesine ra\u011fmen se\u00e7im vaadinden \u00f6teye ge\u00e7memi\u015ftir\u201d diyerek \u00a0\u00c7ukurova B\u00f6lgesel Havaliman\u0131, 9 y\u0131ll\u0131k zamanda ge\u00e7ti\u011fi s\u00fcre\u00e7leri s\u0131ralad\u0131;<br \/>\n1- 23.05.2011\u2019de d\u00f6nemin D\u0131\u015f Ticaretinden sorumlu Devlet Bakan\u0131 Zafer \u00c7a\u011flayan bas\u0131na verdi\u011fi deme\u00e7te \u00c7ukurova havaliman\u0131n\u0131n 2014 y\u0131l\u0131nda tamamlanaca\u011f\u0131n\u0131 ve 30 milyon yolcu kapasiteli ve kargo terminaliyle birlikte \u201cArt\u0131k Mersin\u2019in \u00e7ilekleri u\u00e7acak, u\u00e7an \u00e7ilekler yapaca\u011f\u0131z&#8221; y\u00f6n\u00fcnde ifade kullanm\u0131\u015ft\u0131r.\u00a0<br \/>\n2- 29.05.2013 tarihinde Ula\u015ft\u0131rma Denizcilik ve Haberle\u015fme bakan\u0131 Binali Y\u0131ld\u0131r\u0131m, Ekonomi Bakan\u0131 Zafer \u00c7a\u011flayan ve K\u00fclt\u00fcr ve Turizm Bakan\u0131 \u00d6mer \u00c7elik ve pek \u00e7ok b\u00f6lge milletvekillerinin kat\u0131l\u0131m\u0131yla birlikte \u00c7ukurova Havaliman\u0131\u2019n\u0131n temelini birlikte atm\u0131\u015ft\u0131r. A\u00e7\u0131l\u0131\u015f konu\u015fmas\u0131nda Binali Y\u0131ld\u0131r\u0131m Yap-\u0130\u015flet-Devret modeliyle 357 milyon Euro yat\u0131r\u0131mla 3 y\u0131lda tamamlanaca\u011f\u0131n\u0131 s\u00f6ylemi\u015ftir. \u00a0Fakat 19.10.2015 tarihinde \u00c7ukurova Havaliman\u0131n\u0131n yap\u0131m\u0131n\u0131 \u00fcstlenen Ko\u00e7o\u011flu \u0130n\u015faat\u2019\u0131n ya\u015fad\u0131\u011f\u0131 mali sorunlardan dolay\u0131 yeni ihalenin 15 Ocak 2016 y\u0131l\u0131nda yap\u0131laca\u011f\u0131 belirtilmi\u015ftir.<br \/>\n3- 27.10.2015 tarihinde d\u00f6nemin milletvekili olan L\u00fctf\u00fc Elvan Mersin aday tan\u0131t\u0131m toplant\u0131s\u0131nda \u00c7ukurova Havaliman\u0131\u2019n\u0131 en k\u0131sa zamanda Mersin\u2019e kazand\u0131racaklar\u0131n\u0131 s\u00f6ylemi\u015ftir.<br \/>\n4- 02.04.2016 tarihinde d\u00f6nemin ba\u015fbakan yard\u0131mc\u0131s\u0131 olarak g\u00f6rev yapan L\u00fctf\u00fc Elvan Orman ve K\u00f6y \u0130\u015fleri Bakan\u0131 Veysi Ero\u011flu ile Mersin valili\u011finde yapt\u0131\u011f\u0131 bas\u0131n a\u00e7\u0131klamas\u0131nda, \u201cDevlet Hava meydanlar\u0131 Genel M\u00fcd\u00fcrl\u00fc\u011f\u00fc y\u00f6netimi \u00c7ukurova Havaliman\u0131&#8217;n\u0131n Ula\u015ft\u0131rma Bakanl\u0131\u011f\u0131 taraf\u0131ndan yap\u0131laca\u011f\u0131n\u0131 7 Nisan\u2019da ihale tarihinin a\u00e7\u0131klanaca\u011f\u0131n\u0131 belirtilmi\u015ftir.<br \/>\n5- 26.03.2017 tarihinde yeniden \u00e7al\u0131\u015fmalara ba\u015flan\u0131lan \u00c7ukurova Havaliman\u0131 in\u015faat\u0131 ba\u015flatma t\u00f6renine, Kalk\u0131nma Bakan\u0131 L\u00fctfi Elvan, Ula\u015ft\u0131rma Denizcilik ve Haberle\u015fme Bakan\u0131 Ahmet Arslan, Avrupa Birli\u011fi Bakan\u0131 \u00d6mer \u00c7elik, Mersin Valisi \u00d6zdemir, Osmaniye Valisi Kerem Al, Mersin B\u00fcy\u00fck\u015fehir Belediye Ba\u015fkan\u0131 MHP&#8217;li Burhanettin Kocamaz, Adana B\u00fcy\u00fck\u015fehir Belediye Ba\u015fkan\u0131 MHP&#8217;li H\u00fcseyin S\u00f6zl\u00fc, kamu kurum ve kurulu\u015flar\u0131 m\u00fcd\u00fcrleri ve \u00e7ok say\u0131da ki\u015fi kat\u0131lm\u0131\u015ft\u0131r. T\u00f6rende s\u00f6z alan Ula\u015ft\u0131rma Denizcilik ve Haberle\u015fme Bakan\u0131 Ahmet Arslan, \u201chavaliman\u0131n\u0131n y\u0131lda 2 bin 500 ki\u015fiye istihdam sa\u011flayaca\u011f\u0131n\u0131\u201d s\u00f6ylemi\u015f, L\u00fctf\u00fc Elvan ise konu\u015fmas\u0131nda 2018 y\u0131l\u0131n\u0131n sonunda havaliman\u0131n\u0131n hizmete a\u00e7\u0131laca\u011f\u0131n\u0131 s\u00f6yledi.<br \/>\n6- 04.05.2018 tarihinde d\u00f6nemin Kalk\u0131nma Bakan\u0131 L\u00fctf\u00fc Elvan bu sefer \u00c7ukurova Havaliman\u0131n\u0131n 2019 y\u0131l\u0131nda bitece\u011fi vaadinde bulunmu\u015ftur.<br \/>\n7- 24 May\u0131s 2018 tarihinde AKP Ankara aday tan\u0131t\u0131m toplant\u0131s\u0131nda konu\u015fan Recep Tayyip Erdo\u011fan \u201c\u00c7ukurova B\u00f6lgesine hizmet verecek olan 1,2 milyar TL maliyetli \u00c7ukurova B\u00f6lgesel Havaliman\u0131n\u0131n 2019 y\u0131l\u0131nda tamamlanmas\u0131 \u00f6ng\u00f6r\u00fclmektedir.\u201d \u00a0y\u00f6n\u00fcnde a\u00e7\u0131klamada bulunmu\u015ftur.\u00a0<br \/>\n8- 22.12.2018 tarihinde \u00c7ukurova Havaliman\u0131&#8217;nda \u00e7al\u0131\u015fmalar tamamen durmu\u015f, projede fesih yoluna gidilmi\u015ftir.\u00a0<br \/>\n9- 03.03.2019 tarihinde K\u00fclt\u00fcr ve Turizm Bakan\u0131 Mehmet Nuri Ersoy, &#8220;\u00c7ukurova B\u00f6lgesel Havaliman\u0131 in\u015faat\u0131 h\u0131zland\u0131. B\u00f6lgenin yat\u0131r\u0131m i\u00e7in ihtiyac\u0131 olan ana k\u0131s\u0131mlardan biri de bu havaliman\u0131yd\u0131. \u0130n\u015fallah bu ay ilk u\u00e7a\u011f\u0131 piste indirip a\u00e7\u0131lm\u0131\u015f olacak.&#8221; \u00a0y\u00f6n\u00fcnde a\u00e7\u0131klamada bulunmu\u015ftur.\u00a0<br \/>\n10- 05.07.2020 tarihinde Ula\u015ft\u0131rma ve Altyap\u0131 Bakan\u0131 Adil Karaismailo\u011flu, in\u015faat\u0131 devam eden \u00c7ukurova Havaliman\u0131 in\u015faat\u0131nda incelemelerde bulunarak \u00a0\u201cMersin\u2019in Tarsus il\u00e7esinde yap\u0131m\u0131 devam eden \u00c7ukurova B\u00f6lgesel Havaliman\u0131\u2019n\u0131n 2 y\u0131l i\u00e7erisinde tamamlanarak hizmete a\u00e7\u0131laca\u011f\u0131n\u0131\u201d y\u00f6n\u00fcnde a\u00e7\u0131klamalarda bulunmu\u015ftur.<\/p>\n<p>Turan, \u201c\u00c7ukurova B\u00f6lgesel Havaliman\u0131\u2019n\u0131n AKP iktidar\u0131 taraf\u0131ndan her ne kadar farkl\u0131 tarihlerde bitece\u011fi s\u00f6z\u00fc verilmi\u015f olsa da havaliman\u0131 maalesef bir t\u00fcrl\u00fc bitirilememi\u015ftir. Dolay\u0131s\u0131yla \u00c7ukurova B\u00f6lgesel Havaliman\u0131\u2019n\u0131n g\u00fcn\u00fcm\u00fcze kadar bitirilememesinin nedenlerinin ara\u015ft\u0131r\u0131lmas\u0131 ve havaliman\u0131n\u0131n en k\u0131sa s\u00fcrede bitirilmesi \u00c7ukurova B\u00f6lgesinin ekonomik geli\u015fmesi a\u00e7\u0131s\u0131ndan son derece \u00f6nemlidir.\u201d diyerek a\u00e7\u0131klamar\u0131n\u0131 sonland\u0131rd\u0131.<br \/>\n\u00a0<\/p>\n","protected":false},"excerpt":{"rendered":"<p>HDP Mersin Milletvekili Dr. R\u0131dvan Turan, y\u0131llard\u0131r bitirilemeyen \u00c7ukurova B\u00f6lgesel Havaliman\u0131\u2019n\u0131 meclis g\u00fcndemine ta\u015f\u0131d\u0131. HDP Mersin Milletvekili Dr. R\u0131dvan Turan, konuyla ilgili TBMM Ba\u015fkanl\u0131\u011f\u0131na bir ara\u015ft\u0131rma \u00f6nergesi verdi. \u201c\u00c7ukurova B\u00f6lgesel &hellip; <a href=\"https:\/\/akdenizolaygazetesi.com\/?p=8296\" class=\"more-link\">Devam\u0131n\u0131 Oku&#8230;<\/a><\/p>\n","protected":false},"author":1,"featured_media":0,"comment_status":"open","ping_status":"open","sticky":false,"template":"","format":"standard","meta":[],"categories":[],"tags":[],"_links":{"self":[{"href":"https:\/\/akdenizolaygazetesi.com\/index.php?rest_route=\/wp\/v2\/posts\/8296"}],"collection":[{"href":"https:\/\/akdenizolaygazetesi.com\/index.php?rest_route=\/wp\/v2\/posts"}],"about":[{"href":"https:\/\/akdenizolaygazetesi.com\/index.php?rest_route=\/wp\/v2\/types\/post"}],"author":[{"embeddable":true,"href":"https:\/\/akdenizolaygazetesi.com\/index.php?rest_route=\/wp\/v2\/users\/1"}],"replies":[{"embeddable":true,"href":"https:\/\/akdenizolaygazetesi.com\/index.php?rest_route=%2Fwp%2Fv2%2Fcomments&post=8296"}],"version-history":[{"count":0,"href":"https:\/\/akdenizolaygazetesi.com\/index.php?rest_route=\/wp\/v2\/posts\/8296\/revisions"}],"wp:attachment":[{"href":"https:\/\/akdenizolaygazetesi.com\/index.php?rest_route=%2Fwp%2Fv2%2Fmedia&parent=8296"}],"wp:term":[{"taxonomy":"category","embeddable":true,"href":"https:\/\/akdenizolaygazetesi.com\/index.php?rest_route=%2Fwp%2Fv2%2Fcategories&post=8296"},{"taxonomy":"post_tag","embeddable":true,"href":"https:\/\/akdenizolaygazetesi.com\/index.php?rest_route=%2Fwp%2Fv2%2Ftags&post=8296"}],"curies":[{"name":"wp","href":"https:\/\/api.w.org\/{rel}","templated":true}]}}