{"id":8298,"date":"2020-11-04T18:28:46","date_gmt":"2020-11-04T15:28:46","guid":{"rendered":"http:\/\/mersinekonomipolitikagazetesi.com\/?p=8298"},"modified":"2020-11-04T18:28:46","modified_gmt":"2020-11-04T15:28:46","slug":"vali-sudan-akraba-ve-ev-ziyaretleri-uyarisi","status":"publish","type":"post","link":"https:\/\/akdenizolaygazetesi.com\/?p=8298","title":{"rendered":"Vali Su&#8217;dan akraba ve ev ziyaretleri uyar\u0131s\u0131"},"content":{"rendered":"<p>Mersin Valisi Ali \u0130hsan Su, \u0130\u00e7i\u015fleri Bakanl\u0131\u011f\u0131&#8217;n\u0131n 81 ile g\u00f6nderdi\u011fi korona vir\u00fcs genelgesi do\u011frultusunda, maskesini tak\u0131p denetime \u00e7\u0131kt\u0131. \u015eehrin en i\u015flek caddeleri ile toplu ta\u015f\u0131ma ara\u00e7lar\u0131nda denetime kat\u0131lan Vali Su, vatanda\u015flar\u0131 maske, hijyen ve sosyal mesafe konusunda uyar\u0131rken, zorunlu olmad\u0131k\u00e7a akraba ve ev ziyaretlerine gitmemesini istedi.\u00a0<br \/>\n\u0130\u00e7i\u015fleri Bakanl\u0131\u011f\u0131\u2019n\u0131n d\u00fcn 81 ile g\u00f6nderdi\u011fi korona vir\u00fcs genelgesi ile t\u00fcm \u00fclkede denetimler ba\u015flad\u0131. Bu kapsamda Mersin&#8217;de de Vali Ali \u0130hsan Su, \u0130l Emniyet M\u00fcd\u00fcr\u00fc Mehmet \u015eahne, \u0130l Jandarma Komutan\u0131 Albay Necip \u00c7ar\u0131kc\u0131o\u011flu, Sahil G\u00fcvenlik Akdeniz B\u00f6lge Komutan\u0131 Albay O\u011fuz Bavbek ile il protokol\u00fc denetime \u00e7\u0131kt\u0131. Denetimler kapsam\u0131nda kentin en i\u015flek caddeleri ve toplu ta\u015f\u0131ma ara\u00e7lar\u0131nda denetim yapan Vali Su ve beraberindekiler, vatanda\u015flar\u0131 vir\u00fcsten korumak i\u00e7in bilgilendirdi. \u00d6zellikle sosyal mesafe, maske ve hijyen konusunda vatanda\u015flar\u0131 uyaran Su, zorunlu olmad\u0131k\u00e7a akraba ve ev ziyaretlerine gidilmemesini istedi.\u00a0<br \/>\nDenetimlerin ard\u0131ndan gazetecilere a\u00e7\u0131klamalarda bulunan Vali Su, bug\u00fcnde t\u00fcm birimlerle birlikte denetime \u00e7\u0131kt\u0131klar\u0131n\u0131 s\u00f6yledi. Denetimlerde maske, sosyal mesafe ve hijyen konusuna bakt\u0131klar\u0131n\u0131 kaydeden Su, &#8220;Tabiki her vesileyle ifade ediyorum. Biz pandeminin \u00fczerinden hep beraber gelebiliriz ancak buda 3 kurala uyarsak ger\u00e7ekle\u015ftirebiliriz. Birincisi maske. Mutlaka maskelerimizi takaca\u011f\u0131z. \u0130kincisi mesafe. Fiziki mesafeye, sosyal mesafeye dikkat edece\u011fiz. 3&#8217;\u00fcnc\u00fcs\u00fc de hijyene, temizli\u011fe dikkat edece\u011fiz. Bu 3 kurala dikkat ederek, hayat\u0131m\u0131z\u0131 normal bir \u015fekilde devam edece\u011fiz. G\u00f6rd\u00fc\u011f\u00fcm\u00fcz kadar\u0131yla, yapt\u0131\u011f\u0131m\u0131z denetimlerde bir kere fark\u0131ndal\u0131k art\u0131rmaya \u00e7al\u0131\u015f\u0131yoruz. Bizim amac\u0131m\u0131z ceza yazmak de\u011fil, vatanda\u015flar\u0131m\u0131za bu anlamda fark\u0131ndal\u0131\u011f\u0131 olu\u015fturmak, bu bilinci geli\u015ftirmek istiyoruz. Maskesiz d\u0131\u015far\u0131 \u00e7\u0131kmamalar\u0131n\u0131 sa\u011flamak, mesafeye ve hijyene uymalar\u0131 i\u00e7in uyar\u0131larda bulunuyoruz. Vatanda\u015flar\u0131m\u0131zda g\u00f6rd\u00fc\u011f\u00fcm kadar\u0131yla, \u00e7ar\u015f\u0131da, pazarda, AVM&#8217;lerde, sosyal alanlarda, kapal\u0131 mekanlarda maske takmaya dikkat ediyor. B\u00fct\u00fcn vatanda\u015flar\u0131m\u0131zdan \u00f6zellikle iste\u011fim akraba, ev ziyaretlerini bir s\u00fcre erteleyelim, \u00e7ok zorunlu ise orada da maskeli olmaya, mesafeye, hijyene dikkat edelim. Hep birlikte, \u00f6nce kendimizin sa\u011fl\u0131\u011f\u0131 sonra hepimizin sa\u011fl\u0131\u011f\u0131 i\u00e7in kurallara uyal\u0131m diyorum. Kurallara uyarsak bu i\u015fin \u00fcstesinden gelece\u011fiz. Yeter ki kurallara uyal\u0131m&#8221; dedi.\u00a0<br \/>\n\u00d6te yandan d\u00fcn Sa\u011fl\u0131k Bakan\u0131 Fahrettin Koca, Bilim Kurulu Toplant\u0131s\u0131&#8217;n\u0131n ard\u0131ndan yapt\u0131\u011f\u0131 bas\u0131n a\u00e7\u0131klamas\u0131nda, son hafta g\u00fcnl\u00fck ortalama vaka say\u0131s\u0131na g\u00f6re en y\u00fcksek art\u0131\u015f g\u00f6steren illerin y\u00fczde 39,37 ile Kayseri, y\u00fczde 38,84 Ankara, y\u00fczde 36,99 ile Mersin oldu\u011funu a\u00e7\u0131klam\u0131\u015ft\u0131. \u00a0<\/p>\n","protected":false},"excerpt":{"rendered":"<p>Mersin Valisi Ali \u0130hsan Su, \u0130\u00e7i\u015fleri Bakanl\u0131\u011f\u0131&#8217;n\u0131n 81 ile g\u00f6nderdi\u011fi korona vir\u00fcs genelgesi do\u011frultusunda, maskesini tak\u0131p denetime \u00e7\u0131kt\u0131. \u015eehrin en i\u015flek caddeleri ile toplu ta\u015f\u0131ma ara\u00e7lar\u0131nda denetime kat\u0131lan Vali Su, &hellip; <a href=\"https:\/\/akdenizolaygazetesi.com\/?p=8298\" class=\"more-link\">Devam\u0131n\u0131 Oku&#8230;<\/a><\/p>\n","protected":false},"author":1,"featured_media":0,"comment_status":"open","ping_status":"open","sticky":false,"template":"","format":"standard","meta":[],"categories":[],"tags":[],"_links":{"self":[{"href":"https:\/\/akdenizolaygazetesi.com\/index.php?rest_route=\/wp\/v2\/posts\/8298"}],"collection":[{"href":"https:\/\/akdenizolaygazetesi.com\/index.php?rest_route=\/wp\/v2\/posts"}],"about":[{"href":"https:\/\/akdenizolaygazetesi.com\/index.php?rest_route=\/wp\/v2\/types\/post"}],"author":[{"embeddable":true,"href":"https:\/\/akdenizolaygazetesi.com\/index.php?rest_route=\/wp\/v2\/users\/1"}],"replies":[{"embeddable":true,"href":"https:\/\/akdenizolaygazetesi.com\/index.php?rest_route=%2Fwp%2Fv2%2Fcomments&post=8298"}],"version-history":[{"count":0,"href":"https:\/\/akdenizolaygazetesi.com\/index.php?rest_route=\/wp\/v2\/posts\/8298\/revisions"}],"wp:attachment":[{"href":"https:\/\/akdenizolaygazetesi.com\/index.php?rest_route=%2Fwp%2Fv2%2Fmedia&parent=8298"}],"wp:term":[{"taxonomy":"category","embeddable":true,"href":"https:\/\/akdenizolaygazetesi.com\/index.php?rest_route=%2Fwp%2Fv2%2Fcategories&post=8298"},{"taxonomy":"post_tag","embeddable":true,"href":"https:\/\/akdenizolaygazetesi.com\/index.php?rest_route=%2Fwp%2Fv2%2Ftags&post=8298"}],"curies":[{"name":"wp","href":"https:\/\/api.w.org\/{rel}","templated":true}]}}