{"id":8301,"date":"2020-11-04T18:28:46","date_gmt":"2020-11-04T15:28:46","guid":{"rendered":"http:\/\/mersinekonomipolitikagazetesi.com\/?p=8301"},"modified":"2020-11-04T18:28:46","modified_gmt":"2020-11-04T15:28:46","slug":"son-on-yil-icerisinde-mersin-ilinde-kac-kadin-oldurulmustur","status":"publish","type":"post","link":"https:\/\/akdenizolaygazetesi.com\/?p=8301","title":{"rendered":"\u201cSon on y\u0131l i\u00e7erisinde Mersin ilinde ka\u00e7 kad\u0131n \u00f6ld\u00fcr\u00fclm\u00fc\u015ft\u00fcr?\u201d"},"content":{"rendered":"<p>HDP Mersin Milletvekili Fatma Kurtulan Aile, \u00c7al\u0131\u015fma ve Sosyal Politikalar Bakan\u0131 \u00a0Zehra Z\u00fcmr\u00fct<br \/>\nSel\u00e7uk taraf\u0131ndan yan\u0131tlanmas\u0131 i\u00e7in \u2018Kad\u0131na Y\u00f6nelik \u015eiddet\u2019 ile ilgili soru \u00f6nergesi verdi.<br \/>\nKurtulan, \u201cKad\u0131na y\u00f6nelik \u015fiddet \u00fclke g\u00fcndeminin s\u0131ralamas\u0131nda hi\u00e7 de\u011fi\u015fmeyen, ba\u015fta g\u00fcndem olmaya devam etse de Sel\u00e7ik taraf\u0131ndan yap\u0131lan a\u00e7\u0131klamada, \u201cHer kad\u0131n cinayeti bizim kad\u0131na y\u00f6nelik \u015fiddetteki kad\u0131n cinayeti de\u011fildir. Her intihar kad\u0131n cinayeti de\u011fildir. Her \u015f\u00fcpheli \u00f6l\u00fcm de kad\u0131n cinayeti de\u011fildir\u201d denmi\u015ftir. Ne var ki kamuoyuna yans\u0131yan resmi veriler bu a\u00e7\u0131klama ile tezat durumdad\u0131r. Nitekim 2009\u2019da Adalet Bakanl\u0131\u011f\u0131\u2019n\u0131n veri payla\u015f\u0131m\u0131, 2002\u2019den 2009\u2019a kadar kad\u0131na y\u00f6nelik \u015fiddet vakalar\u0131nda y\u00fczde 1400\u2019l\u00fck bir art\u0131\u015f oldu\u011funu g\u00f6stermi\u015ftir. Payla\u015f\u0131lan bu veriler son derece \u00f6nemli bir tabloyu g\u00fcn y\u00fcz\u00fcne \u00e7\u0131karmaktad\u0131r. Bu tarihten itibaren uzunca bir s\u00fcre boyunca ilgili bakanl\u0131klarca herhangi bir veri payla\u015f\u0131lmam\u0131\u015f olmas\u0131, verilerin artt\u0131\u011f\u0131na dair emare olarak de\u011ferlendirilmektedir. En son resmi veri payla\u015f\u0131m\u0131, 2019 y\u0131l\u0131nda Polis Akademisi taraf\u0131ndan payla\u015f\u0131lan 2016-2018 istatistikleridir. Burada ise sadece 3 y\u0131lda 932 kad\u0131n cinayeti oldu\u011fu belirtilmekte olup, iktidar\u0131n verileri gizledi\u011fine dair kayg\u0131lar artmaktad\u0131r. \u00c7\u00fcnk\u00fc kad\u0131n dernekleri taraf\u0131ndan ifade edilen rakamlar bunun \u00e7ok \u00fcst\u00fcnde olup, sadece bas\u0131na yans\u0131yan vakalar dahi eril \u015fiddetin boyutlar\u0131n\u0131 g\u00f6zler \u00f6n\u00fcne sermektedir. Neredeyse her g\u00fcn birka\u00e7 kad\u0131n cinayetine tan\u0131kl\u0131k ediliyor olmas\u0131 ile birlikte \u015f\u00fcpheli kad\u0131n \u00f6l\u00fcmleri, fiziksel \u015fiddet, taciz, tecav\u00fcz, istismar vakalar\u0131 da eklenince erkek \u015fiddeti \u00f6nlenemez boyutlara varm\u0131\u015f durumdad\u0131r.\u201d a\u00e7\u0131klamar\u0131n\u0131 yapt\u0131.<\/p>\n<p>Fatma Kurtulan\u2019\u0131n verdi\u011fi \u00f6nergede \u015fu sorular yer ald\u0131; \u00a0<br \/>\nSon on y\u0131l i\u00e7erisinde Mersin ilinde ka\u00e7 kad\u0131n \u00f6ld\u00fcr\u00fclm\u00fc\u015ft\u00fcr? Mersin\u2019de ger\u00e7ekle\u015fen kad\u0131n cinayetlerinin failleri belirlenmi\u015f midir? Faillerin kim oldu\u011funa dair istatistiki bilgiler ne \u015fekildedir?<br \/>\nMersin ilinde kad\u0131n cinayetlerinin failleri hakk\u0131nda etkin soru\u015fturma ba\u015flat\u0131lm\u0131\u015f m\u0131d\u0131r? Soru\u015fturmalar neticesinde ka\u00e7 ki\u015fi hakk\u0131nda dava a\u00e7\u0131lm\u0131\u015f, ka\u00e7 ki\u015fi hakk\u0131nda kovu\u015fturmaya gerek olmad\u0131\u011f\u0131 y\u00f6n\u00fcnde karar verilmi\u015ftir?<br \/>\nMersin ilinde ger\u00e7ekle\u015fen kad\u0131n cinayetlerinin yarg\u0131lanan failleri ne kadar ceza alm\u0131\u015ft\u0131r? Buna dair istatistiki bilgiler ne \u015fekildedir?<br \/>\nMersin ilinde kad\u0131n cinayeti faillerinden ceza alan, davas\u0131 devam eden ve beraat edenlerin say\u0131s\u0131na dair istatistiki bilgiler ne \u015fekildedir?<br \/>\nMersin ilinde son on y\u0131l i\u00e7erisinde ka\u00e7 \u015f\u00fcpheli kad\u0131n \u00f6l\u00fcm\u00fc ger\u00e7ekle\u015fmi\u015ftir?<br \/>\nMersin ilinde ger\u00e7ekle\u015fen \u015f\u00fcpheli kad\u0131n \u00f6l\u00fcmlerinde etkin soru\u015fturma y\u00fcr\u00fct\u00fclm\u00fc\u015f m\u00fcd\u00fcr? Y\u00fcr\u00fct\u00fclen soru\u015fturmalar neticesinde ka\u00e7 ki\u015fi hakk\u0131nda dava a\u00e7\u0131lm\u0131\u015ft\u0131r? A\u00e7\u0131lan davalar\u0131n ak\u0131beti ne olmu\u015ftur?<br \/>\nMersin ilinde kad\u0131na y\u00f6nelik \u015fiddet kapsam\u0131nda 10 y\u0131l i\u00e7erisinde ka\u00e7 \u015fikayet ba\u015fvurusu yap\u0131lm\u0131\u015ft\u0131r? Yap\u0131lan ba\u015fvurular neticesinde ka\u00e7 kamu davas\u0131 a\u00e7\u0131lm\u0131\u015ft\u0131r? Davalar ne \u015fekilde neticelenmi\u015ftir? Ka\u00e7 ki\u015fi ceza alm\u0131\u015f, ka\u00e7 ki\u015fi beraat etmi\u015ftir?<br \/>\nMersin ilinde tecav\u00fcz, taciz, istismar vakalar\u0131na dair son on y\u0131l i\u00e7erisinde ka\u00e7 \u015fikayet ba\u015fvurusu yap\u0131lm\u0131\u015ft\u0131r? Yap\u0131lan ba\u015fvurular neticesinde ka\u00e7 kamu davas\u0131 a\u00e7\u0131lm\u0131\u015ft\u0131r? Davalar ne \u015fekilde neticelenmi\u015ftir? Ka\u00e7 ki\u015fi ceza alm\u0131\u015f, ka\u00e7 ki\u015fi beraat etmi\u015ftir?<br \/>\nMersin ili genelinde son on y\u0131l i\u00e7erisinde Bakanl\u0131\u011f\u0131n\u0131z\u0131n m\u00fcdahil oldu\u011fu ka\u00e7 kad\u0131na y\u00f6nelik \u015fiddet, cinayet, taciz, tecav\u00fcz ve istismar davas\u0131 vard\u0131r? Bu davalar\u0131n neticelerine dair istatistiki bilgiler ne \u015fekildedir?<br \/>\nBakanl\u0131\u011f\u0131n\u0131z\u0131n bu t\u00fcr davalara m\u00fcdahil olmas\u0131, yarg\u0131lamalar\u0131n seyrine katk\u0131 sa\u011flamakta m\u0131d\u0131r?<br \/>\nKad\u0131n cinayetlerinin s\u0131radan ve me\u015fru hale geldi\u011fine dair s\u00f6ylem ve tespitler kar\u015f\u0131s\u0131nda Bakanl\u0131k olarak bu alg\u0131y\u0131 de\u011fi\u015ftirmek ve kad\u0131nlar\u0131n \u015fiddete maruz kalmas\u0131n\u0131 engellemek ad\u0131na bir \u00e7al\u0131\u015fma yap\u0131lmas\u0131n\u0131 ne zaman g\u00fcndeminize alacaks\u0131n\u0131z?<br \/>\nBakanl\u0131\u011f\u0131n\u0131z \u015fiddete, tacize ve tecav\u00fcze maruz kalan kad\u0131nlara psikolojik destek sa\u011flamakta m\u0131d\u0131r? Yine kad\u0131n cinayetinde ya\u015fam hakk\u0131 elinden al\u0131nan kad\u0131nlar\u0131n geride b\u0131rakt\u0131klar\u0131 \u00e7ocuklara Bakanl\u0131k olarak ne t\u00fcr bir destek sa\u011fl\u0131yorsunuz?\u00a0<br \/>\n\u00a0<\/p>\n","protected":false},"excerpt":{"rendered":"<p>HDP Mersin Milletvekili Fatma Kurtulan Aile, \u00c7al\u0131\u015fma ve Sosyal Politikalar Bakan\u0131 \u00a0Zehra Z\u00fcmr\u00fct Sel\u00e7uk taraf\u0131ndan yan\u0131tlanmas\u0131 i\u00e7in \u2018Kad\u0131na Y\u00f6nelik \u015eiddet\u2019 ile ilgili soru \u00f6nergesi verdi. Kurtulan, \u201cKad\u0131na y\u00f6nelik \u015fiddet \u00fclke &hellip; <a href=\"https:\/\/akdenizolaygazetesi.com\/?p=8301\" class=\"more-link\">Devam\u0131n\u0131 Oku&#8230;<\/a><\/p>\n","protected":false},"author":1,"featured_media":0,"comment_status":"open","ping_status":"open","sticky":false,"template":"","format":"standard","meta":[],"categories":[],"tags":[],"_links":{"self":[{"href":"https:\/\/akdenizolaygazetesi.com\/index.php?rest_route=\/wp\/v2\/posts\/8301"}],"collection":[{"href":"https:\/\/akdenizolaygazetesi.com\/index.php?rest_route=\/wp\/v2\/posts"}],"about":[{"href":"https:\/\/akdenizolaygazetesi.com\/index.php?rest_route=\/wp\/v2\/types\/post"}],"author":[{"embeddable":true,"href":"https:\/\/akdenizolaygazetesi.com\/index.php?rest_route=\/wp\/v2\/users\/1"}],"replies":[{"embeddable":true,"href":"https:\/\/akdenizolaygazetesi.com\/index.php?rest_route=%2Fwp%2Fv2%2Fcomments&post=8301"}],"version-history":[{"count":0,"href":"https:\/\/akdenizolaygazetesi.com\/index.php?rest_route=\/wp\/v2\/posts\/8301\/revisions"}],"wp:attachment":[{"href":"https:\/\/akdenizolaygazetesi.com\/index.php?rest_route=%2Fwp%2Fv2%2Fmedia&parent=8301"}],"wp:term":[{"taxonomy":"category","embeddable":true,"href":"https:\/\/akdenizolaygazetesi.com\/index.php?rest_route=%2Fwp%2Fv2%2Fcategories&post=8301"},{"taxonomy":"post_tag","embeddable":true,"href":"https:\/\/akdenizolaygazetesi.com\/index.php?rest_route=%2Fwp%2Fv2%2Ftags&post=8301"}],"curies":[{"name":"wp","href":"https:\/\/api.w.org\/{rel}","templated":true}]}}