{"id":8302,"date":"2020-11-04T18:28:46","date_gmt":"2020-11-04T15:28:46","guid":{"rendered":"http:\/\/mersinekonomipolitikagazetesi.com\/?p=8302"},"modified":"2020-11-04T18:28:46","modified_gmt":"2020-11-04T15:28:46","slug":"mgcden-duygu-canova-ve-bedrettin-gundese-hayirli-olsun-ziyareti","status":"publish","type":"post","link":"https:\/\/akdenizolaygazetesi.com\/?p=8302","title":{"rendered":"MGC\u2019den Duygu Canova  ve Bedrettin G\u00fcnde\u015f\u2019e  hay\u0131rl\u0131 olsun ziyareti"},"content":{"rendered":"<p>Mersin Gazeteciler Cemiyeti y\u00f6netim kurulu \u00fcyeleri, bundan sonra Vahap Se\u00e7er\u2019in Bas\u0131n Dan\u0131\u015fmanl\u0131\u011f\u0131 g\u00f6revini y\u00fcr\u00fctecek olan Duygu Canova ve B\u00fcy\u00fck\u015fehir Belediyesi Bas\u0131n Yay\u0131n ve Halkla \u0130li\u015fkiler Dairesi Ba\u015fkanl\u0131\u011f\u0131\u2019na getirilen Bedrettin G\u00fcnde\u015f\u2019e hay\u0131rl\u0131 olsun ziyaretinde bulundu.<br \/>\nMersin B\u00fcy\u00fck\u015fehir Belediye Ba\u015fkan\u0131 Vahap Se\u00e7er\u2019in daire ba\u015fkanl\u0131klar\u0131nda yapm\u0131\u015f oldu\u011fu de\u011fi\u015fiklik sonucunda Bas\u0131n Yay\u0131n ve Halkla \u0130li\u015fkiler Daire Ba\u015fkanl\u0131\u011f\u0131 g\u00f6revinde bulunan Duygu Canova, Ba\u015fkan Se\u00e7er\u2019in bas\u0131n dan\u0131\u015fman\u0131 oldu. Bas\u0131n Yay\u0131n ve Halkla \u0130li\u015fkiler Dairesi Ba\u015fkanl\u0131\u011f\u0131na ise Bedrettin G\u00fcnde\u015f getirildi. Yap\u0131lan g\u00f6rev de\u011fi\u015fikli\u011fi sonucu Mersin Gazeteciler Cemiyeti (MGC) y\u00f6netim kurulu \u00fcyeleri, Duygu Canova ve Bedrettin G\u00fcnde\u015fi makamlar\u0131nda ziyaret etti. MGC y\u00f6netim kurulu ad\u0131na her iki isme de hay\u0131rl\u0131 olsun dileklerinde bulunan Ba\u015fkan R. Kaya Tepe, \u201cKent gazetecileri, kentin haf\u0131zas\u0131, kentin tarihi. Bu anlamda biz Mersin gazetecileri olarak kentin en \u00f6nemli kurumlar\u0131ndan biri olan Mersin B\u00fcy\u00fck\u015fehir Belediyesi ile ili\u015fkilerimizi her zaman i\u00e7in \u00f6nemsedik. Duygu Canova\u2019n\u0131n g\u00f6revi s\u00fcresince cemiyetimize \u00e7ok s\u0131cak yakla\u015f\u0131mlar\u0131 oldu. Kente dair yapm\u0131\u015f oldu\u011fu hizmetlerinden dolay\u0131 kendisine te\u015fekk\u00fcr ediyorum. \u00a0Bedrettin G\u00fcnde\u015f ise zaten belediyecili\u011fin i\u00e7inden gelmi\u015f bir ki\u015fi. Kent ya\u015fam\u0131na, bilincine, kentlilik olgusuna hakim ve bu alanlarda g\u00f6rev alm\u0131\u015f bir isim. \u00d6te yandan her iki ba\u015fkan\u0131m\u0131z da cemiyetimizin \u00fcyesi. Bundan da ayr\u0131 bir mutluluk duyuyoruz. Bizim i\u00e7in ayr\u0131 bir onur vesilesi. Kentin en \u00f6nemli kurumlar\u0131n\u0131n ba\u015f\u0131ndaki insanlar\u0131n cemiyetimiz \u00fcyesi olmas\u0131 bizi gururland\u0131r\u0131yor. Biz hem Duygu Canova\u2019ya hem de Bedrettin G\u00fcnde\u015f\u2019e hay\u0131rl\u0131 olsun diliyoruz. Bu d\u00f6nemin kentimiz i\u00e7in hay\u0131rl\u0131 olmas\u0131n\u0131 umut ediyorum.\u201d dedi.<br \/>\nMersin B\u00fcy\u00fck\u015fehir Belediyesi Ba\u015fkan\u0131 Vahap Se\u00e7er\u2019in Bas\u0131n Dan\u0131\u015fman\u0131 Duygu Canova, \u201cMekanlar ve konumlar farkl\u0131 olsa da birbirimizden hi\u00e7 kopmad\u0131k \u00e7\u00fcnk\u00fc ben de bir gazeteciyim ve sekt\u00f6r\u00fcn i\u00e7inden geldim. Bunun avantajlar\u0131n\u0131 da ziyadesiyle ya\u015fad\u0131m. Kent olarak, d\u00fcnya olarak \u00e7ok zorlu bir s\u00fcre\u00e7 i\u00e7erisindeyiz hala ve bu s\u00fcre\u00e7 i\u00e7erisinde de belki en fazla birbirimize destek olup, birbirimizden g\u00fc\u00e7 almam\u0131z gereken bir d\u00f6nem ya\u015fad\u0131k. Bu bize bir\u00e7ok \u015feyi de \u00f6\u011fretti beraberinde. Bundan \u00f6nceki y\u00f6netimsel anlay\u0131\u015f\u0131n belki de tamamen d\u0131\u015f\u0131na \u00e7\u0131kt\u0131k. \u00c7\u00fcnk\u00fc ne olursa olsun, her hal ve \u015fartta o, bu demeden el birli\u011fi ile bu gemiyi sa\u011f salim limana ula\u015ft\u0131rmak durumundayd\u0131k. Umuyorum ki bundan sonra da bu birlikteli\u011fi sa\u011flayarak kent ad\u0131na g\u00fczel i\u015fler yapmaya devam edece\u011fiz.\u201d diye konu\u015farak MGC y\u00f6netimine ziyaretlerinden dolay\u0131 te\u015fekk\u00fcr etti.<br \/>\nBas\u0131n Yay\u0131n ve Halkla \u0130li\u015fkiler Dairesi Ba\u015fkan\u0131 Bedrettin G\u00fcnde\u015f, yerel bas\u0131n\u0131n ya\u015fad\u0131\u011f\u0131 sorunlara hakim oldu\u011funu s\u00f6yleyerek, bu konuda herkese adil ve e\u015fit bir \u015fekilde gerekli desteklerde bulunaca\u011f\u0131n\u0131 ifade etti. Bas\u0131n\u0131n \u00f6nemine vurgu yapan G\u00fcnde\u015f, \u201cBas\u0131nda g\u00f6rev alan \u00e7ok de\u011ferli arkada\u015flar\u0131m\u0131z bu kentin daha ileriye gitmesi i\u00e7in bizim eksikli\u011fimizi, bizim yetmezli\u011fimizi belki g\u00fcndeme getirecekler. Ama kentle ilgili yap\u0131labilecek her t\u00fcrl\u00fc hizmeti de kamuoyuna aktarma konusunda bizle birlikte katk\u0131 sunacaklar. O nedenle bir b\u00fct\u00fcn olarak beraber \u00e7al\u0131\u015faca\u011f\u0131z bas\u0131nla demek m\u00fcmk\u00fcn. Mersin B\u00fcy\u00fck\u015fehir Belediyesi halka hizmet g\u00f6t\u00fcren bir kurum ve bu hizmetlerin kamuoyuna duyurulmas\u0131 a\u00e7\u0131s\u0131ndan bas\u0131n en \u00f6nemli ayaklardan biridir. Bas\u0131n bunu yapmazsa biz istedi\u011fimiz kadar hizmet edelim kenti bu konuda ayd\u0131nlatmada yetersiz kalaca\u011f\u0131z. Bu nedenle bas\u0131n bizim i\u00e7in \u00e7ok de\u011ferli ve \u00f6nemlidir. MGC y\u00f6netiminin, ya\u015fad\u0131\u011f\u0131m\u0131z bu g\u00f6rev de\u011fi\u015fiminin hemen ertesi g\u00fcn\u00fcnde bizi ziyaret etmelerinden dolay\u0131 son derece mutluyuz. Kentimiz ve b\u00f6lgemiz i\u00e7in birlikte hareket etmemizin \u00f6nemli oldu\u011funu d\u00fc\u015f\u00fcn\u00fcyorum. Yerel bas\u0131n\u0131n desteklenmesinden yana olan biriyim. Yerel bas\u0131n\u0131n g\u00fc\u00e7lenmesini istiyorum. Bunu adaletli bir \u015fekilde, herkesin konumuna, durumuna destek vererek ama e\u015fit davranarak gereken deste\u011fi s\u00fcrd\u00fcrece\u011fiz. \u00d6zellikle bu konuda cemiyetle birlikte b\u00fct\u00fcn gazete, televizyon ve radyolar\u0131n yan\u0131nda olaca\u011f\u0131z. Onlar\u0131n sorunlar\u0131n\u0131 dinleyip \u00e7\u00f6z\u00fcm \u00fcretme \u00e7abas\u0131 i\u00e7erisinde olaca\u011f\u0131z.\u201d \u015feklinde konu\u015ftu.<br \/>\n\u00a0<\/p>\n","protected":false},"excerpt":{"rendered":"<p>Mersin Gazeteciler Cemiyeti y\u00f6netim kurulu \u00fcyeleri, bundan sonra Vahap Se\u00e7er\u2019in Bas\u0131n Dan\u0131\u015fmanl\u0131\u011f\u0131 g\u00f6revini y\u00fcr\u00fctecek olan Duygu Canova ve B\u00fcy\u00fck\u015fehir Belediyesi Bas\u0131n Yay\u0131n ve Halkla \u0130li\u015fkiler Dairesi Ba\u015fkanl\u0131\u011f\u0131\u2019na getirilen Bedrettin G\u00fcnde\u015f\u2019e &hellip; <a href=\"https:\/\/akdenizolaygazetesi.com\/?p=8302\" class=\"more-link\">Devam\u0131n\u0131 Oku&#8230;<\/a><\/p>\n","protected":false},"author":1,"featured_media":0,"comment_status":"open","ping_status":"open","sticky":false,"template":"","format":"standard","meta":[],"categories":[],"tags":[],"_links":{"self":[{"href":"https:\/\/akdenizolaygazetesi.com\/index.php?rest_route=\/wp\/v2\/posts\/8302"}],"collection":[{"href":"https:\/\/akdenizolaygazetesi.com\/index.php?rest_route=\/wp\/v2\/posts"}],"about":[{"href":"https:\/\/akdenizolaygazetesi.com\/index.php?rest_route=\/wp\/v2\/types\/post"}],"author":[{"embeddable":true,"href":"https:\/\/akdenizolaygazetesi.com\/index.php?rest_route=\/wp\/v2\/users\/1"}],"replies":[{"embeddable":true,"href":"https:\/\/akdenizolaygazetesi.com\/index.php?rest_route=%2Fwp%2Fv2%2Fcomments&post=8302"}],"version-history":[{"count":0,"href":"https:\/\/akdenizolaygazetesi.com\/index.php?rest_route=\/wp\/v2\/posts\/8302\/revisions"}],"wp:attachment":[{"href":"https:\/\/akdenizolaygazetesi.com\/index.php?rest_route=%2Fwp%2Fv2%2Fmedia&parent=8302"}],"wp:term":[{"taxonomy":"category","embeddable":true,"href":"https:\/\/akdenizolaygazetesi.com\/index.php?rest_route=%2Fwp%2Fv2%2Fcategories&post=8302"},{"taxonomy":"post_tag","embeddable":true,"href":"https:\/\/akdenizolaygazetesi.com\/index.php?rest_route=%2Fwp%2Fv2%2Ftags&post=8302"}],"curies":[{"name":"wp","href":"https:\/\/api.w.org\/{rel}","templated":true}]}}