{"id":8313,"date":"2020-11-04T18:28:47","date_gmt":"2020-11-04T15:28:47","guid":{"rendered":"http:\/\/mersinekonomipolitikagazetesi.com\/?p=8313"},"modified":"2020-11-04T18:28:47","modified_gmt":"2020-11-04T15:28:47","slug":"akdenizde-okullar-egitime-hazirlaniyor","status":"publish","type":"post","link":"https:\/\/akdenizolaygazetesi.com\/?p=8313","title":{"rendered":"Akdeniz\u2019de okullar e\u011fitime haz\u0131rlan\u0131yor"},"content":{"rendered":"<p>Mersin\u2019in merkez il\u00e7e Akdeniz Belediyesi \u00c7evre Koruma ve Kontrol M\u00fcd\u00fcrl\u00fc\u011f\u00fc ekipleri, pazartesi g\u00fcn\u00fc birinci s\u0131n\u0131f ve okul \u00f6ncesi \u00e7ocuklar i\u00e7in ba\u015flayacak yeni e\u011fitim-\u00f6\u011fretim d\u00f6nemi \u00f6ncesinde okullarda temizlik \u00e7al\u0131\u015fmalar\u0131n\u0131 artt\u0131rd\u0131.\u00a0<br \/>\nAkdeniz Belediyesinden yap\u0131lan a\u00e7\u0131klamaya g\u00f6re, korona vir\u00fcs salg\u0131n\u0131 ile m\u00fccadele kapsam\u0131nda aylard\u0131r yo\u011fun bir \u00e7al\u0131\u015fma i\u00e7inde olan, y\u00fczlerce okul, ev ve i\u015f yerini ila\u00e7lay\u0131p, vir\u00fcse kar\u015f\u0131 dezenfekte eden ekipler, birinci s\u0131n\u0131f ve okul \u00f6ncesi \u00f6\u011frencileri i\u00e7in 21 Eyl\u00fcl 2020 Pazartesi g\u00fcn\u00fc okullar\u0131n a\u00e7\u0131lacak olmas\u0131 dolay\u0131s\u0131yla okul bah\u00e7elerinde temizlik, y\u0131kama ve bak\u0131m \u00e7al\u0131\u015fmas\u0131 ger\u00e7ekle\u015ftiriyor. Ekipler, okul civarlar\u0131nda olan \u00e7\u00f6p konteynerlerini de dezenfekte ediyor.\u00a0<br \/>\nAkdeniz Belediye Ba\u015fkan\u0131 Muhammet Mustafa G\u00fcltak, \u00f6\u011fretmen ve \u00f6\u011frencilerin daha sa\u011fl\u0131kl\u0131, temiz ve hijyenik bir ortamda e\u011fitim ve \u00f6\u011fretim s\u00fcrecini ya\u015fayabilmeleri amac\u0131yla belediye olarak \u00fczerlerine d\u00fc\u015fen g\u00f6rev ve sorumlulu\u011fu yerine getirmeye \u00e7al\u0131\u015ft\u0131klar\u0131n\u0131 ifade etti. Ba\u015fkan G\u00fcltak, \u201cYeni e\u011fitim-\u00f6\u011fretim d\u00f6neminin, t\u00fcm zorluklara kar\u015f\u0131n hay\u0131rlara vesile olmas\u0131n\u0131 temenni ederim. En k\u0131ymetli varl\u0131\u011f\u0131m\u0131z olan sevgili \u00e7ocuklar\u0131m\u0131z\u0131n ve sayg\u0131de\u011fer \u00f6\u011fretmenlerimizin temiz ve sa\u011fl\u0131kl\u0131 bir ortamda e\u011fitimlerine ba\u015flamalar\u0131n\u0131 istiyoruz. Vir\u00fcs tehdidi oldu\u011fu s\u00fcrece belediye olarak dezenfekte \u00e7al\u0131\u015fmalar\u0131m\u0131z devam edecek. Halk\u0131m\u0131zdan da ricam\u0131z; kendileri ve sevdiklerinin sa\u011fl\u0131\u011f\u0131n\u0131 korumak i\u00e7in salg\u0131na kar\u015f\u0131 al\u0131nan tedbirlere mutlaka uymalar\u0131d\u0131r\u201d dedi.\u00a0<\/p>\n","protected":false},"excerpt":{"rendered":"<p>Mersin\u2019in merkez il\u00e7e Akdeniz Belediyesi \u00c7evre Koruma ve Kontrol M\u00fcd\u00fcrl\u00fc\u011f\u00fc ekipleri, pazartesi g\u00fcn\u00fc birinci s\u0131n\u0131f ve okul \u00f6ncesi \u00e7ocuklar i\u00e7in ba\u015flayacak yeni e\u011fitim-\u00f6\u011fretim d\u00f6nemi \u00f6ncesinde okullarda temizlik \u00e7al\u0131\u015fmalar\u0131n\u0131 artt\u0131rd\u0131.\u00a0 Akdeniz &hellip; <a href=\"https:\/\/akdenizolaygazetesi.com\/?p=8313\" class=\"more-link\">Devam\u0131n\u0131 Oku&#8230;<\/a><\/p>\n","protected":false},"author":1,"featured_media":0,"comment_status":"open","ping_status":"open","sticky":false,"template":"","format":"standard","meta":[],"categories":[],"tags":[],"_links":{"self":[{"href":"https:\/\/akdenizolaygazetesi.com\/index.php?rest_route=\/wp\/v2\/posts\/8313"}],"collection":[{"href":"https:\/\/akdenizolaygazetesi.com\/index.php?rest_route=\/wp\/v2\/posts"}],"about":[{"href":"https:\/\/akdenizolaygazetesi.com\/index.php?rest_route=\/wp\/v2\/types\/post"}],"author":[{"embeddable":true,"href":"https:\/\/akdenizolaygazetesi.com\/index.php?rest_route=\/wp\/v2\/users\/1"}],"replies":[{"embeddable":true,"href":"https:\/\/akdenizolaygazetesi.com\/index.php?rest_route=%2Fwp%2Fv2%2Fcomments&post=8313"}],"version-history":[{"count":0,"href":"https:\/\/akdenizolaygazetesi.com\/index.php?rest_route=\/wp\/v2\/posts\/8313\/revisions"}],"wp:attachment":[{"href":"https:\/\/akdenizolaygazetesi.com\/index.php?rest_route=%2Fwp%2Fv2%2Fmedia&parent=8313"}],"wp:term":[{"taxonomy":"category","embeddable":true,"href":"https:\/\/akdenizolaygazetesi.com\/index.php?rest_route=%2Fwp%2Fv2%2Fcategories&post=8313"},{"taxonomy":"post_tag","embeddable":true,"href":"https:\/\/akdenizolaygazetesi.com\/index.php?rest_route=%2Fwp%2Fv2%2Ftags&post=8313"}],"curies":[{"name":"wp","href":"https:\/\/api.w.org\/{rel}","templated":true}]}}