{"id":8314,"date":"2020-11-04T18:28:47","date_gmt":"2020-11-04T15:28:47","guid":{"rendered":"http:\/\/mersinekonomipolitikagazetesi.com\/?p=8314"},"modified":"2020-11-04T18:28:47","modified_gmt":"2020-11-04T15:28:47","slug":"mersinli-sehit-topraga-verildi","status":"publish","type":"post","link":"https:\/\/akdenizolaygazetesi.com\/?p=8314","title":{"rendered":"Mersinli \u015fehit topra\u011fa verildi"},"content":{"rendered":"<p>T\u00fcrk Silahl\u0131 Kuvvetleri (TSK) taraf\u0131ndan y\u00fcr\u00fct\u00fclen Pen\u00e7e Kaplan Harekat\u0131 b\u00f6lgesinde \u015fehit d\u00fc\u015fen uzman \u00e7avu\u015f G\u00f6khan K\u0131l\u0131n\u00e7, Mersin&#8217;in Mut il\u00e7esinde topra\u011fa verildi.\u00a0<br \/>\n\u015eehidin cenazesi t\u00f6renin yap\u0131laca\u011f\u0131 il\u00e7eye ba\u011fl\u0131 Meydan Mahallesi Camiine getirildi. Bu s\u0131rada \u015fehidin bir yak\u0131n\u0131 askerin elindeki foto\u011fraf\u0131 kucaklay\u0131p feryat etti. Cenazede \u015fehidin e\u015fi Hatice K\u0131l\u0131n\u00e7, baba Cemal K\u0131l\u0131n\u00e7 ve annesi Fatma K\u0131l\u0131n\u00e7 t\u00f6rende b\u00fcy\u00fck \u00fcz\u00fcnt\u00fc ya\u015fad\u0131. \u015eehidin 4 ya\u015f\u0131ndaki o\u011flu Cemal ayn\u0131 ad\u0131 ta\u015f\u0131yan dedesinin kuca\u011f\u0131ndan inmedi.<br \/>\nCenaze t\u00f6renine D\u0131\u015fi\u015fleri Bakan Yard\u0131mc\u0131s\u0131 Yavuz Selim K\u0131ran, Karaman Valisi Mehmet Alparslan I\u015f\u0131k&#8217;da kat\u0131ld\u0131.\u00a0<br \/>\nCenaze namaz\u0131n\u0131n k\u0131l\u0131nmas\u0131n\u0131n ard\u0131ndan \u015fehidin naa\u015f\u0131 Mut Yenimezarl\u0131kta \u015eehitli\u011fe g\u00f6t\u00fcr\u00fclerek topra\u011fa verildi.\u00a0<\/p>\n","protected":false},"excerpt":{"rendered":"<p>T\u00fcrk Silahl\u0131 Kuvvetleri (TSK) taraf\u0131ndan y\u00fcr\u00fct\u00fclen Pen\u00e7e Kaplan Harekat\u0131 b\u00f6lgesinde \u015fehit d\u00fc\u015fen uzman \u00e7avu\u015f G\u00f6khan K\u0131l\u0131n\u00e7, Mersin&#8217;in Mut il\u00e7esinde topra\u011fa verildi.\u00a0 \u015eehidin cenazesi t\u00f6renin yap\u0131laca\u011f\u0131 il\u00e7eye ba\u011fl\u0131 Meydan Mahallesi Camiine &hellip; <a href=\"https:\/\/akdenizolaygazetesi.com\/?p=8314\" class=\"more-link\">Devam\u0131n\u0131 Oku&#8230;<\/a><\/p>\n","protected":false},"author":1,"featured_media":0,"comment_status":"open","ping_status":"open","sticky":false,"template":"","format":"standard","meta":[],"categories":[],"tags":[],"_links":{"self":[{"href":"https:\/\/akdenizolaygazetesi.com\/index.php?rest_route=\/wp\/v2\/posts\/8314"}],"collection":[{"href":"https:\/\/akdenizolaygazetesi.com\/index.php?rest_route=\/wp\/v2\/posts"}],"about":[{"href":"https:\/\/akdenizolaygazetesi.com\/index.php?rest_route=\/wp\/v2\/types\/post"}],"author":[{"embeddable":true,"href":"https:\/\/akdenizolaygazetesi.com\/index.php?rest_route=\/wp\/v2\/users\/1"}],"replies":[{"embeddable":true,"href":"https:\/\/akdenizolaygazetesi.com\/index.php?rest_route=%2Fwp%2Fv2%2Fcomments&post=8314"}],"version-history":[{"count":0,"href":"https:\/\/akdenizolaygazetesi.com\/index.php?rest_route=\/wp\/v2\/posts\/8314\/revisions"}],"wp:attachment":[{"href":"https:\/\/akdenizolaygazetesi.com\/index.php?rest_route=%2Fwp%2Fv2%2Fmedia&parent=8314"}],"wp:term":[{"taxonomy":"category","embeddable":true,"href":"https:\/\/akdenizolaygazetesi.com\/index.php?rest_route=%2Fwp%2Fv2%2Fcategories&post=8314"},{"taxonomy":"post_tag","embeddable":true,"href":"https:\/\/akdenizolaygazetesi.com\/index.php?rest_route=%2Fwp%2Fv2%2Ftags&post=8314"}],"curies":[{"name":"wp","href":"https:\/\/api.w.org\/{rel}","templated":true}]}}