{"id":8315,"date":"2020-11-04T18:28:47","date_gmt":"2020-11-04T15:28:47","guid":{"rendered":"http:\/\/mersinekonomipolitikagazetesi.com\/?p=8315"},"modified":"2020-11-04T18:28:47","modified_gmt":"2020-11-04T15:28:47","slug":"mersin-uluslararasi-muzik-festivali-pandemi-dolayisiyla-ertelendi","status":"publish","type":"post","link":"https:\/\/akdenizolaygazetesi.com\/?p=8315","title":{"rendered":"Mersin Uluslararas\u0131 M\u00fczik Festivali, pandemi dolay\u0131s\u0131yla ertelendi"},"content":{"rendered":"<p>Bu y\u0131l 1-18 Nisan tarihleri aras\u0131nda yap\u0131lmas\u0131 planlanan ve D\u00fcnya Sa\u011fl\u0131k \u00d6rg\u00fct\u00fc\u2019n\u00fcn pandemi olarak tan\u0131mlad\u0131\u011f\u0131 korona vir\u00fcs salg\u0131n\u0131 nedeniyle ekim ay\u0131na ertelenen 19. Mersin Uluslararas\u0131 M\u00fczik Festivali (Merfest), salg\u0131n\u0131n\u0131n toplum sa\u011fl\u0131\u011f\u0131 i\u00e7in halen risk ta\u015f\u0131mas\u0131ndan dolay\u0131 gelecek y\u0131la ertelendi.\u00a0<br \/>\nMersin Uluslararas\u0131 M\u00fczik Festivali Y\u00f6netim Kurulu Ba\u015fkan\u0131 Selma Ya\u011fc\u0131, konuya ili\u015fkin yapt\u0131\u011f\u0131 a\u00e7\u0131klamada, &#8220;1 Nisan\u2019da ba\u015flayaca\u011f\u0131n\u0131 duyurdu\u011fumuz ve pandemi nedeniyle ekim ay\u0131na erteledi\u011fimiz 19. Mersin Uluslararas\u0131 M\u00fczik Festivali\u2019nin, pandeminin risk ta\u015f\u0131maya devam etmesinden dolay\u0131 bir sonraki y\u0131l yap\u0131lmas\u0131n\u0131n daha do\u011fru olaca\u011f\u0131 karar\u0131 y\u00f6netim kurulumuzca al\u0131nm\u0131\u015ft\u0131r. 19 y\u0131ld\u0131r kesintisiz s\u00fcrd\u00fcr\u00fclen, her y\u0131l d\u00fcnyan\u0131n sayg\u0131n solist ve m\u00fczik topluluklar\u0131n\u0131 halk\u0131m\u0131zla bulu\u015fturarak paha bi\u00e7ilmez sanatsal de\u011ferler \u00fcreten festivalimiz, yine halk\u0131m\u0131z\u0131n sa\u011fl\u0131\u011f\u0131 i\u00e7in ertelendi. \u201c dedi. \u00a0<\/p>\n","protected":false},"excerpt":{"rendered":"<p>Bu y\u0131l 1-18 Nisan tarihleri aras\u0131nda yap\u0131lmas\u0131 planlanan ve D\u00fcnya Sa\u011fl\u0131k \u00d6rg\u00fct\u00fc\u2019n\u00fcn pandemi olarak tan\u0131mlad\u0131\u011f\u0131 korona vir\u00fcs salg\u0131n\u0131 nedeniyle ekim ay\u0131na ertelenen 19. Mersin Uluslararas\u0131 M\u00fczik Festivali (Merfest), salg\u0131n\u0131n\u0131n toplum &hellip; <a href=\"https:\/\/akdenizolaygazetesi.com\/?p=8315\" class=\"more-link\">Devam\u0131n\u0131 Oku&#8230;<\/a><\/p>\n","protected":false},"author":1,"featured_media":0,"comment_status":"open","ping_status":"open","sticky":false,"template":"","format":"standard","meta":[],"categories":[],"tags":[],"_links":{"self":[{"href":"https:\/\/akdenizolaygazetesi.com\/index.php?rest_route=\/wp\/v2\/posts\/8315"}],"collection":[{"href":"https:\/\/akdenizolaygazetesi.com\/index.php?rest_route=\/wp\/v2\/posts"}],"about":[{"href":"https:\/\/akdenizolaygazetesi.com\/index.php?rest_route=\/wp\/v2\/types\/post"}],"author":[{"embeddable":true,"href":"https:\/\/akdenizolaygazetesi.com\/index.php?rest_route=\/wp\/v2\/users\/1"}],"replies":[{"embeddable":true,"href":"https:\/\/akdenizolaygazetesi.com\/index.php?rest_route=%2Fwp%2Fv2%2Fcomments&post=8315"}],"version-history":[{"count":0,"href":"https:\/\/akdenizolaygazetesi.com\/index.php?rest_route=\/wp\/v2\/posts\/8315\/revisions"}],"wp:attachment":[{"href":"https:\/\/akdenizolaygazetesi.com\/index.php?rest_route=%2Fwp%2Fv2%2Fmedia&parent=8315"}],"wp:term":[{"taxonomy":"category","embeddable":true,"href":"https:\/\/akdenizolaygazetesi.com\/index.php?rest_route=%2Fwp%2Fv2%2Fcategories&post=8315"},{"taxonomy":"post_tag","embeddable":true,"href":"https:\/\/akdenizolaygazetesi.com\/index.php?rest_route=%2Fwp%2Fv2%2Ftags&post=8315"}],"curies":[{"name":"wp","href":"https:\/\/api.w.org\/{rel}","templated":true}]}}