{"id":8316,"date":"2020-11-04T18:28:47","date_gmt":"2020-11-04T15:28:47","guid":{"rendered":"http:\/\/mersinekonomipolitikagazetesi.com\/?p=8316"},"modified":"2020-11-04T18:28:47","modified_gmt":"2020-11-04T15:28:47","slug":"mersin-hicbir-donemde-bu-kadar-sahipsiz-kalmadi","status":"publish","type":"post","link":"https:\/\/akdenizolaygazetesi.com\/?p=8316","title":{"rendered":"&#8216;Mersin, hi\u00e7bir d\u00f6nemde bu kadar sahipsiz kalmad\u0131&#8217;"},"content":{"rendered":"<p>Mimar Abdullah Y\u0131lmaz, Mersin Valisi Ali \u0130hsan Su\u2019ya \u00e7a\u011fr\u0131da bulundu. Y\u0131lmaz, \u201cYerel y\u00f6neticiler siyasi kayg\u0131lar nedeniyle g\u00f6revini yapmamaktad\u0131r. Yayalar ve engelli vatanda\u015flar\u0131n y\u00fcr\u00fcme alanlar\u0131 i\u015fgal alt\u0131ndad\u0131r.\u2019\u2019 dedi.<br \/>\n\u00a0<br \/>\n\u00a0<br \/>\nMersinli Mimar Abdullah Y\u0131lmaz, Belediyelerin kald\u0131r\u0131mlarda bulunan i\u015fyerlerine ait tabela ve \u00fcr\u00fcnlerin engellenmedi\u011fini belirterek, \u201cMersin Valisi Ali \u0130hsan Su\u2019dan rica ediyorum. Mersin kent merkezinde, \u0130l\u00e7e belediye s\u0131n\u0131rlar\u0131nda ana arterler \u00fczerinde yayalar ve engelli vatanda\u015flar\u0131n y\u00fcr\u00fcme alan\u0131 olan kald\u0131r\u0131mlar i\u015fgal alt\u0131ndad\u0131r. Yerel y\u00f6neticiler siyasi kayg\u0131lar nedeniyle g\u00f6revlerini yapmamaktad\u0131rlar. \u00d6zellikle pandemi s\u00fcrecinde kald\u0131r\u0131m i\u015fgallerinin son bulmas\u0131, yerel y\u00f6netimlerin asli g\u00f6revlerini yerine getirmeleri, siyasi hi\u00e7bir kayg\u0131 g\u00fctmeden zab\u0131ta denetimlerini yapmalar\u0131 i\u00e7in gereken uyar\u0131 ve \u015fartlar\u0131n sa\u011flanmas\u0131n\u0131 rica ediyorum.\u2019\u2019 dedi.<\/p>\n<p>\u2018\u2019Yerel y\u00f6neticiler gereken asli g\u00f6revlerini yapmamaktad\u0131rlar!\u201d<br \/>\n\u00a0\u00a0<br \/>\nYerel y\u00f6neticilerin d\u00fckkan sahiplerinin ve seyyar sat\u0131c\u0131lar\u0131n, cadde ve sokaklarda vatanda\u015flar\u0131n kullan\u0131m alan\u0131 olan kald\u0131r\u0131mlar\u0131 sergi alan\u0131 gibi kullanmalar\u0131 konusunda te\u015fvik edici tutum sergilemekte oldu\u011funu belirten Y\u0131lmaz, \u201cKentimizin k\u00f6yl\u00fcle\u015fme, sa\u011fl\u0131ks\u0131z kent katsay\u0131s\u0131 h\u0131zla artmaktad\u0131r. G\u00fcn\u00fcm\u00fczde pandemi s\u00fcrecinde, coronavirus vakalar\u0131n\u0131n art\u0131\u015f\u0131nda T\u00fcrkiye s\u0131ralamas\u0131nda 3\u2019\u00fcnc\u00fc s\u0131raya oturan kentimizde, yerel y\u00f6neticilerimiz, Sa\u011fl\u0131k Bakanl\u0131\u011f\u0131\u2019n\u0131n t\u00fcm uyar\u0131lar\u0131na ra\u011fmen kald\u0131r\u0131mlar\u0131n \u00fczerinde izinsiz tezgah, dolap gibi ara\u00e7lar ile a\u00e7\u0131kta g\u0131da, unlu mam\u00fcller, sat\u0131\u015f e\u015fyas\u0131 bulunduran veya kenarlar\u0131na \u00e7\u00f6p at\u0131\u011f\u0131 d\u00f6kenler hakk\u0131nda \u2018Kabahatler Kanunu&#8217;nun 38. Maddesi gere\u011fince yerine getirilmesi gereken asli g\u00f6revlerini yapmamaktad\u0131rlar.\u2019\u2019 diye konu\u015ftu.<br \/>\n\u00a0<br \/>\n\u201cD\u00fckkan sahipleri, seyyar sat\u0131c\u0131lara y\u00f6nelik denetim s\u00f6z konusu de\u011fil!\u201d<br \/>\n\u00a0<br \/>\nYerel y\u00f6neticiler halk\u0131n \u015fikayetlerine duyars\u0131z kalmakta oldu\u011funun alt\u0131n\u0131 \u00e7izen Y\u0131lmaz, \u201c\u0130\u015fgalcinin yasal hakk\u0131 gibi g\u00f6rmeye ba\u015flad\u0131\u011f\u0131 i\u015fgaller nedeniyle kald\u0131r\u0131mlarda ve trafikte aksakl\u0131klar meydana gelmekte. D\u00fcnya kenti Mersin, hi\u00e7bir d\u00f6nemde bu kadar sahipsiz kalmam\u0131\u015ft\u0131r. \u00d6zellikle pandemi s\u00fcrecinde, kald\u0131r\u0131mlarda g\u00f6r\u00fcnt\u00fc kirlili\u011fi yaratan, \u00e7evreyi kirleten, insan\u0131m\u0131z\u0131n sosyal mesafe \u015fartlar\u0131n\u0131 sa\u011flayamayacak ortamlar olu\u015fturup, yol ge\u00e7i\u015flerini engelleyen, kald\u0131r\u0131m \u00fczerinde a\u00e7\u0131kta, sa\u011fl\u0131\u011fa ayk\u0131r\u0131 olarak yoldan ge\u00e7en herkesin elleyip, tad\u0131na bak\u0131p, \u0131s\u0131rd\u0131\u011f\u0131n\u0131 i\u00e7ine at\u0131p, t\u00fck\u00fcr\u00fck, \u00f6ks\u00fcr\u00fck salg\u0131s\u0131na her an a\u00e7\u0131k, yiyecek satma giri\u015fiminde bulunan d\u00fckkan sahipleri, seyyar sat\u0131c\u0131lara y\u00f6nelik denetim s\u00f6z konusu de\u011fildir .Varsa da dostlar al\u0131\u015fveri\u015fte olsun misalidir.\u2019\u2019 ifadelerini kulland\u0131.<\/p>\n","protected":false},"excerpt":{"rendered":"<p>Mimar Abdullah Y\u0131lmaz, Mersin Valisi Ali \u0130hsan Su\u2019ya \u00e7a\u011fr\u0131da bulundu. Y\u0131lmaz, \u201cYerel y\u00f6neticiler siyasi kayg\u0131lar nedeniyle g\u00f6revini yapmamaktad\u0131r. Yayalar ve engelli vatanda\u015flar\u0131n y\u00fcr\u00fcme alanlar\u0131 i\u015fgal alt\u0131ndad\u0131r.\u2019\u2019 dedi. \u00a0 \u00a0 Mersinli &hellip; <a href=\"https:\/\/akdenizolaygazetesi.com\/?p=8316\" class=\"more-link\">Devam\u0131n\u0131 Oku&#8230;<\/a><\/p>\n","protected":false},"author":1,"featured_media":0,"comment_status":"open","ping_status":"open","sticky":false,"template":"","format":"standard","meta":[],"categories":[],"tags":[],"_links":{"self":[{"href":"https:\/\/akdenizolaygazetesi.com\/index.php?rest_route=\/wp\/v2\/posts\/8316"}],"collection":[{"href":"https:\/\/akdenizolaygazetesi.com\/index.php?rest_route=\/wp\/v2\/posts"}],"about":[{"href":"https:\/\/akdenizolaygazetesi.com\/index.php?rest_route=\/wp\/v2\/types\/post"}],"author":[{"embeddable":true,"href":"https:\/\/akdenizolaygazetesi.com\/index.php?rest_route=\/wp\/v2\/users\/1"}],"replies":[{"embeddable":true,"href":"https:\/\/akdenizolaygazetesi.com\/index.php?rest_route=%2Fwp%2Fv2%2Fcomments&post=8316"}],"version-history":[{"count":0,"href":"https:\/\/akdenizolaygazetesi.com\/index.php?rest_route=\/wp\/v2\/posts\/8316\/revisions"}],"wp:attachment":[{"href":"https:\/\/akdenizolaygazetesi.com\/index.php?rest_route=%2Fwp%2Fv2%2Fmedia&parent=8316"}],"wp:term":[{"taxonomy":"category","embeddable":true,"href":"https:\/\/akdenizolaygazetesi.com\/index.php?rest_route=%2Fwp%2Fv2%2Fcategories&post=8316"},{"taxonomy":"post_tag","embeddable":true,"href":"https:\/\/akdenizolaygazetesi.com\/index.php?rest_route=%2Fwp%2Fv2%2Ftags&post=8316"}],"curies":[{"name":"wp","href":"https:\/\/api.w.org\/{rel}","templated":true}]}}