{"id":8317,"date":"2020-11-04T18:28:47","date_gmt":"2020-11-04T15:28:47","guid":{"rendered":"http:\/\/mersinekonomipolitikagazetesi.com\/?p=8317"},"modified":"2020-11-04T18:28:47","modified_gmt":"2020-11-04T15:28:47","slug":"mersinde-gaziler-gunu-sade-bir-torenle-kutlandi","status":"publish","type":"post","link":"https:\/\/akdenizolaygazetesi.com\/?p=8317","title":{"rendered":"Mersin&#8217;de Gaziler G\u00fcn\u00fc sade bir t\u00f6renle kutland\u0131"},"content":{"rendered":"<p><span style=\"line-height: 1.6em;\">Mersin\u2019de 19 Eyl\u00fcl \u2018Gaziler G\u00fcn\u00fc\u2019, Cumhuriyet Meydan\u0131\u2019nda d\u00fczenlenen sade bir t\u00f6renle kutland\u0131.\u00a0<\/span><\/p>\n<p>\u201cAtat\u00fcrk\u2019e Gazi Unvan\u0131 ve Mare\u015fal R\u00fctbesi Verilmesinin 99. Y\u0131l d\u00f6n\u00fcm\u00fc ve Gaziler G\u00fcn\u00fc\u201d kutlamalar\u0131 Cumhuriyet Meydan\u0131\u2019nda sade bir t\u00f6renle yap\u0131ld\u0131. T\u00f6rene, Mersin Valisi Ali \u0130hsan Su, Akdeniz B\u00f6lge ve Garnizon Komutan\u0131 Tu\u011famiral Fuat Gedik, Mersin B\u00fcy\u00fck\u015fehir Belediye Ba\u015fkan\u0131 Vahap Se\u00e7er, \u0130l Jandarma Komutan\u0131 Albay Necip \u00c7\u0131rakc\u0131o\u011flu, \u0130l Emniyet M\u00fcd\u00fcr\u00fc Mehmet \u015eahne, Sahil G\u00fcvenlik Akdeniz B\u00f6lge ve Garnizon Komutan\u0131 Albay O\u011fuz Bavbek, T\u00fcrkiye Muharip Gaziler Derne\u011fi Mersin \u015eube Ba\u015fkan Yard\u0131mc\u0131s\u0131 Kemal G\u00fclbeyaz, gaziler ve askeri erkan kat\u0131ld\u0131. T\u00fcm d\u00fcnyay\u0131 etkisi alt\u0131na alan korana vir\u00fcs salg\u0131n\u0131 dolay\u0131s\u0131yla belirli say\u0131da insan\u0131n kat\u0131ld\u0131\u011f\u0131 t\u00f6rende, sosyal mesafe kural\u0131na da uyuldu.\u00a0<br \/>\nT\u00f6rende Vali Su, Tu\u011famiral Gedik, Ba\u015fkan Se\u00e7er ve T\u00fcrkiye Muharip Gaziler Derne\u011fi \u015eube Ba\u015fkan Yard\u0131mc\u0131s\u0131 G\u00fclbeyaz taraf\u0131ndan Atat\u00fcrk An\u0131t\u0131\u2019na \u00e7elenkleri sunuldu. Ard\u0131ndan t\u00f6ren Cumhurba\u015fkan\u0131 Recep Tayyip Erdo\u011fan&#8217;\u0131n Gaziler G\u00fcn\u00fc mesaj\u0131n\u0131n okunmas\u0131yla son buldu.\u00a0<\/p>\n","protected":false},"excerpt":{"rendered":"<p>Mersin\u2019de 19 Eyl\u00fcl \u2018Gaziler G\u00fcn\u00fc\u2019, Cumhuriyet Meydan\u0131\u2019nda d\u00fczenlenen sade bir t\u00f6renle kutland\u0131.\u00a0 \u201cAtat\u00fcrk\u2019e Gazi Unvan\u0131 ve Mare\u015fal R\u00fctbesi Verilmesinin 99. Y\u0131l d\u00f6n\u00fcm\u00fc ve Gaziler G\u00fcn\u00fc\u201d kutlamalar\u0131 Cumhuriyet Meydan\u0131\u2019nda sade bir &hellip; <a href=\"https:\/\/akdenizolaygazetesi.com\/?p=8317\" class=\"more-link\">Devam\u0131n\u0131 Oku&#8230;<\/a><\/p>\n","protected":false},"author":1,"featured_media":0,"comment_status":"open","ping_status":"open","sticky":false,"template":"","format":"standard","meta":[],"categories":[],"tags":[],"_links":{"self":[{"href":"https:\/\/akdenizolaygazetesi.com\/index.php?rest_route=\/wp\/v2\/posts\/8317"}],"collection":[{"href":"https:\/\/akdenizolaygazetesi.com\/index.php?rest_route=\/wp\/v2\/posts"}],"about":[{"href":"https:\/\/akdenizolaygazetesi.com\/index.php?rest_route=\/wp\/v2\/types\/post"}],"author":[{"embeddable":true,"href":"https:\/\/akdenizolaygazetesi.com\/index.php?rest_route=\/wp\/v2\/users\/1"}],"replies":[{"embeddable":true,"href":"https:\/\/akdenizolaygazetesi.com\/index.php?rest_route=%2Fwp%2Fv2%2Fcomments&post=8317"}],"version-history":[{"count":0,"href":"https:\/\/akdenizolaygazetesi.com\/index.php?rest_route=\/wp\/v2\/posts\/8317\/revisions"}],"wp:attachment":[{"href":"https:\/\/akdenizolaygazetesi.com\/index.php?rest_route=%2Fwp%2Fv2%2Fmedia&parent=8317"}],"wp:term":[{"taxonomy":"category","embeddable":true,"href":"https:\/\/akdenizolaygazetesi.com\/index.php?rest_route=%2Fwp%2Fv2%2Fcategories&post=8317"},{"taxonomy":"post_tag","embeddable":true,"href":"https:\/\/akdenizolaygazetesi.com\/index.php?rest_route=%2Fwp%2Fv2%2Ftags&post=8317"}],"curies":[{"name":"wp","href":"https:\/\/api.w.org\/{rel}","templated":true}]}}