{"id":832,"date":"2020-11-04T18:21:27","date_gmt":"2020-11-04T15:21:27","guid":{"rendered":"http:\/\/mersinekonomipolitikagazetesi.com\/?p=832"},"modified":"2020-11-04T18:21:27","modified_gmt":"2020-11-04T15:21:27","slug":"toroslarda-park-ve-yesil-alanlara-bahar-bakimi","status":"publish","type":"post","link":"https:\/\/akdenizolaygazetesi.com\/?p=832","title":{"rendered":"Toroslar&#8217;da park ve ye\u015fil alanlara bahar bak\u0131m\u0131"},"content":{"rendered":"<p>oroslar Belediyesi, ilkbahar\u0131n gelmesiyle birlikte park ve ye\u015fil alanlar ile sosyal tesislerde bak\u0131m, onar\u0131m ve peyzaj \u00e7al\u0131\u015fmalar\u0131n\u0131 h\u0131zland\u0131rd\u0131.<\/p>\n<p><span style=\"color: rgb(0, 0, 0); font-family: Tahoma, Arial, 'Times New Roman TUR', Verdana; font-size: 15px; line-height: normal;\">Park ve Bah\u00e7eler M\u00fcd\u00fcrl\u00fc\u011f\u00fc ekipleri, bahar ve yaz aylar\u0131nda vatanda\u015flar\u0131n yo\u011fun ilgi g\u00f6sterdi\u011fi parklar\u0131n canlanmas\u0131 i\u00e7in \u00e7al\u0131\u015fmalar\u0131n\u0131 artt\u0131r\u0131rken, Toroslar Belediye Ba\u015fkan\u0131 Hamit Tuna&#8217;da \u00e7al\u0131\u015fmalar\u0131 yerinde inceledi.<\/span><br style=\"color: rgb(0, 0, 0); font-family: Tahoma, Arial, 'Times New Roman TUR', Verdana; font-size: 15px; line-height: normal;\" \/><br \/>\n<span style=\"color: rgb(0, 0, 0); font-family: Tahoma, Arial, 'Times New Roman TUR', Verdana; font-size: 15px; line-height: normal;\">\u00c7al\u0131\u015fmalarla ilgili a\u00e7\u0131klama yapan Tuna, sa\u011fl\u0131kl\u0131 ya\u015fam\u0131n sa\u011fl\u0131kl\u0131 bir \u00e7evre ile olaca\u011f\u0131n\u0131 belirterek, ama\u00e7lar\u0131n\u0131n vatanda\u015flara kaliteli ve temiz ya\u015fam alanlar\u0131 sunmak oldu\u011funu vurgulad\u0131. Yapt\u0131klar\u0131 planl\u0131 ye\u015fil alan \u00e7al\u0131\u015fmalar\u0131yla Toroslar\u2019\u0131n ye\u015fil dokuyla b\u00fct\u00fcnle\u015fen bir il\u00e7e konumuna geldi\u011fini kaydeden Tuna, \u201cYaz mevsimi \u00f6ncesinde il\u00e7e s\u0131n\u0131rlar\u0131m\u0131z i\u00e7erisindeki mahallelerimiz ile ye\u015fil alan ve parklar\u0131m\u0131zda temizlik ve bak\u0131m \u00e7al\u0131\u015fmalar\u0131na h\u0131z verdik. Bu alanlar\u0131m\u0131zdaki a\u011fa\u00e7lar\u0131m\u0131z budan\u0131yor, \u00e7imler bi\u00e7iliyor, \u00e7ocuk oyun gruplar\u0131 ve banklar onar\u0131l\u0131yor ve yenileriyle de\u011fi\u015ftiriliyor. Bu \u00e7al\u0131\u015fmalarla amac\u0131m\u0131z, vatanda\u015flar\u0131m\u0131za g\u00fcn i\u00e7erisinde aileleriyle birlikte ho\u015f vakit ge\u00e7irebilecekleri alanlar\u0131 olu\u015fturmakt\u0131r\u201d dedi.<\/span><br style=\"color: rgb(0, 0, 0); font-family: Tahoma, Arial, 'Times New Roman TUR', Verdana; font-size: 15px; line-height: normal;\" \/><br \/>\n<span style=\"color: rgb(0, 0, 0); font-family: Tahoma, Arial, 'Times New Roman TUR', Verdana; font-size: 15px; line-height: normal;\">13 y\u0131lda Toroslar\u2019da ye\u015fil alan miktar\u0131n\u0131 bir milyon 200 bin metrekareye, park say\u0131s\u0131n\u0131 da 56\u2019dan 174\u2019e ula\u015ft\u0131rd\u0131klar\u0131n\u0131 belirten Tuna, \u201cHizmet yapmak kadar onu korumakta \u00e7ok \u00f6nemlidir. Vatanda\u015flar\u0131m\u0131zdan bu alanlar\u0131m\u0131za sahip \u00e7\u0131kmalar\u0131n\u0131 ve korumalar\u0131n\u0131 istiyoruz\u201d ifadelerini kulland\u0131.<\/span><\/p>\n","protected":false},"excerpt":{"rendered":"<p>oroslar Belediyesi, ilkbahar\u0131n gelmesiyle birlikte park ve ye\u015fil alanlar ile sosyal tesislerde bak\u0131m, onar\u0131m ve peyzaj \u00e7al\u0131\u015fmalar\u0131n\u0131 h\u0131zland\u0131rd\u0131. Park ve Bah\u00e7eler M\u00fcd\u00fcrl\u00fc\u011f\u00fc ekipleri, bahar ve yaz aylar\u0131nda vatanda\u015flar\u0131n yo\u011fun ilgi &hellip; <a href=\"https:\/\/akdenizolaygazetesi.com\/?p=832\" class=\"more-link\">Devam\u0131n\u0131 Oku&#8230;<\/a><\/p>\n","protected":false},"author":1,"featured_media":0,"comment_status":"open","ping_status":"open","sticky":false,"template":"","format":"standard","meta":[],"categories":[],"tags":[],"_links":{"self":[{"href":"https:\/\/akdenizolaygazetesi.com\/index.php?rest_route=\/wp\/v2\/posts\/832"}],"collection":[{"href":"https:\/\/akdenizolaygazetesi.com\/index.php?rest_route=\/wp\/v2\/posts"}],"about":[{"href":"https:\/\/akdenizolaygazetesi.com\/index.php?rest_route=\/wp\/v2\/types\/post"}],"author":[{"embeddable":true,"href":"https:\/\/akdenizolaygazetesi.com\/index.php?rest_route=\/wp\/v2\/users\/1"}],"replies":[{"embeddable":true,"href":"https:\/\/akdenizolaygazetesi.com\/index.php?rest_route=%2Fwp%2Fv2%2Fcomments&post=832"}],"version-history":[{"count":0,"href":"https:\/\/akdenizolaygazetesi.com\/index.php?rest_route=\/wp\/v2\/posts\/832\/revisions"}],"wp:attachment":[{"href":"https:\/\/akdenizolaygazetesi.com\/index.php?rest_route=%2Fwp%2Fv2%2Fmedia&parent=832"}],"wp:term":[{"taxonomy":"category","embeddable":true,"href":"https:\/\/akdenizolaygazetesi.com\/index.php?rest_route=%2Fwp%2Fv2%2Fcategories&post=832"},{"taxonomy":"post_tag","embeddable":true,"href":"https:\/\/akdenizolaygazetesi.com\/index.php?rest_route=%2Fwp%2Fv2%2Ftags&post=832"}],"curies":[{"name":"wp","href":"https:\/\/api.w.org\/{rel}","templated":true}]}}