{"id":8320,"date":"2020-11-04T18:28:47","date_gmt":"2020-11-04T15:28:47","guid":{"rendered":"http:\/\/mersinekonomipolitikagazetesi.com\/?p=8320"},"modified":"2020-11-04T18:28:47","modified_gmt":"2020-11-04T15:28:47","slug":"romanlarin-yikik-dokuk-duvarlari-sanatla-hayat-buluyor","status":"publish","type":"post","link":"https:\/\/akdenizolaygazetesi.com\/?p=8320","title":{"rendered":"Romanlar\u0131n y\u0131k\u0131k d\u00f6k\u00fck duvarlar\u0131 sanatla hayat buluyor"},"content":{"rendered":"<p><span style=\"line-height: 1.6em;\">\u00a0Mersin B\u00fcy\u00fck\u015fehir Belediyesi ve Mersin \u00dcniversitesi (ME\u00dc) el ele vererek, Roman vatanda\u015flar\u0131n ya\u015fad\u0131\u011f\u0131 dezavantajl\u0131 mahallelerde evlerin duvarlar\u0131n\u0131 sanatla bezemeye ba\u015flad\u0131. ME\u00dc G\u00fczel Sanatlar Fak\u00fcltesi \u00d6\u011fretim \u00dcyesi Prof. Dr. Nurseren Tor ve ekibi, duvarlar\u0131 rengarenk fig\u00fcrl\u00fc \u00e7izim \u00e7al\u0131\u015fmalar\u0131 ile s\u00fcslerken, Roman vatanda\u015flar da f\u0131r\u00e7ay\u0131 ellerine al\u0131p ekibe destek oluyor.\u00a0<\/span><\/p>\n<p>Mersin B\u00fcy\u00fck\u015fehir Belediyesi, merkez Akdeniz il\u00e7esi Turgutreis Mahallesinde a\u011f\u0131rl\u0131kl\u0131 olarak Roman vatanda\u015flar\u0131n ya\u015fad\u0131\u011f\u0131 sokaklar\u0131 sanatla s\u00fcsl\u00fcyor. Dezavantajl\u0131 b\u00f6lgelerde ger\u00e7ekle\u015ftirilen sanatsal \u00e7al\u0131\u015fmalarla hem mahallenin \u00e7ehresi de\u011fi\u015ftiriliyor hem de sokaklar renklendiriliyor. \u00c7al\u0131\u015fmalara vatanda\u015flar da kat\u0131larak hem destek oluyor hem de renkli i\u00e7 d\u00fcnyalar\u0131n\u0131 sokaklara yans\u0131t\u0131yor.\u00a0<br \/>\n\u00c7al\u0131\u015fmalar\u0131, ME\u00dc G\u00fczel Sanatlar Fak\u00fcltesi \u00d6\u011fretim \u00dcyesi Prof. Dr. Nurseren Tor ve ekibi ger\u00e7ekle\u015ftiriyor. A\u011f\u0131rl\u0131kl\u0131 olarak Roman vatanda\u015flar\u0131n yer ald\u0131\u011f\u0131 sokaklardaki gri duvarlar sanat\u0131n g\u00fcc\u00fcyle yerini renkli fig\u00fcrlere b\u0131rak\u0131yor.\u00a0<\/p>\n<p>\u201cRoman mahallesini a\u00e7\u0131k hava m\u00fczesine \u00e7evirmeye \u00e7al\u0131\u015faca\u011f\u0131z\u201d\u00a0<br \/>\nProf. Dr. Nurseren Tor, \u00e7al\u0131\u015fmayla ilgili yapt\u0131\u011f\u0131 a\u00e7\u0131klamada, Roman vatanda\u015flar\u0131n renkli d\u00fcnyalar\u0131n\u0131 duvarlara yans\u0131tmak istediklerini belirterek, \u201cBurada, Romanlar\u0131n \u00f6zg\u00fcrl\u00fck duygusunu, ne\u015fesini, e\u011flencesini ve \u00e7ok renklili\u011fini bu resimlerde vermeye \u00e7al\u0131\u015f\u0131yoruz. E\u011flenceye y\u00f6nelik resimleri duvarlara yans\u0131tmaya \u00e7al\u0131\u015f\u0131yoruz. Romanlar\u0131n i\u00e7g\u00fcd\u00fcsel olarak sanata yatk\u0131nl\u0131klar\u0131 var. Biz \u00e7al\u0131\u015fmaya ba\u015flad\u0131ktan sonra insanlar \u00e7ok ilgi g\u00f6sterdi. Mutlu oluyorlar, \u00e7ok seviniyorlar. Bu duvarlar\u0131n yeniden g\u00f6rsel olarak ho\u015f bir g\u00f6r\u00fcnt\u00fc vermesi onlar\u0131 \u00e7ok mutlu etti. Onlara yeni bir d\u00fcnya g\u00f6stermek hedefiyle ba\u015flad\u0131k\u201d dedi.\u00a0<br \/>\n\u00c7al\u0131\u015fman\u0131n t\u00fcm sokaklar\u0131 kapsayaca\u011f\u0131n\u0131 kaydeden Tor, \u201cBiz b\u00f6yle her hafta sonu \u00e7al\u0131\u015fmalar\u0131m\u0131zla di\u011fer sokaklara da yay\u0131laca\u011f\u0131z. Roman mahallesini a\u00e7\u0131k hava m\u00fczesine \u00e7evirmeye \u00e7al\u0131\u015faca\u011f\u0131z. Bize katk\u0131 sa\u011flamaya, yard\u0131m etmeye \u00e7al\u0131\u015f\u0131yorlar. Bu seferberlik de beni \u00e7ok mutlu ediyor\u201d diye konu\u015ftu.\u00a0<\/p>\n<p>\u201c\u00c7ocuklar gelip poz vermek istiyorlar\u201d\u00a0<br \/>\n\u0130nsan fig\u00fcr\u00fc \u00fczerine yo\u011funla\u015facaklar\u0131n\u0131 ifade eden Tor, \u00f6zellikle \u00e7ocuklar i\u00e7in e\u011flenceli \u00e7al\u0131\u015fmalar yapt\u0131klar\u0131n\u0131 s\u00f6yledi. Tor, \u201cFig\u00fcratif \u00e7al\u0131\u015faca\u011f\u0131z, \u00e7\u00fcnk\u00fc halk daha \u00e7ok fig\u00fcr seviyor. \u0130nsan\u0131 g\u00f6rmek istiyor. Biz de do\u011fal olarak insan fig\u00fcr\u00fc \u00fczerinde yo\u011funla\u015ft\u0131k. \u00c7ocuklar \u00e7ok \u00f6nemli burada. \u00c7ocuklara y\u00f6nelik bir tak\u0131m g\u00f6r\u00fcnt\u00fcler yapmaya \u00e7al\u0131\u015f\u0131yoruz. Hatta biz \u00e7al\u0131\u015f\u0131rken gelip kendileri poz vermek istiyorlar. Bu fig\u00fcrleri yaparken onlar\u0131 hayata ba\u011flayan, te\u015fvik eden g\u00f6r\u00fcnt\u00fcler olsun istiyoruz\u201d ifadelerini kulland\u0131.\u00a0<\/p>\n","protected":false},"excerpt":{"rendered":"<p>\u00a0Mersin B\u00fcy\u00fck\u015fehir Belediyesi ve Mersin \u00dcniversitesi (ME\u00dc) el ele vererek, Roman vatanda\u015flar\u0131n ya\u015fad\u0131\u011f\u0131 dezavantajl\u0131 mahallelerde evlerin duvarlar\u0131n\u0131 sanatla bezemeye ba\u015flad\u0131. ME\u00dc G\u00fczel Sanatlar Fak\u00fcltesi \u00d6\u011fretim \u00dcyesi Prof. Dr. Nurseren Tor &hellip; <a href=\"https:\/\/akdenizolaygazetesi.com\/?p=8320\" class=\"more-link\">Devam\u0131n\u0131 Oku&#8230;<\/a><\/p>\n","protected":false},"author":1,"featured_media":0,"comment_status":"open","ping_status":"open","sticky":false,"template":"","format":"standard","meta":[],"categories":[],"tags":[],"_links":{"self":[{"href":"https:\/\/akdenizolaygazetesi.com\/index.php?rest_route=\/wp\/v2\/posts\/8320"}],"collection":[{"href":"https:\/\/akdenizolaygazetesi.com\/index.php?rest_route=\/wp\/v2\/posts"}],"about":[{"href":"https:\/\/akdenizolaygazetesi.com\/index.php?rest_route=\/wp\/v2\/types\/post"}],"author":[{"embeddable":true,"href":"https:\/\/akdenizolaygazetesi.com\/index.php?rest_route=\/wp\/v2\/users\/1"}],"replies":[{"embeddable":true,"href":"https:\/\/akdenizolaygazetesi.com\/index.php?rest_route=%2Fwp%2Fv2%2Fcomments&post=8320"}],"version-history":[{"count":0,"href":"https:\/\/akdenizolaygazetesi.com\/index.php?rest_route=\/wp\/v2\/posts\/8320\/revisions"}],"wp:attachment":[{"href":"https:\/\/akdenizolaygazetesi.com\/index.php?rest_route=%2Fwp%2Fv2%2Fmedia&parent=8320"}],"wp:term":[{"taxonomy":"category","embeddable":true,"href":"https:\/\/akdenizolaygazetesi.com\/index.php?rest_route=%2Fwp%2Fv2%2Fcategories&post=8320"},{"taxonomy":"post_tag","embeddable":true,"href":"https:\/\/akdenizolaygazetesi.com\/index.php?rest_route=%2Fwp%2Fv2%2Ftags&post=8320"}],"curies":[{"name":"wp","href":"https:\/\/api.w.org\/{rel}","templated":true}]}}