{"id":8322,"date":"2020-11-04T18:28:47","date_gmt":"2020-11-04T15:28:47","guid":{"rendered":"http:\/\/mersinekonomipolitikagazetesi.com\/?p=8322"},"modified":"2020-11-04T18:28:47","modified_gmt":"2020-11-04T15:28:47","slug":"calilikta-cikan-yangin-ormana-sicramadan-sonduruldu","status":"publish","type":"post","link":"https:\/\/akdenizolaygazetesi.com\/?p=8322","title":{"rendered":"\u00c7al\u0131l\u0131kta \u00e7\u0131kan yang\u0131n ormana s\u0131\u00e7ramadan s\u00f6nd\u00fcr\u00fcld\u00fc"},"content":{"rendered":"<p><span style=\"line-height: 1.6em;\">Mersin&#8217;in Erdemli il\u00e7esinde \u00e7am ormanlar\u0131yla kapl\u0131 Kayac\u0131 Vadisi giri\u015findeki \u00e7al\u0131l\u0131k alanda yang\u0131n \u00e7\u0131kt\u0131. \u0130tfaiye ve Orman \u0130\u015fletme M\u00fcd\u00fcrl\u00fc\u011f\u00fc ekiplerinin an\u0131nda m\u00fcdahalesiyle yang\u0131n ormanl\u0131k alana s\u0131\u00e7ramadan s\u00f6nd\u00fcr\u00fcld\u00fc.\u00a0<\/span><\/p>\n<p>Edinilen bilgiye g\u00f6re, il\u00e7eye ba\u011fl\u0131 Limonlu Mahallesi&#8217;ndeki Kayac\u0131 Vadisi giri\u015finde a\u011fa\u00e7l\u0131k ve \u00e7al\u0131l\u0131k alanda yang\u0131n \u00e7\u0131kt\u0131. Erdemli Orman \u0130\u015fletme M\u00fcd\u00fcrl\u00fc\u011f\u00fc ve Mersin B\u00fcy\u00fck\u015fehir Belediyesi itfaiyesi taraf\u0131ndan yang\u0131na k\u0131sa s\u00fcrede m\u00fcdahale edildi. Yakla\u015f\u0131k 2 dekarda etkili olan yang\u0131n b\u00fcy\u00fcmeden kontrol alt\u0131na al\u0131narak s\u00f6nd\u00fcr\u00fcld\u00fc. Yang\u0131na 2 araz\u00f6z, 2 itfaiye arac\u0131 m\u00fcdahale ederken, yang\u0131n b\u00f6lgesinde bir de ambulans haz\u0131r bekletildi. Yang\u0131n\u0131n \u00e7\u0131k\u0131\u015f alan\u0131nda so\u011futma \u00e7al\u0131\u015fmas\u0131 yap\u0131ld\u0131.\u00a0<br \/>\nYang\u0131n\u0131n \u00e7\u0131k\u0131\u015f sebebinin belirlenmesi i\u00e7in ba\u015flat\u0131lan \u00e7al\u0131\u015fma s\u00fcr\u00fcyor.\u00a0<\/p>\n","protected":false},"excerpt":{"rendered":"<p>Mersin&#8217;in Erdemli il\u00e7esinde \u00e7am ormanlar\u0131yla kapl\u0131 Kayac\u0131 Vadisi giri\u015findeki \u00e7al\u0131l\u0131k alanda yang\u0131n \u00e7\u0131kt\u0131. \u0130tfaiye ve Orman \u0130\u015fletme M\u00fcd\u00fcrl\u00fc\u011f\u00fc ekiplerinin an\u0131nda m\u00fcdahalesiyle yang\u0131n ormanl\u0131k alana s\u0131\u00e7ramadan s\u00f6nd\u00fcr\u00fcld\u00fc.\u00a0 Edinilen bilgiye g\u00f6re, il\u00e7eye &hellip; <a href=\"https:\/\/akdenizolaygazetesi.com\/?p=8322\" class=\"more-link\">Devam\u0131n\u0131 Oku&#8230;<\/a><\/p>\n","protected":false},"author":1,"featured_media":0,"comment_status":"open","ping_status":"open","sticky":false,"template":"","format":"standard","meta":[],"categories":[],"tags":[],"_links":{"self":[{"href":"https:\/\/akdenizolaygazetesi.com\/index.php?rest_route=\/wp\/v2\/posts\/8322"}],"collection":[{"href":"https:\/\/akdenizolaygazetesi.com\/index.php?rest_route=\/wp\/v2\/posts"}],"about":[{"href":"https:\/\/akdenizolaygazetesi.com\/index.php?rest_route=\/wp\/v2\/types\/post"}],"author":[{"embeddable":true,"href":"https:\/\/akdenizolaygazetesi.com\/index.php?rest_route=\/wp\/v2\/users\/1"}],"replies":[{"embeddable":true,"href":"https:\/\/akdenizolaygazetesi.com\/index.php?rest_route=%2Fwp%2Fv2%2Fcomments&post=8322"}],"version-history":[{"count":0,"href":"https:\/\/akdenizolaygazetesi.com\/index.php?rest_route=\/wp\/v2\/posts\/8322\/revisions"}],"wp:attachment":[{"href":"https:\/\/akdenizolaygazetesi.com\/index.php?rest_route=%2Fwp%2Fv2%2Fmedia&parent=8322"}],"wp:term":[{"taxonomy":"category","embeddable":true,"href":"https:\/\/akdenizolaygazetesi.com\/index.php?rest_route=%2Fwp%2Fv2%2Fcategories&post=8322"},{"taxonomy":"post_tag","embeddable":true,"href":"https:\/\/akdenizolaygazetesi.com\/index.php?rest_route=%2Fwp%2Fv2%2Ftags&post=8322"}],"curies":[{"name":"wp","href":"https:\/\/api.w.org\/{rel}","templated":true}]}}