{"id":8332,"date":"2020-11-04T18:28:48","date_gmt":"2020-11-04T15:28:48","guid":{"rendered":"http:\/\/mersinekonomipolitikagazetesi.com\/?p=8332"},"modified":"2020-11-04T18:28:48","modified_gmt":"2020-11-04T15:28:48","slug":"mersinde-kotu-korona-tablosunun-suclusu-kim","status":"publish","type":"post","link":"https:\/\/akdenizolaygazetesi.com\/?p=8332","title":{"rendered":"Mersin\u2019de k\u00f6t\u00fc korona  tablosunun su\u00e7lusu kim..?"},"content":{"rendered":"<p>Mersin\u2019de korona vaka art\u0131\u015f\u0131n\u0131n \u00fcst seviyelerde g\u00f6r\u00fcnmesi halk\u0131n tepkisiyle kar\u015f\u0131land\u0131. Mersinliler k\u00f6t\u00fc korona tablosunu etki tepki olarak yorumlad\u0131.<br \/>\n\u00a0<br \/>\nMersin\u2019de haftal\u0131k vaka art\u0131\u015f\u0131n\u0131n T\u00fcrkiye genelinde y\u00fcksek seviyelerde bulunmas\u0131n\u0131n ard\u0131ndan evden \u00e7\u0131kmayan kent sakinleri su\u00e7lunun kim oldu\u011funu sordu.<br \/>\nSa\u011fl\u0131k Bakan\u0131 Fahrettin Koca\u2019n\u0131n, \u201cEn \u00e7ok vaka olan iller k\u0131yaslamas\u0131nda son hafta g\u00fcnl\u00fck ortalama vaka say\u0131s\u0131na g\u00f6re de\u011ferlendirildi\u011finde en y\u00fcksek art\u0131\u015f Kayseri y\u00fczde 39.7, Ankara 38.84 ve y\u00fczde 36.99 ile Mersin takip ediyor.\u2019\u2019 demi\u015fti.\u00a0<br \/>\nSosyal mesafe, maske ve hijyen kural\u0131na uyulmas\u0131n\u0131n s\u00fcrekli dile getirildi\u011fini ve kentteki afi\u015flerde bu bilgilerin yer ald\u0131\u011f\u0131n\u0131 belirten Mersinliler, \u201cAylard\u0131r evden \u00e7\u0131kmamaya kendimizi korumaya \u00e7al\u0131\u015f\u0131yoruz. Fakat korona vaka art\u0131\u015f\u0131nda Mersin\u2019in \u00fcst seviyelerde olmas\u0131 bizleri tedirgin etti. S\u00fcreci iyi y\u00f6netim \u015fekli ile y\u00fcr\u00fcten belediyeler ba\u015flatt\u0131klar\u0131 stratejik d\u00fczeni sonras\u0131nda y\u00fcr\u00fctemedi! Kent genelinde bir\u00e7ok farkl\u0131 alanda her ne kadar sosyal mesafe, maske ve hijyen denilse de, ge\u00e7ti\u011fimiz aylarda d\u00fczenlenen konserlerle vir\u00fcs\u00fcn yay\u0131lmas\u0131na uygun alanlar yarat\u0131ld\u0131. Sosyal belediyecilik kavram\u0131 ile korona vir\u00fcs birle\u015fince ortaya bu tablonun \u00e7\u0131kmas\u0131 \u015fa\u015f\u0131r\u0131lmamas\u0131 gereken ac\u0131 bir ger\u00e7ek.\u2019\u2019 dedi.\u00a0<br \/>\n\u00a0<br \/>\n\u201cKorona ile m\u00fccadele g\u00f6stermelik miydi?\u2019\u2019<br \/>\n\u00a0<br \/>\nKent i\u00e7erisindeki maske, dezenfektan ve dezenfektan stantlar\u0131n\u0131n da kald\u0131r\u0131lmas\u0131na dikkat \u00e7eken Mersinliler, \u201cMersin\u2019de pandemi sonras\u0131 bir\u00e7ok noktada dezenfektan, maske ve hijyen eldiven de i\u00e7eren paketler da\u011f\u0131t\u0131ld\u0131. Bunlara b\u00fcy\u00fck paralar aktar\u0131ld\u0131! Ancak salg\u0131n\u0131n artt\u0131\u011f\u0131 bu g\u00fcnlerde bu alanlar da hi\u00e7 \u00e7al\u0131\u015fma yap\u0131lmad\u0131\u011f\u0131n\u0131 g\u00f6r\u00fcyoruz. Hijyen unsuruna dikkat \u00e7eken belediyeler nedense da\u011f\u0131t\u0131ma ara verdi! Kent y\u00f6neticileri insanlara sahip \u00e7\u0131kmas\u0131 gereken ve hizmet sunmas\u0131 gereken ki\u015filer. Korona ile m\u00fccadele yoksa sadece \u015fov ama\u00e7l\u0131 ve g\u00f6stermelik miydi? \u2019\u2019 diyerek s\u00fcreci de\u011ferlendirdiler.<br \/>\n\u00a0<br \/>\n\u201cHaz\u0131rl\u0131kl\u0131 olun denetim var denilmesi tuhaf..!\u2019\u2019<br \/>\n\u00a0<br \/>\nKamuoyunun bilgisine sunulduktan sonra denetim yapan yetkilileri de ele\u015ftiren Mersinliler, \u201cBir\u00e7ok kafede ve i\u015fletmede nargile da\u011f\u0131t\u0131m\u0131na devam edilirken, s\u00fcre\u00e7 i\u00e7erisinde haber vererek denetim yap\u0131lmas\u0131 da dikkat \u00e7ekici. Herkese \u2018haz\u0131rl\u0131kl\u0131 olun denetim var\u2019 denilmesi tuhaf! \u015eehir i\u00e7i ara\u00e7larda da uygun olmayan g\u00f6r\u00fcnt\u00fcler g\u00fcn\u00fcbirlik d\u00fczenlemelerde engellenmeye \u00e7al\u0131\u015f\u0131l\u0131yor!\u2019\u2019 diyerek dert yand\u0131lar.\u00a0<br \/>\n\u00a0<br \/>\n\u201cHalen olay\u0131n ciddiyetini anlamayan insanlar\u0131m\u0131z var..!\u2019\u2019<br \/>\n\u00a0<br \/>\nMersinliler pandemi s\u00fcrecinde \u00e7o\u011fu insanlar\u0131n dikkatsizli\u011fine ve \u00f6nemsememesine de vurgu yaparak, \u201cCan kay\u0131plar\u0131m\u0131z \u00fclke genelinde artarken ve Mersin\u2019de bu s\u00fcre\u00e7 i\u00e7erisinde kendisine yak\u0131\u015fmayan bir duruma gelmi\u015fken halen olay\u0131n ciddiyetini anlamayan insanlar\u0131m\u0131z var. Ne olur kendi izolasyonunuzu ve mesafe, maske, hijyen kurallar\u0131n\u0131z\u0131 kendiniz olu\u015fturun. Belediyelerin konserlerinin olmas\u0131 koronan\u0131n olmamas\u0131 anlam\u0131na gelmiyor.\u2019\u2019 diye konu\u015ftu.<\/p>\n","protected":false},"excerpt":{"rendered":"<p>Mersin\u2019de korona vaka art\u0131\u015f\u0131n\u0131n \u00fcst seviyelerde g\u00f6r\u00fcnmesi halk\u0131n tepkisiyle kar\u015f\u0131land\u0131. Mersinliler k\u00f6t\u00fc korona tablosunu etki tepki olarak yorumlad\u0131. \u00a0 Mersin\u2019de haftal\u0131k vaka art\u0131\u015f\u0131n\u0131n T\u00fcrkiye genelinde y\u00fcksek seviyelerde bulunmas\u0131n\u0131n ard\u0131ndan evden &hellip; <a href=\"https:\/\/akdenizolaygazetesi.com\/?p=8332\" class=\"more-link\">Devam\u0131n\u0131 Oku&#8230;<\/a><\/p>\n","protected":false},"author":1,"featured_media":0,"comment_status":"open","ping_status":"open","sticky":false,"template":"","format":"standard","meta":[],"categories":[],"tags":[],"_links":{"self":[{"href":"https:\/\/akdenizolaygazetesi.com\/index.php?rest_route=\/wp\/v2\/posts\/8332"}],"collection":[{"href":"https:\/\/akdenizolaygazetesi.com\/index.php?rest_route=\/wp\/v2\/posts"}],"about":[{"href":"https:\/\/akdenizolaygazetesi.com\/index.php?rest_route=\/wp\/v2\/types\/post"}],"author":[{"embeddable":true,"href":"https:\/\/akdenizolaygazetesi.com\/index.php?rest_route=\/wp\/v2\/users\/1"}],"replies":[{"embeddable":true,"href":"https:\/\/akdenizolaygazetesi.com\/index.php?rest_route=%2Fwp%2Fv2%2Fcomments&post=8332"}],"version-history":[{"count":0,"href":"https:\/\/akdenizolaygazetesi.com\/index.php?rest_route=\/wp\/v2\/posts\/8332\/revisions"}],"wp:attachment":[{"href":"https:\/\/akdenizolaygazetesi.com\/index.php?rest_route=%2Fwp%2Fv2%2Fmedia&parent=8332"}],"wp:term":[{"taxonomy":"category","embeddable":true,"href":"https:\/\/akdenizolaygazetesi.com\/index.php?rest_route=%2Fwp%2Fv2%2Fcategories&post=8332"},{"taxonomy":"post_tag","embeddable":true,"href":"https:\/\/akdenizolaygazetesi.com\/index.php?rest_route=%2Fwp%2Fv2%2Ftags&post=8332"}],"curies":[{"name":"wp","href":"https:\/\/api.w.org\/{rel}","templated":true}]}}