{"id":8336,"date":"2020-11-04T18:28:48","date_gmt":"2020-11-04T15:28:48","guid":{"rendered":"http:\/\/mersinekonomipolitikagazetesi.com\/?p=8336"},"modified":"2020-11-04T18:28:48","modified_gmt":"2020-11-04T15:28:48","slug":"okullar-korona-virus-etkisi-altinda-yeniden-acildi","status":"publish","type":"post","link":"https:\/\/akdenizolaygazetesi.com\/?p=8336","title":{"rendered":"Okullar korona vir\u00fcs etkisi alt\u0131nda yeniden a\u00e7\u0131ld\u0131"},"content":{"rendered":"<p>Okullar korona vir\u00fcs \u00f6nlemleri alt\u0131nda okul \u00f6ncesi ve ilkokul 1. s\u0131n\u0131f \u00f6\u011frencilerine, uzun bir s\u00fcrenin ard\u0131ndan yeniden kap\u0131lar\u0131n\u0131 a\u00e7t\u0131. \u00a0Trafik Denetleme \u015eube M\u00fcd\u00fcrl\u00fc\u011f\u00fc ile Toplum Destekli Polislik \u015eube M\u00fcd\u00fcrl\u00fc\u011f\u00fc koordineli olarak ilkokullarda etkinlik ger\u00e7ekle\u015ftirdi.<br \/>\nAkdeniz il\u00e7esi&#8217;nde bulunan G\u00fcne\u015f ilkokulu, Sakarya ilkokulu, K\u0131br\u0131s ilkokulu, Zeki Sabah Anaokulu Toroslar il\u00e7esi&#8217;nde bulunan \u0130brahim Karao\u011flano\u011flu ilkokulu, Durmu\u015f Ali Toksoy ilkokulu, Yal\u0131nayak \u0130lkokulu, \u00c7a\u011fda\u015fkent \u015eahit Erol \u00d6zkul ilkokulu, Saime Naim E\u011fitim Vakf\u0131 Anaokulu&#8217;nda ger\u00e7ekle\u015ftirilen etkinliklerde \u00f6\u011frencilere ho\u015fgeldin kar\u015f\u0131lamas\u0131 yap\u0131larak \u015feker ve \u00e7e\u015fitli materyallerle birlikte k\u0131rm\u0131z\u0131 d\u00fcd\u00fck, boyama kitab\u0131, balon, kimlik kart\u0131, rozet da\u011f\u0131t\u0131ld\u0131.<\/p>\n<p>Uzun bir s\u00fcrenin ard\u0131ndan okullar kap\u0131lar\u0131n\u0131 yeniden \u00f6\u011frenciler i\u00e7in a\u00e7t\u0131. 2020-2021 e\u011fitim d\u00f6nemine evlerinde ba\u015flayan milyonlarca \u00f6\u011frenci okuluna d\u00f6nd\u00fc. Kademeli olarak artt\u0131r\u0131lacak uygulamada anaokulu ve ilkokul 1. s\u0131n\u0131f \u00f6\u011frencileri s\u0131n\u0131flar\u0131na girdi. Okul \u00f6ncesi e\u011fitimde ilk hafta 1 g\u00fcn 30\u2019ar dakikal\u0131k 5 etkinlik saati uyum e\u011fitimi verilecek. \u0130lkokul 1. s\u0131n\u0131f \u00f6\u011frencileri de ilk hafta 30\u2019ar dakikal\u0131k ders saati e\u011fitim g\u00f6recek.\u00a0<br \/>\nMersin&#8217;de de 18 bin 202 anaokulu ile 29 bin 649 1. s\u0131n\u0131f \u00f6\u011frencisi, okula ba\u015flaman\u0131n heyecan\u0131n\u0131 ya\u015fad\u0131. Anne ve babalar\u0131yla birlikte okula gelen \u00e7ocuklar\u0131n, maske ve sosyal mesafeye kural\u0131na uyduklar\u0131 g\u00f6r\u00fcld\u00fc. \u00c7ocuklar\u0131n ilk g\u00fcn heyecan\u0131na Mersin polisi de ortak oldu. Merkez Akdeniz il\u00e7esine ba\u011fl\u0131 G\u00fcne\u015f \u0130lkokulunda Toplum Destekli Polislik, Trafik Denetleme ve \u00c7ocuk \u015eube M\u00fcd\u00fcrl\u00fc\u011f\u00fc ekipleri, \u00e7ocuklar\u0131 kap\u0131da kar\u015f\u0131layarak, \u015feker ve maske da\u011f\u0131tt\u0131. \u00c7ocuklarla tek tek ilgilenen polisler, \u00e7ocuklar\u0131n maskelerini takmalar\u0131na da yard\u0131mc\u0131 oldu. T\u00fcm d\u00fcnyay\u0131 etkisi alt\u0131na alan korona vir\u00fcs salg\u0131n\u0131yla ilgili de veli ve \u00f6\u011frencileri bilgilendiren ekipler, bu s\u00fcre\u00e7te maske, sosyal mesafe ve hijyene dikkat edilmesi konusunda uyard\u0131. \u00c7ocuklar daha sonra ilk ders i\u00e7in s\u0131n\u0131flar\u0131na girdiler.\u00a0<\/p>\n","protected":false},"excerpt":{"rendered":"<p>Okullar korona vir\u00fcs \u00f6nlemleri alt\u0131nda okul \u00f6ncesi ve ilkokul 1. s\u0131n\u0131f \u00f6\u011frencilerine, uzun bir s\u00fcrenin ard\u0131ndan yeniden kap\u0131lar\u0131n\u0131 a\u00e7t\u0131. \u00a0Trafik Denetleme \u015eube M\u00fcd\u00fcrl\u00fc\u011f\u00fc ile Toplum Destekli Polislik \u015eube M\u00fcd\u00fcrl\u00fc\u011f\u00fc koordineli &hellip; <a href=\"https:\/\/akdenizolaygazetesi.com\/?p=8336\" class=\"more-link\">Devam\u0131n\u0131 Oku&#8230;<\/a><\/p>\n","protected":false},"author":1,"featured_media":0,"comment_status":"open","ping_status":"open","sticky":false,"template":"","format":"standard","meta":[],"categories":[],"tags":[],"_links":{"self":[{"href":"https:\/\/akdenizolaygazetesi.com\/index.php?rest_route=\/wp\/v2\/posts\/8336"}],"collection":[{"href":"https:\/\/akdenizolaygazetesi.com\/index.php?rest_route=\/wp\/v2\/posts"}],"about":[{"href":"https:\/\/akdenizolaygazetesi.com\/index.php?rest_route=\/wp\/v2\/types\/post"}],"author":[{"embeddable":true,"href":"https:\/\/akdenizolaygazetesi.com\/index.php?rest_route=\/wp\/v2\/users\/1"}],"replies":[{"embeddable":true,"href":"https:\/\/akdenizolaygazetesi.com\/index.php?rest_route=%2Fwp%2Fv2%2Fcomments&post=8336"}],"version-history":[{"count":0,"href":"https:\/\/akdenizolaygazetesi.com\/index.php?rest_route=\/wp\/v2\/posts\/8336\/revisions"}],"wp:attachment":[{"href":"https:\/\/akdenizolaygazetesi.com\/index.php?rest_route=%2Fwp%2Fv2%2Fmedia&parent=8336"}],"wp:term":[{"taxonomy":"category","embeddable":true,"href":"https:\/\/akdenizolaygazetesi.com\/index.php?rest_route=%2Fwp%2Fv2%2Fcategories&post=8336"},{"taxonomy":"post_tag","embeddable":true,"href":"https:\/\/akdenizolaygazetesi.com\/index.php?rest_route=%2Fwp%2Fv2%2Ftags&post=8336"}],"curies":[{"name":"wp","href":"https:\/\/api.w.org\/{rel}","templated":true}]}}