{"id":8337,"date":"2020-11-04T18:28:48","date_gmt":"2020-11-04T15:28:48","guid":{"rendered":"http:\/\/mersinekonomipolitikagazetesi.com\/?p=8337"},"modified":"2020-11-04T18:28:48","modified_gmt":"2020-11-04T15:28:48","slug":"secer-bir-iki-aylik-surede-terfi-sistemini-devreye-alacagiz","status":"publish","type":"post","link":"https:\/\/akdenizolaygazetesi.com\/?p=8337","title":{"rendered":"Se\u00e7er: \u201cBir-iki ayl\u0131k s\u00fcrede terfi sistemini devreye alaca\u011f\u0131z\u201d"},"content":{"rendered":"<p>Mersin B\u00fcy\u00fck\u015fehir Belediye Ba\u015fkan\u0131 Vahap Se\u00e7er, Silifke\u2019ye ba\u011fl\u0131 Ta\u015fucu Mahallesinde MESK\u0130 taraf\u0131ndan y\u00fcr\u00fct\u00fclen Terfi Merkezi ve Terfi Hatt\u0131 Projesinde incelemelerde bulundu. Ba\u015fkan Se\u00e7er, \u201c\u0130\u015f program\u0131n\u0131n bir hayli \u00f6n\u00fcndeyiz. 3 Aral\u0131k\u2019ta bitim tarihi belirlendi ama onun \u00f6n\u00fcndeyiz. Bir-iki ayl\u0131k s\u00fcre i\u00e7erisinde sistemi devreye alaca\u011f\u0131z\u201d dedi.\u00a0<br \/>\nB\u00fcy\u00fck\u015fehir Belediye Ba\u015fkan\u0131 Se\u00e7er, Silifke\u2019de devam eden altyap\u0131 \u00e7al\u0131\u015fmalar\u0131n\u0131 inceledi. Ta\u015fucu Mahallesinin y\u0131llard\u0131r devam eden kanalizasyon sorununu \u00e7\u00f6z\u00fcme kavu\u015fturacak olan ve MESK\u0130 taraf\u0131ndan y\u00fcr\u00fct\u00fclen Ta\u015fucu Mahallesi Terfi Merkezi ve Terfi Hatt\u0131 Projesini yerinde inceleyen Ba\u015fkan Se\u00e7er, projede \u00f6nemli ilerlemeler kaydettiklerini ifade etti.\u00a0<\/p>\n<p>\u201cTa\u015fucu\u2019nun birinci sorunu kanalizasyon\u201d<br \/>\n\u00a0<br \/>\n\u0130ncelemeleri s\u0131ras\u0131nda a\u00e7\u0131klama yapan Ba\u015fkan Se\u00e7er, \u201cTa\u015fucu\u2019nun birinci sorunu kanalizasyon\u201d diyerek, \u00e7a\u011fr\u0131 merkeze gelen \u015fikayetlerin y\u00fczde 90\u2019\u0131n\u0131 vidanj\u00f6r talebinin olu\u015fturdu\u011funu s\u00f6yledi. Se\u00e7er, \u201c\u00c7\u00fcnk\u00fc foseptikler s\u00fcrekli doluyor ve s\u00fcrekli vidanj\u00f6r talebi oluyor. Art\u0131k bu \u00e7ekilemez boyuttayd\u0131. \u0130\u015f program\u0131n\u0131n bir hayli \u00f6n\u00fcndeyiz. 3 Aral\u0131k\u2019ta bitim tarihi belirlendi ama onun \u00f6n\u00fcndeyiz. Bir-iki ayl\u0131k s\u00fcre i\u00e7erisinde sistemi devreye alaca\u011f\u0131z. 8,5 kilometrelik bir terfi hatt\u0131. 2 a\u015famal\u0131 terfimiz var. Bu bittikten sonra art\u0131k Ta\u015fucu\u2019nda vidanj\u00f6r ya da kanalizasyon sorunu kalmayacak. Orada \u015fu anda kanalizasyon hatlar\u0131n\u0131n temizlenmesi, kontrol bacalar\u0131n\u0131n y\u00fckseltilmesi sorunu var. Bir yandan da s\u00fcratle onlar\u0131 yap\u0131yoruz ki, bu \u00e7al\u0131\u015fmalar bitti\u011fi zaman daha \u00f6nce yap\u0131lm\u0131\u015f, i\u00e7i dolmu\u015f ve kullan\u0131lamaz hale gelmek \u00fczere olan kanalizasyon hatt\u0131n\u0131 da haz\u0131r hale getirip art\u0131k bu sorunu da k\u00f6k\u00fcnden \u00e7\u00f6zmemiz laz\u0131m\u201d diye konu\u015ftu.\u00a0<\/p>\n<p>\u201cSilifke At\u0131ksu Ar\u0131tma Tesisinin proje \u00e7al\u0131\u015fmas\u0131 devam ediyor\u201d<br \/>\n\u00a0<br \/>\nBa\u015fkan Se\u00e7er, Silifke il\u00e7esinde devam eden di\u011fer \u00e7al\u0131\u015fmalar\u0131 da anlatarak, k\u00f6kle\u015fmi\u015f, geriden gelen, daha \u00f6nce yap\u0131lmas\u0131 gereken baz\u0131 projeleri s\u00fcratle yapmak i\u00e7in \u00e7al\u0131\u015fmalar\u0131na devam ettiklerini belirtti. Se\u00e7er, \u201c\u00d6rne\u011fin Silifke At\u0131ksu Ar\u0131tma Tesisi 20-25 milyon liral\u0131k bir proje olacak. \u015eu anda proje \u00e7al\u0131\u015fmas\u0131 devam ediyor. Oran\u0131n da bir an \u00f6nce tamamlanmas\u0131 laz\u0131m, \u00e7\u00fcnk\u00fc kulland\u0131\u011f\u0131m\u0131z at\u0131ksu ar\u0131tma tesisi ekonomik \u00f6mr\u00fcn\u00fc doldurmu\u015f bir ar\u0131tma tesisi. S\u00fcratle onlar\u0131n da yenilenmesi laz\u0131m\u201d ifadelerini kulland\u0131.\u00a0<\/p>\n<p>\u201cKanalizasyon sorunlar\u0131n\u0131n \u00f6nemli bir b\u00f6l\u00fcm\u00fcn\u00fc ilk 5 y\u0131lda \u00e7\u00f6zmek i\u00e7in gayret i\u00e7erisindeyiz\u201d<br \/>\n\u00a0<br \/>\nMersin\u2019in sahil kesimi ve yayla b\u00f6lgelerinin en \u00f6nemli sorunlar\u0131n\u0131n ba\u015f\u0131nda kanalizasyonun geldi\u011fine dikkat \u00e7eken Se\u00e7er, bu sorunlar\u0131n \u00e7\u00f6z\u00fcm\u00fc i\u00e7in gayret i\u00e7erisinde olduklar\u0131n\u0131 ifade etti. Se\u00e7er, \u201cBizim kentimizin merkezden bat\u0131ya do\u011fru y\u00f6neldi\u011finizde, sahil \u015feridinde hatta yaylal\u0131k b\u00f6lgelerde de temel sorunlar\u0131n\u0131n ba\u015f\u0131nda gelen kanalizasyon sorunlar\u0131n\u0131n ilk 5 y\u0131ll\u0131k dilim i\u00e7erisindeki g\u00f6rev s\u00fcremizde \u00f6nemli bir b\u00f6l\u00fcm\u00fcn\u00fc \u00e7\u00f6zmek i\u00e7in gayret i\u00e7erisindeyiz. Silifke\u2019de tatil beldesi olan Ye\u015filovac\u0131k\u2019ta da art\u0131ma tesisi ile ilgili \u00e7al\u0131\u015fmalar\u0131m\u0131z var. Bir\u00e7ok b\u00f6lgedeki beklentileri kar\u015f\u0131layaca\u011f\u0131z\u201d dedi.\u00a0<\/p>\n<p>\u201c\u0130nsan ve \u00e7evre sa\u011fl\u0131\u011f\u0131n\u0131n para ile \u00f6l\u00e7\u00fclecek bir durumu yok\u201d<br \/>\n\u00a0<br \/>\nProjeleri yaparken sorunlar\u0131n \u00e7\u00f6z\u00fcm\u00fcne insan ve \u00e7evre sa\u011fl\u0131\u011f\u0131 a\u00e7\u0131s\u0131ndan yakla\u015ft\u0131klar\u0131n\u0131, parasal bedeli ikinci planda d\u00fc\u015f\u00fcnd\u00fcklerini vurgulayan Se\u00e7er, \u015funlar\u0131 s\u00f6yledi:\u00a0<br \/>\n\u201c\u0130nsan sa\u011fl\u0131\u011f\u0131 \u00e7evre sa\u011fl\u0131\u011f\u0131ndan ge\u00e7iyor. Sa\u011fl\u0131k a\u00e7\u0131s\u0131ndan ne kadar uygun bir \u00e7evrede ya\u015f\u0131yorsan\u0131z o kadar sa\u011fl\u0131kl\u0131 olursunuz. Temiz bir \u00e7evrede ya\u015famak anayasal bir hak. Bu g\u00f6rev idarenin, bunu yapmak zorunday\u0131z. Bunun parasal bedeli mutlaka k\u00fc\u00e7\u00fcmsenecek rakamlar olmayabilir ama insan ve \u00e7evre sa\u011fl\u0131\u011f\u0131n\u0131n para ile \u00f6l\u00e7\u00fclecek bir durumu yok; her \u015feyin \u00fczerinde. Bu bilin\u00e7le bundan sonraki yapaca\u011f\u0131m\u0131z projeksiyonlar\u0131 ger\u00e7ekle\u015ftirece\u011fiz. Biz yerel y\u00f6netimler olarak kentin g\u00fczelli\u011fi, d\u00fczeni, temizli\u011fi a\u00e7\u0131s\u0131ndan her t\u00fcrl\u00fc yat\u0131r\u0131m\u0131 parasal kar\u015f\u0131l\u0131\u011f\u0131n\u0131 d\u00fc\u015f\u00fcnmeden yapma zorunlulu\u011funa sahibiz. K\u0131s\u0131tl\u0131 b\u00fct\u00e7e d\u00f6nemsel; hepsi a\u015f\u0131l\u0131r. Bu konular\u0131 \u00e7ok b\u00fcy\u00fctm\u00fcyorum. Bu konulara tak\u0131l\u0131p hem enerjimizi hem zaman\u0131m\u0131z\u0131 t\u00fcketmek istemiyorum. Zaman zaman baz\u0131 politik manevralarla baz\u0131 engellemelerle ya da rakiplerinizin i\u015finizi zorla\u015ft\u0131rmas\u0131yla kar\u015f\u0131la\u015f\u0131yorsunuz ama bu demek de\u011fildir ki, hizmet yapamazs\u0131n\u0131z. Biz her \u015feyin \u00fcstesinden gelecek g\u00fc\u00e7teyiz. Vatanda\u015flar bunun i\u00e7in bizi y\u00f6netime getirdi. Ba\u015far\u0131s\u0131zl\u0131\u011f\u0131n bizim a\u00e7\u0131m\u0131zdan hi\u00e7bir gerek\u00e7esi olamaz. Ya ba\u015faraca\u011f\u0131z ya ba\u015faraca\u011f\u0131z.\u201d\u00a0<\/p>\n<p>Proje detaylar\u0131<br \/>\n\u00a0<br \/>\nSilifke il\u00e7esi Ta\u015fucu Mahallesi Terfi Merkezi ve Terfi Hatt\u0131 Projesi ile T\u00fcrkiye\u2019nin ve Mersin\u2019in say\u0131l\u0131 turizm merkezlerinden birisi olan Ta\u015fucu\u2019nun kanalizasyon sorunu \u00e7\u00f6z\u00fcme kavu\u015fuyor. Yap\u0131lacak terfi merkezi ile Ta\u015fucu, Kum, Bolacal\u0131koyuncu, G\u00fcl\u00fcmpa\u015fal\u0131 mahallelerinin at\u0131ksular\u0131, Silifke At\u0131ksu Ar\u0131tma Tesisine iletilerek ar\u0131t\u0131lacak ve b\u00f6lgenin kanalizasyon sorunu tarihe kar\u0131\u015facak.\u00a0<br \/>\nMESK\u0130\u2019nin s\u00f6zle\u015fme bedeli 9 milyon 132 bin TL olan kanalizasyon imalatlar\u0131 kapsam\u0131nda, \u00d81000 milimetre \u00e7ap\u0131nda 168 metre cazibeli hat, \u00d8400 milimetre \u00e7ap\u0131nda 8 bin 355 metre terfi hatt\u0131, 2 adet paket at\u0131ksu terfi merkezi, 5 adet kanalizasyon bacas\u0131, 7 adet tahliye vana odas\u0131 ve 7 adet vana odas\u0131 yap\u0131lacak. Ta\u015fucu b\u00f6lgesinin at\u0131ksular\u0131 Terfi Merkezi arac\u0131l\u0131\u011f\u0131yla Silifke At\u0131ksu Ar\u0131tma Tesisi&#8217;ne iletilerek, ar\u0131tma i\u015flemi ger\u00e7ekle\u015ftirilecek. MESK\u0130\u2019nin yapaca\u011f\u0131 \u00e7al\u0131\u015fmalar sayesinde, mahalle sakinleri y\u0131llard\u0131r bekledikleri kanalizasyon altyap\u0131s\u0131na kavu\u015facak. \u00a0<\/p>\n","protected":false},"excerpt":{"rendered":"<p>Mersin B\u00fcy\u00fck\u015fehir Belediye Ba\u015fkan\u0131 Vahap Se\u00e7er, Silifke\u2019ye ba\u011fl\u0131 Ta\u015fucu Mahallesinde MESK\u0130 taraf\u0131ndan y\u00fcr\u00fct\u00fclen Terfi Merkezi ve Terfi Hatt\u0131 Projesinde incelemelerde bulundu. Ba\u015fkan Se\u00e7er, \u201c\u0130\u015f program\u0131n\u0131n bir hayli \u00f6n\u00fcndeyiz. 3 Aral\u0131k\u2019ta &hellip; <a href=\"https:\/\/akdenizolaygazetesi.com\/?p=8337\" class=\"more-link\">Devam\u0131n\u0131 Oku&#8230;<\/a><\/p>\n","protected":false},"author":1,"featured_media":0,"comment_status":"open","ping_status":"open","sticky":false,"template":"","format":"standard","meta":[],"categories":[],"tags":[],"_links":{"self":[{"href":"https:\/\/akdenizolaygazetesi.com\/index.php?rest_route=\/wp\/v2\/posts\/8337"}],"collection":[{"href":"https:\/\/akdenizolaygazetesi.com\/index.php?rest_route=\/wp\/v2\/posts"}],"about":[{"href":"https:\/\/akdenizolaygazetesi.com\/index.php?rest_route=\/wp\/v2\/types\/post"}],"author":[{"embeddable":true,"href":"https:\/\/akdenizolaygazetesi.com\/index.php?rest_route=\/wp\/v2\/users\/1"}],"replies":[{"embeddable":true,"href":"https:\/\/akdenizolaygazetesi.com\/index.php?rest_route=%2Fwp%2Fv2%2Fcomments&post=8337"}],"version-history":[{"count":0,"href":"https:\/\/akdenizolaygazetesi.com\/index.php?rest_route=\/wp\/v2\/posts\/8337\/revisions"}],"wp:attachment":[{"href":"https:\/\/akdenizolaygazetesi.com\/index.php?rest_route=%2Fwp%2Fv2%2Fmedia&parent=8337"}],"wp:term":[{"taxonomy":"category","embeddable":true,"href":"https:\/\/akdenizolaygazetesi.com\/index.php?rest_route=%2Fwp%2Fv2%2Fcategories&post=8337"},{"taxonomy":"post_tag","embeddable":true,"href":"https:\/\/akdenizolaygazetesi.com\/index.php?rest_route=%2Fwp%2Fv2%2Ftags&post=8337"}],"curies":[{"name":"wp","href":"https:\/\/api.w.org\/{rel}","templated":true}]}}