{"id":8338,"date":"2020-11-04T18:28:48","date_gmt":"2020-11-04T15:28:48","guid":{"rendered":"http:\/\/mersinekonomipolitikagazetesi.com\/?p=8338"},"modified":"2020-11-04T18:28:48","modified_gmt":"2020-11-04T15:28:48","slug":"toroslar-belediyesinden-hareketlilik-haftasinda-doga-yuruyusu","status":"publish","type":"post","link":"https:\/\/akdenizolaygazetesi.com\/?p=8338","title":{"rendered":"Toroslar Belediyesi\u2019nden Hareketlilik Haftas\u0131nda do\u011fa y\u00fcr\u00fcy\u00fc\u015f\u00fc"},"content":{"rendered":"<p>Mersin\u2019in merkez il\u00e7e Toroslar Belediyesi, &#8216;Avrupa Hareketlilik Haftas\u0131&#8217; kapsam\u0131nda hafta sonu do\u011fa y\u00fcr\u00fcy\u00fc\u015f\u00fc d\u00fczenledi. Bu y\u0131l &#8220;Herkes i\u00e7in S\u0131f\u0131r Emisyonlu Hareketlilik&#8221; temas\u0131yla kutlanan hafta \u00e7er\u00e7evesinde ger\u00e7ekle\u015ftirilen do\u011fa y\u00fcr\u00fcy\u00fc\u015f\u00fc; \u00c7a\u011flarca Mahallesinde bulunan Sunturas \u015eelalesinden ba\u015flayarak Yenik\u00f6y&#8217;de son buldu.\u00a0<br \/>\nToroslar Belediyesinden yap\u0131lan a\u00e7\u0131klamaya g\u00f6re, &#8216;Do\u011fa Y\u00fcr\u00fcy\u00fc\u015f\u00fc ve Do\u011fada Temizlik Var&#8217; slogan\u0131yla organize edilen etkinli\u011fe; bisikletli gruplar da bisikletleriyle e\u015flik etti. 6 kilometrelik parkurda \u00e7evre temizli\u011fi de yap\u0131larak, s\u0131f\u0131r emisyona ve d\u00fcnyan\u0131n oksijen alan\u0131 do\u011fay\u0131 koruman\u0131n \u00f6nemine dikkat \u00e7ekildi.\u00a0<\/p>\n<p>Da\u011fa t\u0131rman\u0131\u015f ve bocce yar\u0131\u015fmas\u0131 da yap\u0131ld\u0131<br \/>\n\u00a0<br \/>\nY\u00fcr\u00fcy\u00fc\u015f s\u0131ras\u0131nda d\u00fczenlenen da\u011fa t\u0131rman\u0131\u015f aktivitesi ve bocce yar\u0131\u015fmas\u0131 da etkinliklere ayr\u0131 bir renk katt\u0131. Pandemi kurallar\u0131 dikkate al\u0131narak yap\u0131lan y\u00fcr\u00fcy\u00fc\u015fte; do\u011fa ve foto\u011fraf tutkunlar\u0131 da Toroslar&#8217;\u0131n e\u015fsiz manzaras\u0131 kar\u015f\u0131s\u0131nda keyifli bir hafta sonu ge\u00e7irdi.\u00a0<br \/>\nToroslar&#8217;\u0131n do\u011fas\u0131 ve tarihinin yan\u0131nda, sa\u011fl\u0131kl\u0131 ya\u015fam\u0131n desteklenmesi, s\u00fcrd\u00fcr\u00fclebilir ula\u015f\u0131m sistemlerinin geli\u015fmesi ve \u00e7evre dostu bir ya\u015fam sunmaya te\u015fvik etmenin hedeflendi\u011fi etkinlik yo\u011fun ilgi g\u00f6rd\u00fc.\u00a0<\/p>\n<p>&#8220;Hareketli ya\u015fama fark\u0131ndal\u0131k olu\u015fturuyoruz&#8221;<br \/>\n\u00a0<br \/>\nToroslar Belediye Ba\u015fkan\u0131 Ats\u0131z Af\u015f\u0131n Y\u0131lmaz, her y\u0131l 16-22 Eyl\u00fcl tarihleri aras\u0131nda t\u00fcm d\u00fcnyada kutlanan Avrupa Hareketlilik Haftas\u0131na Toroslar Belediyesi olarak bu y\u0131l da \u00e7e\u015fitli etkinliklerle kat\u0131ld\u0131klar\u0131n\u0131 s\u00f6yledi. Sporun ve hareketlili\u011fin hayat\u0131n bir par\u00e7as\u0131 haline gelmesinin \u00f6nemine vurgu yapan Ba\u015fkan Y\u0131lmaz, &#8220;Hareketlilik ve sa\u011fl\u0131kl\u0131 ya\u015fam konusunda toplumsal fark\u0131ndal\u0131k olu\u015fturma amac\u0131 ta\u015f\u0131yan Avrupa Hareketlilik Haftas\u0131 kapsam\u0131nda d\u00fczenledi\u011fimiz do\u011fa y\u00fcr\u00fcy\u00fc\u015f\u00fcm\u00fcze kat\u0131lan hem\u015fehrilerimize te\u015fekk\u00fcr ediyoruz. Biz de hafta kapsam\u0131nda d\u00fczenledi\u011fimiz etkinliklerle vatanda\u015flar\u0131m\u0131z\u0131 hareketli ya\u015fama te\u015fvik ediyor ve alternatif ula\u015f\u0131m metotlar\u0131na y\u00f6nelmelerini istiyoruz. \u0130n\u015fallah hayata ge\u00e7irdi\u011fimiz ve ge\u00e7irece\u011fimiz \u00e7al\u0131\u015fma ve projelerle gelecek nesillere daha ya\u015fan\u0131labilir bir \u00e7evre b\u0131rakaca\u011f\u0131z&#8221; dedi. \u00a0\u00a0<\/p>\n","protected":false},"excerpt":{"rendered":"<p>Mersin\u2019in merkez il\u00e7e Toroslar Belediyesi, &#8216;Avrupa Hareketlilik Haftas\u0131&#8217; kapsam\u0131nda hafta sonu do\u011fa y\u00fcr\u00fcy\u00fc\u015f\u00fc d\u00fczenledi. Bu y\u0131l &#8220;Herkes i\u00e7in S\u0131f\u0131r Emisyonlu Hareketlilik&#8221; temas\u0131yla kutlanan hafta \u00e7er\u00e7evesinde ger\u00e7ekle\u015ftirilen do\u011fa y\u00fcr\u00fcy\u00fc\u015f\u00fc; \u00c7a\u011flarca Mahallesinde &hellip; <a href=\"https:\/\/akdenizolaygazetesi.com\/?p=8338\" class=\"more-link\">Devam\u0131n\u0131 Oku&#8230;<\/a><\/p>\n","protected":false},"author":1,"featured_media":0,"comment_status":"open","ping_status":"open","sticky":false,"template":"","format":"standard","meta":[],"categories":[],"tags":[],"_links":{"self":[{"href":"https:\/\/akdenizolaygazetesi.com\/index.php?rest_route=\/wp\/v2\/posts\/8338"}],"collection":[{"href":"https:\/\/akdenizolaygazetesi.com\/index.php?rest_route=\/wp\/v2\/posts"}],"about":[{"href":"https:\/\/akdenizolaygazetesi.com\/index.php?rest_route=\/wp\/v2\/types\/post"}],"author":[{"embeddable":true,"href":"https:\/\/akdenizolaygazetesi.com\/index.php?rest_route=\/wp\/v2\/users\/1"}],"replies":[{"embeddable":true,"href":"https:\/\/akdenizolaygazetesi.com\/index.php?rest_route=%2Fwp%2Fv2%2Fcomments&post=8338"}],"version-history":[{"count":0,"href":"https:\/\/akdenizolaygazetesi.com\/index.php?rest_route=\/wp\/v2\/posts\/8338\/revisions"}],"wp:attachment":[{"href":"https:\/\/akdenizolaygazetesi.com\/index.php?rest_route=%2Fwp%2Fv2%2Fmedia&parent=8338"}],"wp:term":[{"taxonomy":"category","embeddable":true,"href":"https:\/\/akdenizolaygazetesi.com\/index.php?rest_route=%2Fwp%2Fv2%2Fcategories&post=8338"},{"taxonomy":"post_tag","embeddable":true,"href":"https:\/\/akdenizolaygazetesi.com\/index.php?rest_route=%2Fwp%2Fv2%2Ftags&post=8338"}],"curies":[{"name":"wp","href":"https:\/\/api.w.org\/{rel}","templated":true}]}}