{"id":8339,"date":"2020-11-04T18:28:48","date_gmt":"2020-11-04T15:28:48","guid":{"rendered":"http:\/\/mersinekonomipolitikagazetesi.com\/?p=8339"},"modified":"2020-11-04T18:28:48","modified_gmt":"2020-11-04T15:28:48","slug":"hareketlilik-haftasinda-resim-yaptilar-bisiklet-kazandilar","status":"publish","type":"post","link":"https:\/\/akdenizolaygazetesi.com\/?p=8339","title":{"rendered":"Hareketlilik Haftas\u0131nda resim yapt\u0131lar, bisiklet kazand\u0131lar"},"content":{"rendered":"<p>Mersin B\u00fcy\u00fck\u015fehir Belediyesi, Avrupa Hareketlilik Haftas\u0131nda \u00e7ocuklar i\u00e7in \u2018Yolda Payla\u015facak \u00c7ok \u015eey Var\u2019 temal\u0131 resim yar\u0131\u015fmas\u0131 d\u00fczenledi. Yar\u0131\u015fmada dereceye giren \u00e7ocuklara, bisikletlerini Ba\u015fkan Vahap Se\u00e7er verdi.\u00a0<br \/>\nMersin B\u00fcy\u00fck\u015fehir Belediyesi, 16-22 Eyl\u00fcl tarihleri aras\u0131nda d\u00fcnyan\u0131n her yerinde kutlanan \u201cAvrupa Hareketlilik Haftas\u0131\u201d kapsam\u0131nda kentte s\u0131f\u0131r emisyonlu ula\u015f\u0131m\u0131 te\u015fvik eden etkinlikler d\u00fczenlemeye devam ediyor. Ekinlikler kapsam\u0131nda \u00e7ocuklar\u0131 da unutmayan B\u00fcy\u00fck\u015fehir Belediyesi, \u00e7ocuklar\u0131n hayal d\u00fcnyas\u0131n\u0131n resmedildi\u011fi, \u2018Yolda Payla\u015facak \u00c7ok \u015eey Var\u2019 temal\u0131 bir resim yar\u0131\u015fmas\u0131 d\u00fczenledi. B\u00fcy\u00fck\u015fehir Belediye Ba\u015fkan\u0131 Vahap Se\u00e7er, etkinli\u011fe kat\u0131larak dereceye giren ilk \u00fc\u00e7 \u00e7ocu\u011fa bisiklet \u00f6d\u00fcl\u00fcn\u00fc verdi.<br \/>\n\u00a0<br \/>\nK\u00fclt\u00fcr Park i\u00e7erisindeki B\u00fcy\u00fck\u015fehir Belediyesi Etkinlik Merkezinde ger\u00e7ekle\u015ftirilen yar\u0131\u015fmaya 103 \u00e7ocuk, hayallerindeki temiz ula\u015f\u0131m\u0131 tuvale yans\u0131tt\u0131. B\u00fcy\u00fck\u015fehir Belediyesi Kad\u0131n ve Aile Hizmetleri Dairesinin d\u00fczenledi\u011fi hem e\u011flenceli hem de fark\u0131ndal\u0131k olu\u015fturmay\u0131 ama\u00e7layan etkinlikte Ba\u015fkan Se\u00e7er, dereceye giren 4 ya\u015f\u0131ndaki Yi\u011fit \u00d6zer, 6 ya\u015f\u0131ndaki Abdurrahman \u00c7etin ve 8 ya\u015f\u0131ndaki Sevim Bayraktaro\u011flu\u2019na bisiklet \u00f6d\u00fcllerini teslim etti.\u00a0<br \/>\nYar\u0131\u015fman\u0131n j\u00fcri \u00fcyeli\u011fini Bas\u0131n Yay\u0131n ve Halkla \u0130li\u015fkiler Dairesi Ba\u015fkan\u0131 Bedrettin G\u00fcnde\u015f, Kad\u0131n ve Aile Hizmetleri Dairesi Ba\u015fkan\u0131 \u015eerife Haso\u011flu Dokucu, Ressam Olga Eren ve Or\u00e7un \u00c7ad\u0131rc\u0131 yapt\u0131. G\u00fcn boyu s\u00fcren etkinliklerde vakit ge\u00e7iren \u00e7ocuklar robot \u015fov ve capoeira dans g\u00f6sterisiyle de keyifli dakikalar ya\u015fad\u0131. Kat\u0131l\u0131m sa\u011flayan t\u00fcm \u00e7ocuklara u\u00e7urtma da\u011f\u0131t\u0131ld\u0131.\u00a0<\/p>\n<p>\u201cSevgi, b\u00fct\u00fcn zorluklar\u0131 a\u015fman\u0131za yard\u0131mc\u0131 olur\u201d<br \/>\n\u00a0<br \/>\n\u00c7ocuklar\u0131n, Etkinlik Merkezinin d\u00fczenledi\u011fi etkinliklerden memnun olmalar\u0131ndan ve severek gelmelerinden dolay\u0131 mutluluk duydu\u011funu ifade eden Ba\u015fkan Se\u00e7er, \u201cHepiniz \u00e7ok ba\u015far\u0131l\u0131s\u0131n\u0131z ama resim konusunda j\u00fcri \u00fcyelerimiz tabii ki bu i\u015fin uzman\u0131 ki\u015filer, \u00fc\u00e7 resim se\u00e7mi\u015fler. Onlar biraz daha farkl\u0131 \u00e7al\u0131\u015fm\u0131\u015f ama ben eminim sizler de bir dahaki yar\u0131\u015fmada daha iyi bir performans g\u00f6sterebilirsiniz. Sevgi, b\u00fct\u00fcn zorluklar\u0131 a\u015fman\u0131za yard\u0131mc\u0131 olur, mutlu olursunuz. Sak\u0131n sevgisiz olmay\u0131n, arkada\u015flar\u0131n\u0131z\u0131 sevin, yard\u0131mc\u0131 olun. \u00dcz\u00fcnt\u00fcl\u00fc oldu\u011fu zaman \u00fcz\u00fcnt\u00fcs\u00fcn\u00fc payla\u015f\u0131n, sevincini payla\u015f\u0131n, bir \u015feye ihtiyac\u0131 varsa mutlaka yard\u0131mc\u0131 olun. Payla\u015fa payla\u015fa her \u015feyi b\u00fcy\u00fctebiliriz\u201d diye konu\u015ftu.\u00a0<\/p>\n<p>\u201cEmin olun hepiniz bu yar\u0131\u015fmay\u0131 kazand\u0131n\u0131z\u201d<br \/>\n\u00a0<br \/>\nJ\u00fcri \u00fcyesi Ressam \u00c7ad\u0131rc\u0131 da se\u00e7im yaparken olduk\u00e7a zorland\u0131klar\u0131n\u0131 ifade ederek, \u201cB\u00fct\u00fcn resimler \u00e7ok g\u00fczeldi. Hepinizin ellerine, eme\u011fine sa\u011fl\u0131k. Se\u00e7imimizi yaparken \u00e7ok zorland\u0131k. Enerjisi, hayal g\u00fcc\u00fc di\u011ferinden daha fazla olan\u0131 se\u00e7mek zorunda kald\u0131k. Ama hepiniz emin olun bu yar\u0131\u015fmay\u0131 kazand\u0131n\u0131z\u201d ifadelerini kulland\u0131.\u00a0<\/p>\n<p>\u201cBu etkinli\u011fi g\u00f6r\u00fcnce \u00e7ok mutlu olduk\u201d<br \/>\n\u00a0<br \/>\n4 ya\u015f\u0131ndaki k\u0131z\u0131 Nehir\u2019in resim yar\u0131\u015fmas\u0131na kat\u0131ld\u0131\u011f\u0131n\u0131 ve keyifli vakit ge\u00e7irdi\u011fini ifade eden Melike Korkmaz ise \u201cBu etkinli\u011fi g\u00f6r\u00fcnce \u00e7ok mutlu olduk. Nehir bu etkinliklerde bulunmay\u0131 \u00e7ok seviyor. \u0130yi ki b\u00f6yle etkinlikler var, \u00e7ok mutluyuz. Bu etkinlikler, \u00e7ocuklar\u0131 geli\u015ftiriyor, kendilerini ifade etmelerini, kendilerini tan\u0131malar\u0131n\u0131 sa\u011fl\u0131yor\u201d diye konu\u015ftu. \u00a0\u00a0<\/p>\n","protected":false},"excerpt":{"rendered":"<p>Mersin B\u00fcy\u00fck\u015fehir Belediyesi, Avrupa Hareketlilik Haftas\u0131nda \u00e7ocuklar i\u00e7in \u2018Yolda Payla\u015facak \u00c7ok \u015eey Var\u2019 temal\u0131 resim yar\u0131\u015fmas\u0131 d\u00fczenledi. Yar\u0131\u015fmada dereceye giren \u00e7ocuklara, bisikletlerini Ba\u015fkan Vahap Se\u00e7er verdi.\u00a0 Mersin B\u00fcy\u00fck\u015fehir Belediyesi, 16-22 &hellip; <a href=\"https:\/\/akdenizolaygazetesi.com\/?p=8339\" class=\"more-link\">Devam\u0131n\u0131 Oku&#8230;<\/a><\/p>\n","protected":false},"author":1,"featured_media":0,"comment_status":"open","ping_status":"open","sticky":false,"template":"","format":"standard","meta":[],"categories":[],"tags":[],"_links":{"self":[{"href":"https:\/\/akdenizolaygazetesi.com\/index.php?rest_route=\/wp\/v2\/posts\/8339"}],"collection":[{"href":"https:\/\/akdenizolaygazetesi.com\/index.php?rest_route=\/wp\/v2\/posts"}],"about":[{"href":"https:\/\/akdenizolaygazetesi.com\/index.php?rest_route=\/wp\/v2\/types\/post"}],"author":[{"embeddable":true,"href":"https:\/\/akdenizolaygazetesi.com\/index.php?rest_route=\/wp\/v2\/users\/1"}],"replies":[{"embeddable":true,"href":"https:\/\/akdenizolaygazetesi.com\/index.php?rest_route=%2Fwp%2Fv2%2Fcomments&post=8339"}],"version-history":[{"count":0,"href":"https:\/\/akdenizolaygazetesi.com\/index.php?rest_route=\/wp\/v2\/posts\/8339\/revisions"}],"wp:attachment":[{"href":"https:\/\/akdenizolaygazetesi.com\/index.php?rest_route=%2Fwp%2Fv2%2Fmedia&parent=8339"}],"wp:term":[{"taxonomy":"category","embeddable":true,"href":"https:\/\/akdenizolaygazetesi.com\/index.php?rest_route=%2Fwp%2Fv2%2Fcategories&post=8339"},{"taxonomy":"post_tag","embeddable":true,"href":"https:\/\/akdenizolaygazetesi.com\/index.php?rest_route=%2Fwp%2Fv2%2Ftags&post=8339"}],"curies":[{"name":"wp","href":"https:\/\/api.w.org\/{rel}","templated":true}]}}