{"id":834,"date":"2020-11-04T18:21:27","date_gmt":"2020-11-04T15:21:27","guid":{"rendered":"http:\/\/mersinekonomipolitikagazetesi.com\/?p=834"},"modified":"2020-11-04T18:21:27","modified_gmt":"2020-11-04T15:21:27","slug":"erdemlide-cami-ve-kuran-kursu-cevresinde-duzenleme","status":"publish","type":"post","link":"https:\/\/akdenizolaygazetesi.com\/?p=834","title":{"rendered":"Erdemli&#8217;de cami ve Kuran Kursu \u00e7evresinde d\u00fczenleme"},"content":{"rendered":"<p>Erdemli Belediyesi, \u00c7e\u015fmeli Mahallesi&#8217;ndeki cami ve K\u0131z Kuran Kursunun bah\u00e7e d\u00fczenlemesini yaparak parkeyle donatt\u0131.<\/p>\n<p><span style=\"color: rgb(0, 0, 0); font-family: Tahoma, Arial, 'Times New Roman TUR', Verdana; font-size: 15px; line-height: normal;\">Genel olarak vatanda\u015f\u0131n ortak kullan\u0131m alan\u0131 olan ibadethane, okul ve Kuran Kurslar\u0131na her t\u00fcrl\u00fc deste\u011fi verdiklerini belirten Erdemli Belediye Ba\u015fkan\u0131 M\u00fckerrem Tollu, \u201cVatanda\u015flar\u0131m\u0131z\u0131n huzurlu bir ibadet yapabilmeleri i\u00e7in camilerimize bir\u00e7ok hizmet g\u00f6t\u00fcr\u00fcyoruz. Belediye b\u00fcnyesinde olu\u015fturdu\u011fumuz cami temizleme ekibi il\u00e7emizdeki t\u00fcm camileri temizlemeye devam ediyor. Bunun yan\u0131 s\u0131ra t\u00fcm camilerimizin bah\u00e7elerini dizayn ediyoruz. Ekiplerimiz \u015fimdi de \u00c7e\u015fmeli Cami ve K\u0131z Kuran Kursunun bah\u00e7esinde parke d\u00f6\u015fenmesi gereken yerlere parkeyle donatt\u0131. A\u011fa\u00e7 dikilmesi gereken yerlere a\u011fa\u00e7 diktiler, oturma gruplar\u0131 ve kamelyalar kurdular. T\u00fcm cami ve Kuran Kurslar\u0131n\u0131n ihtiya\u00e7lar\u0131n\u0131 hi\u00e7bir mazeretin arkas\u0131na s\u0131\u011f\u0131nmadan gideriyoruz. Yapt\u0131\u011f\u0131m\u0131z bu hizmetlerden b\u00fcy\u00fck haz al\u0131yoruz. \u00c7\u00fcnk\u00fc bu hizmetleri ibadet bilinciyle yap\u0131yoruz&#8221; dedi.<\/span><br style=\"color: rgb(0, 0, 0); font-family: Tahoma, Arial, 'Times New Roman TUR', Verdana; font-size: 15px; line-height: normal;\" \/><br \/>\n<span style=\"color: rgb(0, 0, 0); font-family: Tahoma, Arial, 'Times New Roman TUR', Verdana; font-size: 15px; line-height: normal;\">\u0130htiyac\u0131n\u0131 belediyeye bildiren camilere an\u0131nda hizmet sunduklar\u0131n\u0131 anlatan Ba\u015fkan Tollu, \u201cBiz g\u00f6revde oldu\u011fumuz s\u00fcrece milli ve manevi e\u011fitime destek olmaya devam edece\u011fiz\u201d ifadelerini kulland\u0131.<\/span><\/p>\n","protected":false},"excerpt":{"rendered":"<p>Erdemli Belediyesi, \u00c7e\u015fmeli Mahallesi&#8217;ndeki cami ve K\u0131z Kuran Kursunun bah\u00e7e d\u00fczenlemesini yaparak parkeyle donatt\u0131. Genel olarak vatanda\u015f\u0131n ortak kullan\u0131m alan\u0131 olan ibadethane, okul ve Kuran Kurslar\u0131na her t\u00fcrl\u00fc deste\u011fi verdiklerini &hellip; <a href=\"https:\/\/akdenizolaygazetesi.com\/?p=834\" class=\"more-link\">Devam\u0131n\u0131 Oku&#8230;<\/a><\/p>\n","protected":false},"author":1,"featured_media":0,"comment_status":"open","ping_status":"open","sticky":false,"template":"","format":"standard","meta":[],"categories":[],"tags":[],"_links":{"self":[{"href":"https:\/\/akdenizolaygazetesi.com\/index.php?rest_route=\/wp\/v2\/posts\/834"}],"collection":[{"href":"https:\/\/akdenizolaygazetesi.com\/index.php?rest_route=\/wp\/v2\/posts"}],"about":[{"href":"https:\/\/akdenizolaygazetesi.com\/index.php?rest_route=\/wp\/v2\/types\/post"}],"author":[{"embeddable":true,"href":"https:\/\/akdenizolaygazetesi.com\/index.php?rest_route=\/wp\/v2\/users\/1"}],"replies":[{"embeddable":true,"href":"https:\/\/akdenizolaygazetesi.com\/index.php?rest_route=%2Fwp%2Fv2%2Fcomments&post=834"}],"version-history":[{"count":0,"href":"https:\/\/akdenizolaygazetesi.com\/index.php?rest_route=\/wp\/v2\/posts\/834\/revisions"}],"wp:attachment":[{"href":"https:\/\/akdenizolaygazetesi.com\/index.php?rest_route=%2Fwp%2Fv2%2Fmedia&parent=834"}],"wp:term":[{"taxonomy":"category","embeddable":true,"href":"https:\/\/akdenizolaygazetesi.com\/index.php?rest_route=%2Fwp%2Fv2%2Fcategories&post=834"},{"taxonomy":"post_tag","embeddable":true,"href":"https:\/\/akdenizolaygazetesi.com\/index.php?rest_route=%2Fwp%2Fv2%2Ftags&post=834"}],"curies":[{"name":"wp","href":"https:\/\/api.w.org\/{rel}","templated":true}]}}