{"id":8341,"date":"2020-11-04T18:28:48","date_gmt":"2020-11-04T15:28:48","guid":{"rendered":"http:\/\/mersinekonomipolitikagazetesi.com\/?p=8341"},"modified":"2020-11-04T18:28:48","modified_gmt":"2020-11-04T15:28:48","slug":"baskan-yilmaz-icel-idman-yurduna-yeni-sezonda-basarilar-diledi","status":"publish","type":"post","link":"https:\/\/akdenizolaygazetesi.com\/?p=8341","title":{"rendered":"BA\u015eKAN YILMAZ,  \u0130\u00c7EL \u0130DMAN YURDU&#8217;NA YEN\u0130 SEZONDA  BA\u015eARILAR D\u0130LED\u0130"},"content":{"rendered":"<p>Toroslar Belediye Ba\u015fkan\u0131 Ats\u0131z Af\u015f\u0131n Y\u0131lmaz; 2020-2021 sezonunda Mersin&#8217;i 3&#8217;\u00fcnc\u00fc Lig&#8217;de temsil eden \u0130\u00e7el \u0130dman Yurdu tak\u0131m\u0131n\u0131 antrenman\u0131nda ziyaret ederek, yeni sezonda ba\u015far\u0131lar diledi.<br \/>\n\u00a0<br \/>\n\u0130\u00e7el \u0130dman Yurdu Spor Kul\u00fcb\u00fc&#8217;ne, konaklama ve antrenman yapabilecekleri Korukent Mahallesi&#8217;nde bulunan Prof. Dr. Aziz Sancar Gen\u00e7lik Merkezi&#8217;ndeki tesisi tahsis eden Ba\u015fkan Y\u0131lmaz, antrenman alan\u0131na gelerek k\u0131rm\u0131z\u0131 lacivertlilerin heyecan\u0131na ortak oldu.<br \/>\n\u00a0<br \/>\nBa\u015fkan Y\u0131lmaz, \u0130\u00e7el \u0130dman Yurdu Spor Kul\u00fcb\u00fc Ba\u015fkan\u0131 Metin Salt\u0131k, Y\u00f6netim Kurulu \u00dcyeleri, teknik heyet ve futbolcularla bir araya geldi\u011fi ziyaretinde bir s\u00fcrprizle de kar\u015f\u0131la\u015ft\u0131.<br \/>\n\u00a0<br \/>\n&#8220;Do\u011fum G\u00fcn\u00fc Hediyesi \u015eampiyonluk \u0130stedi&#8221;<br \/>\n\u00a0<br \/>\n\u0130\u00e7el \u0130dman Yurdu Tak\u0131m futbolcular\u0131, Ba\u015fkan Y\u0131lmaz&#8217;a ziyareti s\u0131ras\u0131nda bir s\u00fcrpriz yapt\u0131. Ba\u015fkan Y\u0131lmaz&#8217;\u0131n do\u011fum g\u00fcn\u00fcn\u00fc pasta ile kutlayan ekibe Ba\u015fkan Y\u0131lmaz da te\u015fekk\u00fcr ederek, tak\u0131mdan do\u011fum g\u00fcn\u00fc hediyesi olarak \u015fampiyonluk istedi.<br \/>\n\u00a0<br \/>\n&#8220;\u0130nan\u0131yoruz ve Hep Birlikte Ba\u015faraca\u011f\u0131z&#8221;<br \/>\n\u00a0<br \/>\n\u00c7al\u0131\u015fmalar\u0131n\u0131 s\u0131k\u0131 bir \u015fekilde s\u00fcrd\u00fcren \u0130\u00e7el \u0130dman Yurdu ekibini yak\u0131ndan \u00a0takip ettiklerini belirten Ba\u015fkan Y\u0131lmaz, yeni sezonun Mersin&#8217;e ve spor camias\u0131na hay\u0131rl\u0131 olmas\u0131n\u0131 dileyerek; \u00a0&#8220;Sizi yak\u0131ndan takip ediyoruz. Sizden ba\u015far\u0131 beklentimizi kar\u015f\u0131layaca\u011f\u0131n\u0131za can\u0131 g\u00f6n\u00fclden inan\u0131yoruz. Birbirine inanan ve g\u00fcvenen bir ekipsiniz. Kentimiz de size inan\u0131yor ve g\u00fcveniyor. \u015eampiyonluk yolunda sizlerin her zaman yan\u0131nday\u0131z&#8221; diye konu\u015ftu.<br \/>\n\u00a0<br \/>\n\u0130\u00e7el \u0130dman Yurdu Spor Kul\u00fcb\u00fc Ba\u015fkan\u0131 Metin Salt\u0131k da Ba\u015fkan Y\u0131lmaz&#8217;\u0131n verdi\u011fi destekten duydu\u011fu memnuniyeti dile getirerek; &#8220;Ba\u015fkan\u0131m\u0131z Ats\u0131z Af\u015f\u0131n Y\u0131lmaz&#8217;a tak\u0131m\u0131m\u0131za sundu\u011fu her t\u00fcrl\u00fc destek ve katk\u0131lar\u0131ndan dolay\u0131 te\u015fekk\u00fcr ediyoruz. Bu sezon kul\u00fcb\u00fcm\u00fcze ba\u015far\u0131l\u0131 sporcular transfer ettik. Tak\u0131m\u0131m\u0131zdan beklenti \u00e7ok y\u00fcksek. Bu beklentilere cevap vererek tak\u0131m\u0131m\u0131z\u0131 bir \u00fcst lige \u00e7\u0131kartaca\u011f\u0131z&#8221; ifadelerini kulland\u0131.\u00a0<\/p>\n","protected":false},"excerpt":{"rendered":"<p>Toroslar Belediye Ba\u015fkan\u0131 Ats\u0131z Af\u015f\u0131n Y\u0131lmaz; 2020-2021 sezonunda Mersin&#8217;i 3&#8217;\u00fcnc\u00fc Lig&#8217;de temsil eden \u0130\u00e7el \u0130dman Yurdu tak\u0131m\u0131n\u0131 antrenman\u0131nda ziyaret ederek, yeni sezonda ba\u015far\u0131lar diledi. \u00a0 \u0130\u00e7el \u0130dman Yurdu Spor Kul\u00fcb\u00fc&#8217;ne, &hellip; <a href=\"https:\/\/akdenizolaygazetesi.com\/?p=8341\" class=\"more-link\">Devam\u0131n\u0131 Oku&#8230;<\/a><\/p>\n","protected":false},"author":1,"featured_media":0,"comment_status":"open","ping_status":"open","sticky":false,"template":"","format":"standard","meta":[],"categories":[],"tags":[],"_links":{"self":[{"href":"https:\/\/akdenizolaygazetesi.com\/index.php?rest_route=\/wp\/v2\/posts\/8341"}],"collection":[{"href":"https:\/\/akdenizolaygazetesi.com\/index.php?rest_route=\/wp\/v2\/posts"}],"about":[{"href":"https:\/\/akdenizolaygazetesi.com\/index.php?rest_route=\/wp\/v2\/types\/post"}],"author":[{"embeddable":true,"href":"https:\/\/akdenizolaygazetesi.com\/index.php?rest_route=\/wp\/v2\/users\/1"}],"replies":[{"embeddable":true,"href":"https:\/\/akdenizolaygazetesi.com\/index.php?rest_route=%2Fwp%2Fv2%2Fcomments&post=8341"}],"version-history":[{"count":0,"href":"https:\/\/akdenizolaygazetesi.com\/index.php?rest_route=\/wp\/v2\/posts\/8341\/revisions"}],"wp:attachment":[{"href":"https:\/\/akdenizolaygazetesi.com\/index.php?rest_route=%2Fwp%2Fv2%2Fmedia&parent=8341"}],"wp:term":[{"taxonomy":"category","embeddable":true,"href":"https:\/\/akdenizolaygazetesi.com\/index.php?rest_route=%2Fwp%2Fv2%2Fcategories&post=8341"},{"taxonomy":"post_tag","embeddable":true,"href":"https:\/\/akdenizolaygazetesi.com\/index.php?rest_route=%2Fwp%2Fv2%2Ftags&post=8341"}],"curies":[{"name":"wp","href":"https:\/\/api.w.org\/{rel}","templated":true}]}}