{"id":8342,"date":"2020-11-04T18:28:48","date_gmt":"2020-11-04T15:28:48","guid":{"rendered":"http:\/\/mersinekonomipolitikagazetesi.com\/?p=8342"},"modified":"2020-11-04T18:28:48","modified_gmt":"2020-11-04T15:28:48","slug":"mersin-serbest-bolgesinde-27-isci-zehirlendi","status":"publish","type":"post","link":"https:\/\/akdenizolaygazetesi.com\/?p=8342","title":{"rendered":"Mersin Serbest B\u00f6lgesi&#8217;nde 27 i\u015f\u00e7i zehirlendi"},"content":{"rendered":"<p>Mersin Serbest B\u00f6lgesi&#8217;ndeki tekstil fabrikas\u0131nda \u00e7al\u0131\u015fan 27 i\u015f\u00e7i, amonyak borusundan s\u0131zan gazdan zehirlendikleri iddias\u0131yla hastanelere kald\u0131r\u0131ld\u0131.<\/p>\n<p>Mersin Serbest B\u00f6lgesi&#8217;ndeki tekstil fabrikas\u0131nda \u00e7al\u0131\u015fan 27 i\u015f\u00e7i, amonyak borusundan s\u0131zan gazdan zehirlendikleri iddias\u0131yla hastanelere kald\u0131r\u0131ld\u0131. Fabrikada \u00e7al\u0131\u015fan di\u011fer i\u015f\u00e7iler ise tedbir amac\u0131yla evlerine g\u00f6nderildi.\u00a0<br \/>\nEdinilen bilgiye g\u00f6re, Mersin Serbest B\u00f6lgesi&#8217;nde faaliyet g\u00f6steren 3 tekstil at\u00f6lyesinde \u00e7al\u0131\u015fan i\u015f\u00e7iler, sabah i\u015fyerine geldiklerinde i\u00e7erideki kokudan rahats\u0131zlanarak fenala\u015ft\u0131lar. Bir s\u00fcre \u00e7al\u0131\u015fan i\u015f\u00e7ilerden baz\u0131lar\u0131 mide bulant\u0131s\u0131 ve kar\u0131n a\u011fr\u0131s\u0131 \u015fikayetinde bulundu. \u0130hbar \u00fczerine b\u00f6lgeye \u00e7ok say\u0131da ambulans sevk edildi. Kokudan etkilenen 27 i\u015f\u00e7iden 12&#8217;si Mersin \u015eehir E\u011fitim ve Ara\u015ft\u0131rma Hastanesi&#8217;ne, 15&#8217;i Toros Devlet Hastanesi&#8217;ne, 2&#8217;si de Mersin \u00dcniversitesi T\u0131p Fak\u00fcltesi Hastanesine kald\u0131r\u0131ld\u0131. Toros Devlet Hastanesi&#8217;ne kald\u0131r\u0131lan i\u015f\u00e7ilerden 5&#8217;i tedavilerinin ard\u0131ndan taburcu edildi. Fabrikalarda \u00e7al\u0131\u015fan di\u011fer i\u015f\u00e7iler ise tedbir amac\u0131yla evlerine g\u00f6nderildi.\u00a0<br \/>\nHastanede g\u00f6zlem alt\u0131nda tutulan i\u015f\u00e7ilerin sa\u011fl\u0131k durumlar\u0131n\u0131n iyi oldu\u011fu \u00f6\u011frenilirken, olay\u0131n patlayan amonyak borusundan kaynakland\u0131\u011f\u0131 iddia edildi. \u00a0<\/p>\n","protected":false},"excerpt":{"rendered":"<p>Mersin Serbest B\u00f6lgesi&#8217;ndeki tekstil fabrikas\u0131nda \u00e7al\u0131\u015fan 27 i\u015f\u00e7i, amonyak borusundan s\u0131zan gazdan zehirlendikleri iddias\u0131yla hastanelere kald\u0131r\u0131ld\u0131. Mersin Serbest B\u00f6lgesi&#8217;ndeki tekstil fabrikas\u0131nda \u00e7al\u0131\u015fan 27 i\u015f\u00e7i, amonyak borusundan s\u0131zan gazdan zehirlendikleri iddias\u0131yla &hellip; <a href=\"https:\/\/akdenizolaygazetesi.com\/?p=8342\" class=\"more-link\">Devam\u0131n\u0131 Oku&#8230;<\/a><\/p>\n","protected":false},"author":1,"featured_media":0,"comment_status":"open","ping_status":"open","sticky":false,"template":"","format":"standard","meta":[],"categories":[],"tags":[],"_links":{"self":[{"href":"https:\/\/akdenizolaygazetesi.com\/index.php?rest_route=\/wp\/v2\/posts\/8342"}],"collection":[{"href":"https:\/\/akdenizolaygazetesi.com\/index.php?rest_route=\/wp\/v2\/posts"}],"about":[{"href":"https:\/\/akdenizolaygazetesi.com\/index.php?rest_route=\/wp\/v2\/types\/post"}],"author":[{"embeddable":true,"href":"https:\/\/akdenizolaygazetesi.com\/index.php?rest_route=\/wp\/v2\/users\/1"}],"replies":[{"embeddable":true,"href":"https:\/\/akdenizolaygazetesi.com\/index.php?rest_route=%2Fwp%2Fv2%2Fcomments&post=8342"}],"version-history":[{"count":0,"href":"https:\/\/akdenizolaygazetesi.com\/index.php?rest_route=\/wp\/v2\/posts\/8342\/revisions"}],"wp:attachment":[{"href":"https:\/\/akdenizolaygazetesi.com\/index.php?rest_route=%2Fwp%2Fv2%2Fmedia&parent=8342"}],"wp:term":[{"taxonomy":"category","embeddable":true,"href":"https:\/\/akdenizolaygazetesi.com\/index.php?rest_route=%2Fwp%2Fv2%2Fcategories&post=8342"},{"taxonomy":"post_tag","embeddable":true,"href":"https:\/\/akdenizolaygazetesi.com\/index.php?rest_route=%2Fwp%2Fv2%2Ftags&post=8342"}],"curies":[{"name":"wp","href":"https:\/\/api.w.org\/{rel}","templated":true}]}}