{"id":8343,"date":"2020-11-04T18:28:48","date_gmt":"2020-11-04T15:28:48","guid":{"rendered":"http:\/\/mersinekonomipolitikagazetesi.com\/?p=8343"},"modified":"2020-11-04T18:28:48","modified_gmt":"2020-11-04T15:28:48","slug":"deas-turkiyeyi-catisma-bolgesine-sokmayi-hedeflemis","status":"publish","type":"post","link":"https:\/\/akdenizolaygazetesi.com\/?p=8343","title":{"rendered":"DEA\u015e, T\u00fcrkiye&#8217;yi \u00e7at\u0131\u015fma  b\u00f6lgesine sokmay\u0131 hedeflemi\u015f"},"content":{"rendered":"<p>Mersin&#8217;de ter\u00f6r \u00f6rg\u00fct\u00fc DEA\u015e&#8217;a y\u00f6nelik d\u00fczenlenen operasyonda g\u00f6zalt\u0131na al\u0131nan 9 ki\u015fi, adliyeye sevk edildi. Yakalanan \u00f6rg\u00fct mensuplar\u0131n\u0131n &#8216;ta\u011fut d\u00fczen&#8217; olarak g\u00f6rd\u00fckleri T\u00fcrkiye&#8217;nin de Afganistan ve Suriye gibi bir \u00e7at\u0131\u015fma b\u00f6lgesine d\u00f6nmesi i\u00e7in faaliyet y\u00fcr\u00fctt\u00fckleri belirlenmi\u015fti.<\/p>\n<p>Mersin&#8217;de ter\u00f6r \u00f6rg\u00fct\u00fc DEA\u015e&#8217;a y\u00f6nelik d\u00fczenlenen operasyonda g\u00f6zalt\u0131na al\u0131nan 9 ki\u015fi, adliyeye sevk edildi. Yakalanan \u00f6rg\u00fct mensuplar\u0131n\u0131n &#8216;ta\u011fut d\u00fczen&#8217; olarak g\u00f6rd\u00fckleri T\u00fcrkiye&#8217;nin de Afganistan ve Suriye gibi bir \u00e7at\u0131\u015fma b\u00f6lgesine d\u00f6nmesi i\u00e7in faaliyet y\u00fcr\u00fctt\u00fckleri belirlenmi\u015fti.\u00a0<br \/>\nEdinilen bilgiye g\u00f6re, Mersin Cumhuriyet Ba\u015fsavc\u0131l\u0131\u011f\u0131 koordinesinde \u0130l Emniyet M\u00fcd\u00fcrl\u00fc\u011f\u00fc Ter\u00f6rle M\u00fccadele \u015eube M\u00fcd\u00fcrl\u00fc\u011f\u00fc ekiplerince, DEA\u015e silahl\u0131 ter\u00f6r \u00f6rg\u00fct\u00fcn\u00fcn kentteki eylem ve faaliyetlerinin de\u015fifre edilmesine y\u00f6nelik \u00e7al\u0131\u015fma ba\u015flat\u0131ld\u0131. Yap\u0131lan \u00e7al\u0131\u015fmalarda, T\u00fcrkiye&#8217;nin son d\u00f6nemde M\u00fcsl\u00fcman \u00fclkeler aras\u0131nda bir model \u00fclke olma \u00f6zelli\u011fine sahip olmas\u0131 nedeniyle, DEA\u015e \u00fcyelerinin T\u00fcrkiye&#8217;yi hedef g\u00f6steren ifadeler kulland\u0131\u011f\u0131, y\u00f6netim tarz\u0131 ve y\u00fcr\u00fcrl\u00fckteki hukuku \u0130slami olmayan b\u00f6lge anlam\u0131na gelen, &#8216;dar-ul harp&#8217; olarak g\u00f6rd\u00fckleri belirlendi. Bu kapsamda DEA\u015e ter\u00f6r \u00f6rg\u00fct\u00fc ve \u00e7at\u0131\u015fma b\u00f6lgeleriyle irtibatl\u0131 gruplar\u0131n de\u015fifre edilmesine y\u00f6nelik y\u00fcr\u00fct\u00fclen \u00e7al\u0131\u015fmalarda, Suriye\u2019de ya\u015fanan olaylara ili\u015fkin \u00f6rg\u00fct mensubu \u015fah\u0131slar\u0131n kendi aralar\u0131nda T\u00fcrkiye&#8217;nin Suriye ile sava\u015fa girmesi durumunda bunun, \u00f6rg\u00fcte fayda sa\u011flayaca\u011f\u0131 \u015feklinde aralar\u0131nda konu\u015fmalar\u0131n ge\u00e7ti\u011fi de tespit edildi.<br \/>\n\u00a0<br \/>\nYap\u0131lan \u00e7al\u0131\u015fmalar ve istihbari sonu\u00e7lar \u0131\u015f\u0131\u011f\u0131nda harekete ge\u00e7en Mersin polisi, iki ilde ger\u00e7ekle\u015ftirdi\u011fi e\u015f zamanl\u0131 operasyonlarda H.A., H.Y., S.\u00c7., S.Y., M.K., \u0130.K., E.A., Z.A.B., ve A.B. isimli \u015f\u00fcphelileri g\u00f6zalt\u0131na ald\u0131. \u00d6rg\u00fct \u00fcyelerinin &#8216;ta\u011fut d\u00fczen&#8217; olarak g\u00f6rd\u00fckleri T\u00fcrkiye&#8217;nin de Afganistan ve Suriye gibi bir \u00e7at\u0131\u015fma b\u00f6lgesine d\u00f6nmesi i\u00e7in faaliyet y\u00fcr\u00fctt\u00fckleri belirlendi. \u015e\u00fcphelilerin evlerinde yap\u0131lan aramalarda ise \u00e7ok say\u0131da \u00f6rg\u00fctsel i\u00e7erikli ve toplatma karar\u0131 bulunan kitap ve dijital malzemeler ele ge\u00e7irildi.\u00a0<br \/>\nBug\u00fcn emniyetteki i\u015flemleri tamamlanan 1&#8217;i 18 ya\u015f\u0131ndaki k\u00fc\u00e7\u00fck 9 ki\u015fi, yo\u011fun g\u00fcvenlik \u00f6nlemleri alt\u0131nda adliyeye sevk edildi. \u00a0<\/p>\n","protected":false},"excerpt":{"rendered":"<p>Mersin&#8217;de ter\u00f6r \u00f6rg\u00fct\u00fc DEA\u015e&#8217;a y\u00f6nelik d\u00fczenlenen operasyonda g\u00f6zalt\u0131na al\u0131nan 9 ki\u015fi, adliyeye sevk edildi. Yakalanan \u00f6rg\u00fct mensuplar\u0131n\u0131n &#8216;ta\u011fut d\u00fczen&#8217; olarak g\u00f6rd\u00fckleri T\u00fcrkiye&#8217;nin de Afganistan ve Suriye gibi bir \u00e7at\u0131\u015fma b\u00f6lgesine &hellip; <a href=\"https:\/\/akdenizolaygazetesi.com\/?p=8343\" class=\"more-link\">Devam\u0131n\u0131 Oku&#8230;<\/a><\/p>\n","protected":false},"author":1,"featured_media":0,"comment_status":"open","ping_status":"open","sticky":false,"template":"","format":"standard","meta":[],"categories":[],"tags":[],"_links":{"self":[{"href":"https:\/\/akdenizolaygazetesi.com\/index.php?rest_route=\/wp\/v2\/posts\/8343"}],"collection":[{"href":"https:\/\/akdenizolaygazetesi.com\/index.php?rest_route=\/wp\/v2\/posts"}],"about":[{"href":"https:\/\/akdenizolaygazetesi.com\/index.php?rest_route=\/wp\/v2\/types\/post"}],"author":[{"embeddable":true,"href":"https:\/\/akdenizolaygazetesi.com\/index.php?rest_route=\/wp\/v2\/users\/1"}],"replies":[{"embeddable":true,"href":"https:\/\/akdenizolaygazetesi.com\/index.php?rest_route=%2Fwp%2Fv2%2Fcomments&post=8343"}],"version-history":[{"count":0,"href":"https:\/\/akdenizolaygazetesi.com\/index.php?rest_route=\/wp\/v2\/posts\/8343\/revisions"}],"wp:attachment":[{"href":"https:\/\/akdenizolaygazetesi.com\/index.php?rest_route=%2Fwp%2Fv2%2Fmedia&parent=8343"}],"wp:term":[{"taxonomy":"category","embeddable":true,"href":"https:\/\/akdenizolaygazetesi.com\/index.php?rest_route=%2Fwp%2Fv2%2Fcategories&post=8343"},{"taxonomy":"post_tag","embeddable":true,"href":"https:\/\/akdenizolaygazetesi.com\/index.php?rest_route=%2Fwp%2Fv2%2Ftags&post=8343"}],"curies":[{"name":"wp","href":"https:\/\/api.w.org\/{rel}","templated":true}]}}