{"id":8368,"date":"2020-11-04T18:28:50","date_gmt":"2020-11-04T15:28:50","guid":{"rendered":"http:\/\/mersinekonomipolitikagazetesi.com\/?p=8368"},"modified":"2020-11-04T18:28:50","modified_gmt":"2020-11-04T15:28:50","slug":"umut-kolonyalarini-uretmenin-hakli-gururunu-yasiyoruz","status":"publish","type":"post","link":"https:\/\/akdenizolaygazetesi.com\/?p=8368","title":{"rendered":"\u201cUmut Kolonyalar\u0131n\u0131 \u00fcretmenin hakl\u0131 gururunu ya\u015f\u0131yoruz\u201d"},"content":{"rendered":"<p>\u2018Umut Kolonyalar\u0131\u2019 protokol\u00fc imzaland\u0131<\/p>\n<p>Mersin \u00dcniversitesi, Akdeniz Belediyesi ve Mersin Umut Giri\u015fimciler \u00dcretim ve Pazarlama Kooperatifi aras\u0131nda; kooperatif \u00fcyesi engeli bireylerin katk\u0131s\u0131yla Mersin \u00dcniversitesi Kozmetik, Temizlik ve Kimyevi \u00dcr\u00fcnler \u00dcretim, E\u011fitim, Ara\u015ft\u0131rma ve Uygulama Merkezi (M\u00dcKAM) taraf\u0131ndan \u00fcretilen &#8220;Umut Kolonyalar\u0131&#8221; ile ilgili protokol imzaland\u0131.<br \/>\n\u00a0<br \/>\nMersin \u00dcniversitesi Senato Odas\u0131nda ger\u00e7ekle\u015ftirilen imza t\u00f6renine; Mersin \u00dcniversitesi Rekt\u00f6r\u00fc Prof. Dr. Ahmet \u00c7amsar\u0131, Akdeniz Belediye Ba\u015fkan\u0131 Muhammet Mustafa G\u00fcltak, Mersin Umut Giri\u015fimciler \u00dcretim ve Pazarlama Kooperatifi Ba\u015fkan\u0131 Soner Demir, M\u00dcKAM M\u00fcd\u00fcr\u00fc Do\u00e7. Dr. G\u00f6kt\u00fcrk Av\u015far ile di\u011fer yetkililer kat\u0131ld\u0131.\u00a0<\/p>\n<p>\u201c\u00dclke \u00e7ap\u0131nda da bu \u00fcr\u00fcnleri da\u011f\u0131tarak b\u00fcy\u00fck bir eksikli\u011fi gidermi\u015f olaca\u011f\u0131z\u201d<br \/>\n\u00a0<br \/>\n\u0130mza t\u00f6reninde konu\u015fan Mersin \u00dcniversitesi Rekt\u00f6r\u00fc Prof. Dr. Ahmet \u00c7amsar\u0131, Mersin \u00dcniversitesi ve Akdeniz Belediyesi i\u015fbirli\u011fiyle Mersin Umut Giri\u015fimciler \u00dcretim ve Pazarlama Kooperatifi ile birlikte \u00e7ok g\u00fczel bir projeye daha imza at\u0131ld\u0131\u011f\u0131n\u0131 s\u00f6yledi. Rekt\u00f6r \u00c7amsar\u0131, temelleri pandemiden \u00f6nce at\u0131lan, ancak pandemi d\u00f6neminde duyulan ihtiya\u00e7 do\u011frultusunda h\u0131zla faaliyete ge\u00e7irilen kimyasal \u00fcr\u00fcnlerin \u00fcretiminden sorumlu merkez M\u00dcKAM&#8217;\u0131n, \u00fcniversite hastanesi ve kamp\u00fcs\u00fcnde dezenfektan ihtiyac\u0131 ba\u015fta olmak \u00fczere bir\u00e7ok \u00fcr\u00fcnle hizmet verdi\u011fini kaydetti. Prof. Dr. \u00c7amsar\u0131, Umut Giri\u015fimciler Kooperatifi\u2019nin talebi ve Akdeniz Belediyesi&#8217;nin deste\u011fiyle k\u0131sa s\u00fcrede engelli bireylerin kat\u0131l\u0131m\u0131n\u0131n sa\u011fland\u0131\u011f\u0131 projenin hayata ge\u00e7irildi\u011fini belirterek, &#8220;Kapasite a\u00e7\u0131s\u0131ndan ger\u00e7ekten ciddi bir ihtiyac\u0131 giderece\u011fine inand\u0131\u011f\u0131m dezenfektan ve kolonya ba\u015fta olmak \u00fczere ve ilerleyen s\u00fcre\u00e7te di\u011fer \u00e7e\u015fitlerini de buna katarak g\u00fczel bir \u00fcr\u00fcn yelpazesi elde ettik. \u0130n\u015fallah bundan sonra hem kooperatifimizle hem belediyeyle ba\u015fta ilimiz olmak \u00fczere \u00fclke \u00e7ap\u0131nda da bu \u00fcr\u00fcnleri da\u011f\u0131tarak b\u00fcy\u00fck bir eksikli\u011fi gidermi\u015f olaca\u011f\u0131z. Ben Mersin \u00dcniversitesi olarak b\u00f6yle bir projede olmaktan gurur duyuyorum ve sizlerin \u00f6n\u00fcnde ba\u015fta G\u00f6kt\u00fcrk hocam\u0131z ve her iki ba\u015fkan\u0131m\u0131z olmak \u00fczere eme\u011fi ge\u00e7en herkese te\u015fekk\u00fcr ediyorum&#8221; dedi.\u00a0<\/p>\n<p>\u201cBu kooperatif, Mersin\u2019de ilk, T\u00fcrkiye\u2019de sekizinci kurulan kooperatif\u201d<br \/>\n\u00a0<br \/>\nAkdeniz Belediye Ba\u015fkan\u0131 G\u00fcltak da projenin \u00f6nemine de\u011finerek, \u201cOrtada hem merdiven alt\u0131 olmayan \u00fcr\u00fcnler var hem bilimsel ara\u015ft\u0131rmalar sonucu elde edilmi\u015f \u00fcr\u00fcnlerle Mersin \u00dcniversitemiz var, bir o kadar da \u00f6nemli engelli karde\u015flerimiz var. Bu kooperatif, Mersin\u2019de ilk, T\u00fcrkiye\u2019de sekizinci kurulan kooperatif. Bu \u00fcretimin bilimsel bir aya\u011f\u0131 olmas\u0131 \u00e7ok \u00f6nemli. Bundan dolay\u0131 Rekt\u00f6r\u00fcm\u00fcz Prof. Dr. Ahmet \u00c7amsar\u0131 ve M\u00dcKAM M\u00fcd\u00fcr\u00fc G\u00f6kt\u00fcrk Av\u015far hocam\u0131za te\u015fekk\u00fcr ediyoruz. Sosyal y\u00f6n\u00fc oldu\u011fu kadar, sa\u011fl\u0131k y\u00f6n\u00fc de olan bu projeyi \u00f6nemsiyoruz\u201d diye konu\u015ftu.\u00a0<br \/>\nBa\u015fkan G\u00fcltak, di\u011fer belediye ve kurumlara da kolonya ve dezenfektan ihtiya\u00e7lar\u0131n\u0131 bu do\u011frultuda gidermeleri \u00f6nerisinde bulundu.\u00a0<\/p>\n<p>Mersin Umut Giri\u015fimciler \u00dcretim ve Pazarlama Kooperatifi Ba\u015fkan\u0131 Soner Demir ise \u201cEngellilerin de neler ba\u015faraca\u011f\u0131n\u0131 g\u00f6stermi\u015f olduk\u201d diyerek, Rekt\u00f6r \u00c7amsar\u0131 ile g\u00f6r\u00fc\u015ft\u00fcklerini ve kendisinin deste\u011fi sonras\u0131nda M\u00dcKAM ile i\u015fbirli\u011fi yaparak Umut Kolonyalar\u0131n\u0131n ortaya \u00e7\u0131kt\u0131\u011f\u0131n\u0131 belirtti. Demir, &#8220;Ara\u015ft\u0131rmalar\u0131m\u0131z neticesinde, \u00c7ukurova B\u00f6lgesinde limon kolonyas\u0131 \u00fcreten bir tesis olmad\u0131\u011f\u0131n\u0131 g\u00f6rd\u00fck. Mersin \u00dcniversitemize ve M\u00dcKAM M\u00fcd\u00fcr\u00fc G\u00f6kt\u00fcrk hocam\u0131za bu \u00fcretimi yap\u0131p yapamayaca\u011f\u0131m\u0131z\u0131 dan\u0131\u015ft\u0131k. \u015eu an bunu ger\u00e7ekle\u015ftirmenin hakl\u0131 gururunu ya\u015f\u0131yoruz. Bu projeyle birlikte, Mersin\u2019de ilk engelsiz at\u00f6lyemizi kurduk. Burada, engelli karde\u015flerimizden 8 ki\u015fi istihdam edildi&#8221; ifadelerini kulland\u0131.<br \/>\n\u00a0<br \/>\nUmut Kolonyalar\u0131n\u0131n kendi bask\u0131 makineleriyle yine engelli \u00e7al\u0131\u015fanlar taraf\u0131ndan brail alfabesiyle de etiket bask\u0131lar\u0131n\u0131n ger\u00e7ekle\u015fti\u011fini vurgulayan Demir, &#8220;Ba\u015fta Rekt\u00f6r\u00fcm\u00fcze ve Akdeniz Belediye Ba\u015fkan\u0131m\u0131za bize bu f\u0131rsat\u0131 verdi\u011fi i\u00e7in, bizlere inand\u0131\u011f\u0131 ve g\u00fcvendi\u011fi i\u00e7in, engellilerin neler yap\u0131p neler ba\u015farabilece\u011fini topluma, kamuoyuna ve Mersin&#8217;e duyurdu\u011fu i\u00e7in huzurlar\u0131n\u0131zda te\u015fekk\u00fcr ediyorum. Yar\u0131nlar engel de\u011fil, umut dolu&#8221; dedi.\u00a0<\/p>\n<p>\u201cUygun fiyatl\u0131, kaliteli ve sa\u011fl\u0131kl\u0131 \u00fcr\u00fcnlerin \u00fcretimini ger\u00e7ekle\u015ftirdik\u201d<br \/>\n\u00a0<br \/>\nM\u00dcKAM M\u00fcd\u00fcr\u00fc Do\u00e7. Dr. G\u00f6kt\u00fcrk Av\u015far ise projede ilk olarak Mersin \u00dcniversitesi Hastanesinin ihtiya\u00e7lar\u0131n\u0131 kar\u015f\u0131lamak \u00fczere yola \u00e7\u0131k\u0131ld\u0131\u011f\u0131n\u0131, zaman i\u00e7erisinde merkezde 30 farkl\u0131 \u00fcr\u00fcn\u00fcn \u00fcretilir duruma geldi\u011fini kaydetti. Pandemi ile birlikte T\u00fcrkiye\u2019de kolonya ve dezenfektan ihtiyac\u0131n\u0131n artt\u0131\u011f\u0131n\u0131 vurgulayan Av\u015far, merdiven alt\u0131 \u00fcretimlerin ciddi sa\u011fl\u0131k problemlerine yol a\u00e7t\u0131\u011f\u0131n\u0131, ancak M\u00dcKAM\u2019da uygun fiyatl\u0131, kaliteli ve sa\u011fl\u0131kl\u0131 \u00fcr\u00fcnlerin \u00fcretiminin ger\u00e7ekle\u015ftirildi\u011fini ifade etti. Merkezde \u00f6zellikle b\u00f6lgenin narenciye ba\u015fta olmak \u00fczere do\u011fal \u00fcr\u00fcnlerinden faydaland\u0131klar\u0131n\u0131 belirten Av\u015far, projeye eme\u011fi ve katk\u0131s\u0131 bulunanlara te\u015fekk\u00fcr etti.\u00a0<br \/>\nProtokol t\u00f6reni, kar\u015f\u0131l\u0131kl\u0131 imza at\u0131lmas\u0131 ile sona erdi. \u00a0<\/p>\n","protected":false},"excerpt":{"rendered":"<p>\u2018Umut Kolonyalar\u0131\u2019 protokol\u00fc imzaland\u0131 Mersin \u00dcniversitesi, Akdeniz Belediyesi ve Mersin Umut Giri\u015fimciler \u00dcretim ve Pazarlama Kooperatifi aras\u0131nda; kooperatif \u00fcyesi engeli bireylerin katk\u0131s\u0131yla Mersin \u00dcniversitesi Kozmetik, Temizlik ve Kimyevi \u00dcr\u00fcnler \u00dcretim, &hellip; <a href=\"https:\/\/akdenizolaygazetesi.com\/?p=8368\" class=\"more-link\">Devam\u0131n\u0131 Oku&#8230;<\/a><\/p>\n","protected":false},"author":1,"featured_media":0,"comment_status":"open","ping_status":"open","sticky":false,"template":"","format":"standard","meta":[],"categories":[],"tags":[],"_links":{"self":[{"href":"https:\/\/akdenizolaygazetesi.com\/index.php?rest_route=\/wp\/v2\/posts\/8368"}],"collection":[{"href":"https:\/\/akdenizolaygazetesi.com\/index.php?rest_route=\/wp\/v2\/posts"}],"about":[{"href":"https:\/\/akdenizolaygazetesi.com\/index.php?rest_route=\/wp\/v2\/types\/post"}],"author":[{"embeddable":true,"href":"https:\/\/akdenizolaygazetesi.com\/index.php?rest_route=\/wp\/v2\/users\/1"}],"replies":[{"embeddable":true,"href":"https:\/\/akdenizolaygazetesi.com\/index.php?rest_route=%2Fwp%2Fv2%2Fcomments&post=8368"}],"version-history":[{"count":0,"href":"https:\/\/akdenizolaygazetesi.com\/index.php?rest_route=\/wp\/v2\/posts\/8368\/revisions"}],"wp:attachment":[{"href":"https:\/\/akdenizolaygazetesi.com\/index.php?rest_route=%2Fwp%2Fv2%2Fmedia&parent=8368"}],"wp:term":[{"taxonomy":"category","embeddable":true,"href":"https:\/\/akdenizolaygazetesi.com\/index.php?rest_route=%2Fwp%2Fv2%2Fcategories&post=8368"},{"taxonomy":"post_tag","embeddable":true,"href":"https:\/\/akdenizolaygazetesi.com\/index.php?rest_route=%2Fwp%2Fv2%2Ftags&post=8368"}],"curies":[{"name":"wp","href":"https:\/\/api.w.org\/{rel}","templated":true}]}}