{"id":837,"date":"2020-11-04T18:21:27","date_gmt":"2020-11-04T15:21:27","guid":{"rendered":"http:\/\/mersinekonomipolitikagazetesi.com\/?p=837"},"modified":"2020-11-04T18:21:27","modified_gmt":"2020-11-04T15:21:27","slug":"ak-partili-gultekin-guclu-turkiye-icin-el-ele-verelim","status":"publish","type":"post","link":"https:\/\/akdenizolaygazetesi.com\/?p=837","title":{"rendered":"AK Parti&#8217;li G\u00fcltekin; &#8220;G\u00fc\u00e7l\u00fc T\u00fcrkiye i\u00e7in el ele verelim&#8221;"},"content":{"rendered":"<p>AK Parti Mezitli \u0130l\u00e7e Ba\u015fkan\u0131 \u0130hsan G\u00fcltekin, anayasa de\u011fi\u015fikli\u011fi ile ilgili referandum sonucuna ili\u015fkin yapt\u0131\u011f\u0131 a\u00e7\u0131klamada, &#8220;Farkl\u0131 g\u00f6r\u00fc\u015flere sahip olabiliriz, farkl\u0131 y\u00f6netim sistemlerini benimsemi\u015f olabiliriz. Fakat bundan b\u00f6yle \u00fclke olarak birlik olmak, sand\u0131ktan \u00e7\u0131kan sonuca sayg\u0131 g\u00f6stererek tek v\u00fccut olarak hareket etmek zorunday\u0131z&#8221; dedi.<\/p>\n<p><span style=\"color: rgb(0, 0, 0); font-family: Tahoma, Arial, 'Times New Roman TUR', Verdana; font-size: 15px; line-height: normal;\">G\u00fcltekin, referandum \u00e7al\u0131\u015fmalar\u0131 s\u00fcresince sahada olan te\u015fkilat \u00fcyelerine te\u015fekk\u00fcr etti. Anayasa de\u011fi\u015fikli\u011fine ili\u015fkin yap\u0131lan referandumun resmi olmayan sonu\u00e7lara g\u00f6re &#8216;Evet&#8217; ile sonu\u00e7land\u0131\u011f\u0131n\u0131 hat\u0131rlatan G\u00fcltekin, &#8220;Oylamada y\u00fcksek kat\u0131l\u0131m\u0131n olmas\u0131, \u00fclkemizin demokrasi anlay\u0131\u015f\u0131n\u0131, vatanda\u015flar\u0131m\u0131z\u0131n demokrasiye bir kez daha sahip \u00e7\u0131kt\u0131\u011f\u0131n\u0131 g\u00f6stermi\u015ftir. Bu oylama ile demokrasi tarihimizde yeni bir sayfa a\u00e7\u0131lm\u0131\u015ft\u0131r. G\u00fc\u00e7l\u00fc bir T\u00fcrkiye i\u00e7in sand\u0131k ba\u015f\u0131na giden t\u00fcm vatanda\u015flar\u0131m\u0131za te\u015fekk\u00fcrlerimi iletiyorum. Sand\u0131kta demokrasinin kazanmas\u0131 i\u00e7in \u00e7ok \u00e7al\u0131\u015ft\u0131k. Bu s\u00fcre\u00e7te Mezitli\u2019de \u00e7almad\u0131k kap\u0131 b\u0131rakmayarak, halk\u0131m\u0131za cumhurba\u015fkanl\u0131\u011f\u0131 sistemini anlatan Mezitli \u0130l\u00e7e Te\u015fkilat \u00fcyelerimize, Kad\u0131n Kollar\u0131 Ba\u015fkan\u0131m\u0131z Nilg\u00fcn A\u015f\u00e7\u0131\u2019ya, Gen\u00e7lik Kollar\u0131 Ba\u015fkan\u0131m\u0131z Sercan E\u015fmen\u2019e te\u015fekk\u00fcrlerimi iletiyorum&#8221; diye konu\u015ftu.<\/span><br style=\"color: rgb(0, 0, 0); font-family: Tahoma, Arial, 'Times New Roman TUR', Verdana; font-size: 15px; line-height: normal;\" \/><br \/>\n<span style=\"color: rgb(0, 0, 0); font-family: Tahoma, Arial, 'Times New Roman TUR', Verdana; font-size: 15px; line-height: normal;\">A\u00e7\u0131klamas\u0131nda, birlik ve beraberlik vurgusu yapan G\u00fcltekin, &#8220;Farkl\u0131 g\u00f6r\u00fc\u015flere sahip olabiliriz, farkl\u0131 y\u00f6netim sistemlerini benimsemi\u015f olabiliriz. Fakat bundan b\u00f6yle \u00fclke olarak birlik olmak, sand\u0131ktan \u00e7\u0131kan sonuca sayg\u0131 g\u00f6stererek tek v\u00fccut olarak hareket etmek zorunday\u0131z. \u00dclkemizin daha g\u00fc\u00e7l\u00fc olabilmesi ad\u0131na, daha geli\u015fmi\u015f, daha refah bir T\u00fcrkiye i\u00e7in el ele vermeliyiz. Bize g\u00f6re \u00f6teki yoktur, evet veren de hay\u0131r oyu kullanan da birdir. Bu se\u00e7imlerin kazanan\u0131 yoktur, kazanan \u00fclkemiz olmal\u0131d\u0131r. T\u00fcrkiye\u2019ye d\u00fc\u015fmanl\u0131k yapan d\u0131\u015f g\u00fc\u00e7lere milletimiz cevab\u0131n\u0131 sand\u0131kta vermi\u015ftir. Halk\u0131m\u0131z art\u0131k hi\u00e7bir vesayete, hi\u00e7bir d\u0131\u015f g\u00fcce boyun e\u011fmeyece\u011fini bir kez daha g\u00f6stermi\u015ftir. Umut ediyorum ki, cumhurba\u015fkanl\u0131\u011f\u0131 sistemi ile birlikte T\u00fcrkiye g\u00fcc\u00fcne g\u00fc\u00e7 katacakt\u0131r&#8221; ifadelerini kulland\u0131.<\/span><\/p>\n","protected":false},"excerpt":{"rendered":"<p>AK Parti Mezitli \u0130l\u00e7e Ba\u015fkan\u0131 \u0130hsan G\u00fcltekin, anayasa de\u011fi\u015fikli\u011fi ile ilgili referandum sonucuna ili\u015fkin yapt\u0131\u011f\u0131 a\u00e7\u0131klamada, &#8220;Farkl\u0131 g\u00f6r\u00fc\u015flere sahip olabiliriz, farkl\u0131 y\u00f6netim sistemlerini benimsemi\u015f olabiliriz. Fakat bundan b\u00f6yle \u00fclke olarak &hellip; <a href=\"https:\/\/akdenizolaygazetesi.com\/?p=837\" class=\"more-link\">Devam\u0131n\u0131 Oku&#8230;<\/a><\/p>\n","protected":false},"author":1,"featured_media":0,"comment_status":"open","ping_status":"open","sticky":false,"template":"","format":"standard","meta":[],"categories":[],"tags":[],"_links":{"self":[{"href":"https:\/\/akdenizolaygazetesi.com\/index.php?rest_route=\/wp\/v2\/posts\/837"}],"collection":[{"href":"https:\/\/akdenizolaygazetesi.com\/index.php?rest_route=\/wp\/v2\/posts"}],"about":[{"href":"https:\/\/akdenizolaygazetesi.com\/index.php?rest_route=\/wp\/v2\/types\/post"}],"author":[{"embeddable":true,"href":"https:\/\/akdenizolaygazetesi.com\/index.php?rest_route=\/wp\/v2\/users\/1"}],"replies":[{"embeddable":true,"href":"https:\/\/akdenizolaygazetesi.com\/index.php?rest_route=%2Fwp%2Fv2%2Fcomments&post=837"}],"version-history":[{"count":0,"href":"https:\/\/akdenizolaygazetesi.com\/index.php?rest_route=\/wp\/v2\/posts\/837\/revisions"}],"wp:attachment":[{"href":"https:\/\/akdenizolaygazetesi.com\/index.php?rest_route=%2Fwp%2Fv2%2Fmedia&parent=837"}],"wp:term":[{"taxonomy":"category","embeddable":true,"href":"https:\/\/akdenizolaygazetesi.com\/index.php?rest_route=%2Fwp%2Fv2%2Fcategories&post=837"},{"taxonomy":"post_tag","embeddable":true,"href":"https:\/\/akdenizolaygazetesi.com\/index.php?rest_route=%2Fwp%2Fv2%2Ftags&post=837"}],"curies":[{"name":"wp","href":"https:\/\/api.w.org\/{rel}","templated":true}]}}