{"id":8370,"date":"2020-11-04T18:28:50","date_gmt":"2020-11-04T15:28:50","guid":{"rendered":"http:\/\/mersinekonomipolitikagazetesi.com\/?p=8370"},"modified":"2020-11-04T18:28:50","modified_gmt":"2020-11-04T15:28:50","slug":"avrupa-hareketlilik-haftasi-odulunu-bu-yil-da-alacagiz","status":"publish","type":"post","link":"https:\/\/akdenizolaygazetesi.com\/?p=8370","title":{"rendered":"&#8220;Avrupa Hareketlilik Haftas\u0131 \u00d6d\u00fcl\u00fcn\u00fc Bu Y\u0131l da Alaca\u011f\u0131z&#8221;"},"content":{"rendered":"<p>Toroslar&#8217;da, Avrupa Hareketlilik Haftas\u0131 dolu dolu sportif ve \u00e7evreci etkinliklerle ge\u00e7ti.\u00a0<br \/>\nGen\u00e7lerle basketbol, tenis, masa tenisi oynayan ve engelli bireylerle bir araya gelen Toroslar Belediye Ba\u015fkan\u0131 Ats\u0131z Af\u015f\u0131n Y\u0131lmaz, gelecek nesillere daha sa\u011fl\u0131kl\u0131 bir \u00e7evre b\u0131rakmak ve hareketli ya\u015fama fark\u0131ndal\u0131k olu\u015fturmak amac\u0131yla d\u00fczenlenen organizasyona kat\u0131lan herkese te\u015fekk\u00fcr eti.\u00a0<br \/>\nToroslar Belediyesi, her y\u0131l 16-22 Eyl\u00fcl tarihleri aras\u0131nda kutlanan Avrupa Hareketlilik Haftas\u0131&#8217;na spor aktivitelerinden, do\u011fa y\u00fcr\u00fcy\u00fc\u015f\u00fcne ve \u00e7evre temizli\u011fine kadar bir dizi programla e\u015flik etti.\u00a0<br \/>\n&#8220;Herkes i\u00e7in S\u0131f\u0131r Emisyonlu Hareketlilik&#8221; diyerek hafta boyunca belediye personelini ve vatanda\u015flar\u0131 sa\u011fl\u0131kl\u0131 ya\u015famda hareketin \u00f6nemini vurgulayan etkinliklerle bulu\u015fturan belediye, Avrupa Hareketlilik Haftas\u0131&#8217;n\u0131n son program\u0131n\u0131 da g\u00f6rkemli bir \u015fekilde ger\u00e7ekle\u015ftirdi.<br \/>\n\u00a0<br \/>\nBa\u015fkan Y\u0131lmaz, Basketbol, Tenis ve Masa Tenisi&#8217;nde H\u00fcnerlerini Sergiledi<br \/>\n\u00a0<br \/>\nHafta kapsam\u0131nda; Dart, Tenis ve Masa Tenisi Turnuvas\u0131, Basketbol, Ad\u0131m Atma, Slalom Top S\u00fcrme ve \u015eut Atma Yar\u0131\u015fmalar\u0131na kat\u0131larak dereceye giren \u00e7ocuklara, gen\u00e7lere ve belediye personeline \u00f6d\u00fclleri, \u00c7a\u011fda\u015fkent Mahallesi&#8217;nde bulunan 3 Ocak Spor Kompleksi&#8217;nde d\u00fczenlenen t\u00f6renle verildi.<br \/>\n\u00a0Toroslar Belediye Ba\u015fkan\u0131 Ats\u0131z Af\u015f\u0131n Y\u0131lmaz, \u00f6d\u00fcl t\u00f6reni \u00f6ncesi gen\u00e7lerle basketbol, tenis ve masa tenisi oynad\u0131, vuru\u015flar\u0131yla profesyonellere ta\u015f \u00e7\u0131kartt\u0131.\u00a0<br \/>\nPrograma; Belediye Meclis \u00dcyeleri, Mahalle Muhtarlar\u0131, T\u00fcm Engelsiz Hayat Derne\u011fi, T\u00fcrkiye Beyazay Derne\u011fi Mersin \u015eubesi, Mersin Umut Giri\u015fimciler \u00dcretim ve Pazarlama Kooperatifi \u00fcyeleri ile Toroslar Belediyesi Engelliler Akademisi \u00f6\u011frencileri, engelli bireyler ve aileleri de kat\u0131ld\u0131.<br \/>\n\u00a0<br \/>\nBa\u015fkan Y\u0131lmaz&#8217;dan Minik Emirhan&#8217;a Do\u011fum G\u00fcn\u00fc S\u00fcrprizi<br \/>\n\u00a0<br \/>\nProgramda yo\u011fun ilgiyle kar\u015f\u0131lanan Ba\u015fkan Y\u0131lmaz, engelli \u00e7ocuklarla yak\u0131ndan ilgilenerek el bask\u0131s\u0131 boyama \u00e7al\u0131\u015fmas\u0131na da e\u015flik etti ve birlikte keyifli vakit ge\u00e7irdi. Ba\u015fkan Y\u0131lmaz ile etkinliklere kat\u0131lan engelli bireylerin heyecan\u0131 ve sevinci ise y\u00fczlerindeki g\u00fcl\u00fcmsemeye yans\u0131d\u0131.\u00a0<br \/>\nProgram s\u0131ras\u0131nda Ba\u015fkan Y\u0131lmaz, Toroslar Belediyesi Engelliler Akademisi \u00f6\u011frencisi minik Emirhan&#8217;a da do\u011fum g\u00fcn\u00fc pastas\u0131 ile s\u00fcrpriz yapt\u0131. Emirhan&#8217;\u0131n do\u011fum g\u00fcn\u00fcn\u00fc kat\u0131l\u0131mc\u0131larla birlikte kutlayan Ba\u015fkan Y\u0131lmaz, pastay\u0131 Emirhan&#8217;a ve do\u011fum g\u00fcn\u00fc olan t\u00fcm \u00e7ocuklara arma\u011fan etti.\u00a0<br \/>\n&#8220;Engellilerimizin y\u00fcz\u00fcndeki g\u00fcl\u00fcmseme hi\u00e7 eksik olmas\u0131n&#8221; diyen Ba\u015fkan Y\u0131lmaz; &#8220;Engellilerimizin her zaman yan\u0131nday\u0131z. Onlar\u0131n hayata daha fazla tutunmalar\u0131 ve mutlu olmalar\u0131 i\u00e7in deste\u011fimiz ve bu t\u00fcr etkinliklerimiz devam edecek&#8221; dedi.<br \/>\nSayg\u0131 Duru\u015fu ve \u0130stiklal Mar\u015f\u0131&#8217;n\u0131n okunmas\u0131n\u0131n ard\u0131ndan ba\u015flayan programda t\u00fcm kat\u0131l\u0131mc\u0131lara seslenen Ba\u015fkan Y\u0131lmaz, birlik ve beraberli\u011fe vurgu yaparak; &#8220;Avrupa Hareketlilik Haftas\u0131 kapsam\u0131nda ge\u00e7ti\u011fimiz y\u0131l bisiklete binmi\u015ftik, y\u00fcr\u00fcy\u00fc\u015f yapm\u0131\u015ft\u0131k, m\u00fcft\u00fc deresine \u00e7i\u00e7ek tohumlar\u0131 atm\u0131\u015ft\u0131k. Bu y\u0131l da pandemi kurallar\u0131 \u00e7er\u00e7evesinde bir tak\u0131m etkinlikler d\u00fczenledik. Ge\u00e7en y\u0131l, &#8220;Avrupa Hareketlilik Haftas\u0131 Faaliyetleri\u201d, \u201cKal\u0131c\u0131 \u00d6nlemler\u201d ve \u201c22 Eyl\u00fcl Arabas\u0131z G\u00fcn\u201d \u015fartlar\u0131n\u0131 yerine getiren 39 belediyeden 15\u2019i aras\u0131na girerek T\u00fcrkiye Belediyeler Birli\u011fi&#8217;nden &#8216;Avrupa Hareketlilik Haftas\u0131 Ulusal \u00d6d\u00fcl\u00fcn\u00fc\u2019 ald\u0131k. Buradaki birli\u011fe, enerjiye, iste\u011fe ve duyguya bakt\u0131\u011f\u0131mda in\u015fallah bu y\u0131l da bu \u00f6d\u00fcl\u00fc kazanaca\u011f\u0131z. \u00c7ocuklar\u0131m\u0131zla beraber yapt\u0131\u011f\u0131m\u0131z her etkinli\u011fimiz bizleri heyecanland\u0131r\u0131yor ve mutlu ediyor. Etkinli\u011fin d\u00fczenlenmesinde eme\u011fi ge\u00e7en t\u00fcm \u00e7al\u0131\u015fma arkada\u015flar\u0131ma da te\u015fekk\u00fcr ediyorum&#8221; diye konu\u015ftu.<\/p>\n<p>Programda, Mersin\u2019in ilk engelli kooperatifi olarak kurulan Mersin Umut Giri\u015fimciler \u00dcretim ve Pazarlama Kooperatifi Ba\u015fkan\u0131 Soner Demir, Toroslar Belediye Ba\u015fkan\u0131 Ats\u0131z Af\u015f\u0131n Y\u0131lmaz&#8217;a kooperatif olarak \u00fcrettikleri yerli kolonyay\u0131 arma\u011fan etti.\u00a0<br \/>\nBa\u015fkan Y\u0131lmaz&#8217;\u0131n her zaman yanlar\u0131nda oldu\u011funu ve destekledi\u011fini belirten Kooperatif Ba\u015fkan Demir; &#8220;Mersin&#8217;in ilk engelli kooperatifi olarak Say\u0131n Ba\u015fkan\u0131m\u0131z\u0131n da destekledi\u011fi kendi \u00fcretimimiz olan Mersinimizin portakal ve limon \u00e7i\u00e7e\u011fi kolonyas\u0131n\u0131 hepinizin huzurlar\u0131nda Ba\u015fkan\u0131m\u0131za hediye ettik. Toroslar&#8217;da yar\u0131nlar engel de\u011fil, umut dolu. Bu organizasyonda bizleri bulu\u015fturdu\u011fu i\u00e7in Ba\u015fkan\u0131m\u0131z Ats\u0131z Af\u015f\u0131n Y\u0131lmaz&#8217;a te\u015fekk\u00fcr ediyoruz&#8221; dedi. \u00a0<\/p>\n","protected":false},"excerpt":{"rendered":"<p>Toroslar&#8217;da, Avrupa Hareketlilik Haftas\u0131 dolu dolu sportif ve \u00e7evreci etkinliklerle ge\u00e7ti.\u00a0 Gen\u00e7lerle basketbol, tenis, masa tenisi oynayan ve engelli bireylerle bir araya gelen Toroslar Belediye Ba\u015fkan\u0131 Ats\u0131z Af\u015f\u0131n Y\u0131lmaz, gelecek &hellip; <a href=\"https:\/\/akdenizolaygazetesi.com\/?p=8370\" class=\"more-link\">Devam\u0131n\u0131 Oku&#8230;<\/a><\/p>\n","protected":false},"author":1,"featured_media":0,"comment_status":"open","ping_status":"open","sticky":false,"template":"","format":"standard","meta":[],"categories":[],"tags":[],"_links":{"self":[{"href":"https:\/\/akdenizolaygazetesi.com\/index.php?rest_route=\/wp\/v2\/posts\/8370"}],"collection":[{"href":"https:\/\/akdenizolaygazetesi.com\/index.php?rest_route=\/wp\/v2\/posts"}],"about":[{"href":"https:\/\/akdenizolaygazetesi.com\/index.php?rest_route=\/wp\/v2\/types\/post"}],"author":[{"embeddable":true,"href":"https:\/\/akdenizolaygazetesi.com\/index.php?rest_route=\/wp\/v2\/users\/1"}],"replies":[{"embeddable":true,"href":"https:\/\/akdenizolaygazetesi.com\/index.php?rest_route=%2Fwp%2Fv2%2Fcomments&post=8370"}],"version-history":[{"count":0,"href":"https:\/\/akdenizolaygazetesi.com\/index.php?rest_route=\/wp\/v2\/posts\/8370\/revisions"}],"wp:attachment":[{"href":"https:\/\/akdenizolaygazetesi.com\/index.php?rest_route=%2Fwp%2Fv2%2Fmedia&parent=8370"}],"wp:term":[{"taxonomy":"category","embeddable":true,"href":"https:\/\/akdenizolaygazetesi.com\/index.php?rest_route=%2Fwp%2Fv2%2Fcategories&post=8370"},{"taxonomy":"post_tag","embeddable":true,"href":"https:\/\/akdenizolaygazetesi.com\/index.php?rest_route=%2Fwp%2Fv2%2Ftags&post=8370"}],"curies":[{"name":"wp","href":"https:\/\/api.w.org\/{rel}","templated":true}]}}