{"id":8371,"date":"2020-11-04T18:28:50","date_gmt":"2020-11-04T15:28:50","guid":{"rendered":"http:\/\/mersinekonomipolitikagazetesi.com\/?p=8371"},"modified":"2020-11-04T18:28:50","modified_gmt":"2020-11-04T15:28:50","slug":"mutlu-degiliz-evlenmiyoruz","status":"publish","type":"post","link":"https:\/\/akdenizolaygazetesi.com\/?p=8371","title":{"rendered":"\u2018MUTLU DE\u011e\u0130L\u0130Z EVLENM\u0130YORUZ\u2019"},"content":{"rendered":"<p>K\u0131s\u0131tlama de\u011fil daha fazla tedbir getirilmesini isteyen d\u00fc\u011f\u00fcn saloncular\u0131 ve organizasyoncular, sekt\u00f6r\u00fcn zor bir d\u00f6nemden ge\u00e7ti\u011fini ve yetkililerin bu konuda yard\u0131m etmesini istedi.<\/p>\n<p>ARZU \u00d6ZER<br \/>\nMersin&#8217;de d\u00fc\u011f\u00fcn saloncular\u0131 ve organizasyoncular, temsili gelin ve damatla eylem ve bas\u0131n a\u00e7\u0131klamas\u0131 yapt\u0131. D\u00fc\u011f\u00fcn ve organizasyonlara k\u0131s\u0131tlama de\u011fil daha fazla tedbir getirilmesini isteyen d\u00fc\u011f\u00fcn ve organizasyoncular, sekt\u00f6r\u00fcn zor bir d\u00f6nemden ge\u00e7ti\u011fini ve yetkililerin bu konuya bir an \u00f6nce el atmas\u0131 gerekti\u011fini savundu.\u00a0<br \/>\nMersin D\u00fc\u011f\u00fcn Salonlar\u0131 ve Organizasyon Hizmeti Emek\u00e7ileri Platformu (D\u00dcSOHEP) \u00fcyeleri, \u00d6zg\u00fcr \u00c7ocuk Park\u0131nda bir araya gelerek, taleplerini dile getirdi. Temsili gelin ve damad\u0131n da oldu\u011fu etkinlikte grup ad\u0131na a\u00e7\u0131klamalarda bulunan Sel\u00e7uk Ak\u00e7ay\u0131r, k\u00fcresel bir salg\u0131n olan ve T\u00fcrkiye&#8217;de de etkili olan korona vir\u00fcs salg\u0131n\u0131 dolay\u0131s\u0131yla bir\u00e7ok sekt\u00f6rde oldu\u011fu gibi kendi sekt\u00f6rlerinde de zor g\u00fcnler ya\u015fad\u0131klar\u0131n\u0131 ifade etti. Durumu b\u00fcy\u00fck bir \u00fcz\u00fcnt\u00fc ve endi\u015fe ile izlemekte olduklar\u0131n\u0131 s\u00f6yleyen Ak\u00e7ay\u0131r, &#8220;T\u00fcm insanl\u0131k olarak i\u00e7inde bulundu\u011fumuz durum son derece tedirgin edici boyuttad\u0131r. Bu salg\u0131n\u0131n \u00fclkemize bu kadar ge\u00e7 sirayet etmesini ve sa\u011fl\u0131k konusundaki ba\u015far\u0131s\u0131ndan dolay\u0131 devletimizin g\u00f6sterdi\u011fi iradeyi can\u0131 g\u00f6n\u00fclden kutluyor ve destekliyoruz. D\u00fc\u011f\u00fcn ve organizasyon sekt\u00f6r\u00fc \u00e7al\u0131\u015fanlar\u0131 olarak bu krizde elimizden gelen her t\u00fcrl\u00fc \u00f6zveriyi g\u00f6n\u00fclden yapaca\u011f\u0131m\u0131z\u0131n bilinmesini istiyoruz. \u0130nsan hayat\u0131n\u0131n mevzu bahis oldu\u011fu bu sa\u011fl\u0131k krizinde pek \u00e7ok sekt\u00f6rde oldu\u011fu gibi d\u00fc\u011f\u00fcn ve organizasyon sekt\u00f6r\u00fcnde de derin ekonomik hasarlar olu\u015fmu\u015ftur. Her d\u00f6nemde ya\u015fanan ekonomik kriz sonras\u0131nda hi\u00e7bir destek olmadan tamamen kendi imkanlar\u0131yla tekrar ve tekrar aya\u011fa kalkm\u0131\u015ft\u0131r. D\u00fc\u011f\u00fcn ve organizasyon sekt\u00f6r\u00fc m\u00fczisyen, foto\u011fraf\u00e7\u0131, gelinlik\u00e7i, \u00e7i\u00e7ek\u00e7i, garson, a\u015f\u00e7\u0131, tedarik\u00e7i, kuyumcu, g\u00fcvenlik \u00e7al\u0131\u015fanlar\u0131 ve bu birimlerle dirsek temas\u0131nda olan yakla\u015f\u0131k bir milyon insana istihdam sa\u011flamaktad\u0131r. Devletin \u00f6nemli gelir kaynaklar\u0131ndan olan bu sekt\u00f6r\u00fcn SGK \u00f6demelerinden stopaja, KDV\u2019den personel maa\u015flar\u0131na, mekan kiralar\u0131ndan i\u015fletme giderlerine kadar ciddi miktarda bir \u00f6deme y\u00fck\u00fc vard\u0131r&#8221; \u015feklinde konu\u015ftu.\u00a0<br \/>\nEkonomik anlamda zorluk \u00e7ektiklerini belirten Ak\u00e7ay\u0131r, &#8220;Gelinen noktada tamamen kapanma konumuna gelen sekt\u00f6r\u00fcn mevcut ekonomik hasardan kendi \u00e7abalar\u0131yla kurtulmas\u0131 imkans\u0131zd\u0131r. Bu y\u00fczden bilinmelidir ki \u015fu an d\u00fc\u011f\u00fcn ve organizasyon sekt\u00f6r\u00fcne gereken k\u0131s\u0131tlama de\u011fil tedbirlerin artt\u0131r\u0131lmas\u0131d\u0131r. D\u00dcSOHEP olarak #kapatmatedbiriartt\u0131r slogan\u0131yla \u00e7\u0131kt\u0131\u011f\u0131m\u0131z bu yolda bize destek veren butik ve b\u00fcy\u00fck salon i\u015fletmecileri, \u00e7i\u00e7ek\u00e7iler, foto\u011fraf\u00e7\u0131lar, organizat\u00f6rler, gelinlik\u00e7iler, kuaf\u00f6rler, sokakta ve kapal\u0131 alanlarda hizmet veren t\u00fcm m\u00fczisyen arkada\u015flar\u0131m\u0131za ve bas\u0131n mensuplar\u0131na kat\u0131l\u0131mlar\u0131ndan dolay\u0131 te\u015fekk\u00fcr ederiz&#8221; diye konu\u015ftu. \u00a0<\/p>\n","protected":false},"excerpt":{"rendered":"<p>K\u0131s\u0131tlama de\u011fil daha fazla tedbir getirilmesini isteyen d\u00fc\u011f\u00fcn saloncular\u0131 ve organizasyoncular, sekt\u00f6r\u00fcn zor bir d\u00f6nemden ge\u00e7ti\u011fini ve yetkililerin bu konuda yard\u0131m etmesini istedi. ARZU \u00d6ZER Mersin&#8217;de d\u00fc\u011f\u00fcn saloncular\u0131 ve organizasyoncular, &hellip; <a href=\"https:\/\/akdenizolaygazetesi.com\/?p=8371\" class=\"more-link\">Devam\u0131n\u0131 Oku&#8230;<\/a><\/p>\n","protected":false},"author":1,"featured_media":0,"comment_status":"open","ping_status":"open","sticky":false,"template":"","format":"standard","meta":[],"categories":[],"tags":[],"_links":{"self":[{"href":"https:\/\/akdenizolaygazetesi.com\/index.php?rest_route=\/wp\/v2\/posts\/8371"}],"collection":[{"href":"https:\/\/akdenizolaygazetesi.com\/index.php?rest_route=\/wp\/v2\/posts"}],"about":[{"href":"https:\/\/akdenizolaygazetesi.com\/index.php?rest_route=\/wp\/v2\/types\/post"}],"author":[{"embeddable":true,"href":"https:\/\/akdenizolaygazetesi.com\/index.php?rest_route=\/wp\/v2\/users\/1"}],"replies":[{"embeddable":true,"href":"https:\/\/akdenizolaygazetesi.com\/index.php?rest_route=%2Fwp%2Fv2%2Fcomments&post=8371"}],"version-history":[{"count":0,"href":"https:\/\/akdenizolaygazetesi.com\/index.php?rest_route=\/wp\/v2\/posts\/8371\/revisions"}],"wp:attachment":[{"href":"https:\/\/akdenizolaygazetesi.com\/index.php?rest_route=%2Fwp%2Fv2%2Fmedia&parent=8371"}],"wp:term":[{"taxonomy":"category","embeddable":true,"href":"https:\/\/akdenizolaygazetesi.com\/index.php?rest_route=%2Fwp%2Fv2%2Fcategories&post=8371"},{"taxonomy":"post_tag","embeddable":true,"href":"https:\/\/akdenizolaygazetesi.com\/index.php?rest_route=%2Fwp%2Fv2%2Ftags&post=8371"}],"curies":[{"name":"wp","href":"https:\/\/api.w.org\/{rel}","templated":true}]}}