{"id":8372,"date":"2020-11-04T18:28:50","date_gmt":"2020-11-04T15:28:50","guid":{"rendered":"http:\/\/mersinekonomipolitikagazetesi.com\/?p=8372"},"modified":"2020-11-04T18:28:50","modified_gmt":"2020-11-04T15:28:50","slug":"yine-akkuyu-yine-vukuat","status":"publish","type":"post","link":"https:\/\/akdenizolaygazetesi.com\/?p=8372","title":{"rendered":"Yine Akkuyu yine vukuat!"},"content":{"rendered":"<p>NURDANE KARAKU\u015e<br \/>\nAkkuyu N\u00fckleer Santral projesinde \u00e7al\u0131\u015fan i\u015f\u00e7ilerin maa\u015flar\u0131n\u0131n \u00f6denmedi\u011fine dair \u00e7\u0131kan haberlere ili\u015fkin Mersin N\u00fckleer Santral Kar\u015f\u0131t\u0131 Platform&#8217;u bas\u0131n a\u00e7\u0131klamas\u0131 yapt\u0131.<br \/>\n\u00a0<br \/>\nYap\u0131lan a\u00e7\u0131klamada, \u201cHep s\u00f6yledik, s\u00f6ylemeye devam edece\u011fiz. N\u00fckleer santraller gereksizdir. N\u00fckleer santraller \u00f6l\u00fcmd\u00fcr, vah\u015fettir, taland\u0131r. Ve kurulduklar\u0131 g\u00fcnden g\u00fcn\u00fcm\u00fcze kadar ge\u00e7en s\u00fcrede hemen herg\u00fcn n\u00fckleer santrale kar\u015f\u0131 durmam\u0131z\u0131 hakl\u0131 g\u00f6steren geli\u015fmeler oluyor.\u201d \u015feklinde konu\u015fuldu.<\/p>\n<p>\u201cHakl\u0131 \u00e7\u0131kmam\u0131z bizi, yani ya\u015fam savunucular\u0131n\u0131 rahatlatm\u0131yor, \u00e7\u00fcnk\u00fc telafisi m\u00fcmk\u00fcn olmayan tahribatlar yarat\u0131yor.\u201d ifadeleri kullan\u0131l\u0131rken, \u201cD\u00fcnya bu k\u00f6t\u00fc \u00f6rneklerle dolu. \u0130\u015fte \u00c7ernobil, i\u015fte Fuku\u015fima ve Kars-I\u011fd\u0131r s\u0131n\u0131r\u0131n\u0131n hemen yak\u0131n\u0131nda teknolojisi m\u00fczelik olmu\u015f ve kapat\u0131lma karar\u0131na ra\u011fmen h\u00e2l\u00e2 faaliyete devam ederek radyasyon yayan Metzamor n\u00fckleer santrali. Ve Edirne s\u0131n\u0131r\u0131ndaki Kozluduy n\u00fckleer santrali! HES lerinizle suyumuzu, JES lerinizle topra\u011f\u0131m\u0131z\u0131, Termik santrallerinizle havam\u0131z\u0131, madenlerinizle her \u015feyimizi kirlettiniz. Barajlar\u0131n\u0131zla 12 bin y\u0131ll\u0131k tarihimizi, k\u00fclt\u00fcr\u00fcm\u00fcz\u00fc yok ettiniz. Nedir bu topraklar\u0131n, bu topraklarda ya\u015fayan canl\u0131lar\u0131n sizden \u00e7ekti\u011fi? Doymak bilmez rant a\u00e7l\u0131\u011f\u0131n\u0131z\u0131, daha \u00e7ok kazanma h\u0131rs\u0131n\u0131z\u0131 bizim ya\u015fam\u0131m\u0131zdan doyuramazs\u0131n\u0131z. Buna izin vermeyece\u011fiz!\u201d denildi.<\/p>\n<p>\n\u201cDaha \u00f6nce s\u00f6ylemi\u015ftik!\u201d<\/p>\n<p>\u201cBa\u015fl\u0131kta &#8220;Yine Akkuyu yine vukuat&#8221; demi\u015ftik. Maviyle ye\u015filin birlikteli\u011fini bitirdiniz, denizi doldurdunuz, adac\u0131klar\u0131 yok ettiniz.\u201d vurgusu yapan N\u00fckleer Santral Kar\u015f\u0131t\u0131 Platform\u2019u \u201cAkl\u0131n\u0131z s\u0131ra zemini sa\u011flamla\u015ft\u0131rmak i\u00e7in yeralt\u0131 ma\u011faralar\u0131n\u0131 dinamitle \u00e7\u00f6kerttiniz. Yetmedi salg\u0131n ko\u015fullar\u0131nda i\u015f\u00e7ileri \u00e7al\u0131\u015fmaya zorlad\u0131n\u0131z ve Mersin&#8217;in b\u00fct\u00fcn\u00fcnde salg\u0131n\u0131n yay\u0131lmas\u0131na katk\u0131 koydunuz. Ve son vukuat\u0131n\u0131z ise i\u015f\u00e7ilerin paras\u0131n\u0131 \u00f6dememekle ger\u00e7ekle\u015ftirdiniz. O kadar \u00f6yle ki, k\u00e2r h\u0131rs\u0131n\u0131z, rant\u00e7\u0131 zihniyetiniz y\u00fcz\u00fcnden; \u00dclkemize 70 milyar dolara mal olacak ve azami \u00f6mr\u00fc 50 y\u0131l s\u00fcrecek n\u00fckleer santralin yerine do\u011fayla bar\u0131\u015f\u0131k yat\u0131r\u0131mla 100 binden fazla ki\u015fiye istihdam sa\u011flanabilirdi! Yine \u00e7ok daha az parayla mevcut enerji nakil hatlar\u0131n\u0131n modernizasyonu yap\u0131ld\u0131\u011f\u0131nda n\u00fckleer santralin \u00fcretece\u011fi iddia edilen enerjinin enaz \u00fc\u00e7 misli enerji kazanm\u0131\u015f olaca\u011f\u0131z. Ve i\u015fte Almanya, n\u00fckleer santrallerin etkilerinin ortadan kald\u0131r\u0131lmas\u0131 ve s\u00f6k\u00fclmesi 1 trilyon dolara mal oluyor. Anla\u015f\u0131l\u0131yor ki bu topraklara, bu topraklarda ya\u015fayan canl\u0131lara sadece zarar veriyorsunuz. Topraklar\u0131m\u0131zdan, \u00e7\u0131k\u0131n gidin! Siz kim misiniz? Siz ROSATOM sunuz, Siz ALSTOM sunuz, Siz \u0130\u00c7TA\u015e s\u0131n\u0131z, CENG\u0130Z HOLD\u0130NG siniz. Siz bir avu\u00e7 uluslar\u00fcst\u00fc sermayenin temsilcisisiniz. Do\u011faya d\u00fc\u015fman, ya\u015fama d\u00fc\u015fman olanlars\u0131n\u0131z!\u201d diyerek bas\u0131n a\u00e7\u0131klamas\u0131 sonland\u0131.<\/p>\n","protected":false},"excerpt":{"rendered":"<p>NURDANE KARAKU\u015e Akkuyu N\u00fckleer Santral projesinde \u00e7al\u0131\u015fan i\u015f\u00e7ilerin maa\u015flar\u0131n\u0131n \u00f6denmedi\u011fine dair \u00e7\u0131kan haberlere ili\u015fkin Mersin N\u00fckleer Santral Kar\u015f\u0131t\u0131 Platform&#8217;u bas\u0131n a\u00e7\u0131klamas\u0131 yapt\u0131. \u00a0 Yap\u0131lan a\u00e7\u0131klamada, \u201cHep s\u00f6yledik, s\u00f6ylemeye devam edece\u011fiz. &hellip; <a href=\"https:\/\/akdenizolaygazetesi.com\/?p=8372\" class=\"more-link\">Devam\u0131n\u0131 Oku&#8230;<\/a><\/p>\n","protected":false},"author":1,"featured_media":0,"comment_status":"open","ping_status":"open","sticky":false,"template":"","format":"standard","meta":[],"categories":[],"tags":[],"_links":{"self":[{"href":"https:\/\/akdenizolaygazetesi.com\/index.php?rest_route=\/wp\/v2\/posts\/8372"}],"collection":[{"href":"https:\/\/akdenizolaygazetesi.com\/index.php?rest_route=\/wp\/v2\/posts"}],"about":[{"href":"https:\/\/akdenizolaygazetesi.com\/index.php?rest_route=\/wp\/v2\/types\/post"}],"author":[{"embeddable":true,"href":"https:\/\/akdenizolaygazetesi.com\/index.php?rest_route=\/wp\/v2\/users\/1"}],"replies":[{"embeddable":true,"href":"https:\/\/akdenizolaygazetesi.com\/index.php?rest_route=%2Fwp%2Fv2%2Fcomments&post=8372"}],"version-history":[{"count":0,"href":"https:\/\/akdenizolaygazetesi.com\/index.php?rest_route=\/wp\/v2\/posts\/8372\/revisions"}],"wp:attachment":[{"href":"https:\/\/akdenizolaygazetesi.com\/index.php?rest_route=%2Fwp%2Fv2%2Fmedia&parent=8372"}],"wp:term":[{"taxonomy":"category","embeddable":true,"href":"https:\/\/akdenizolaygazetesi.com\/index.php?rest_route=%2Fwp%2Fv2%2Fcategories&post=8372"},{"taxonomy":"post_tag","embeddable":true,"href":"https:\/\/akdenizolaygazetesi.com\/index.php?rest_route=%2Fwp%2Fv2%2Ftags&post=8372"}],"curies":[{"name":"wp","href":"https:\/\/api.w.org\/{rel}","templated":true}]}}