{"id":8373,"date":"2020-11-04T18:28:50","date_gmt":"2020-11-04T15:28:50","guid":{"rendered":"http:\/\/mersinekonomipolitikagazetesi.com\/?p=8373"},"modified":"2020-11-04T18:28:50","modified_gmt":"2020-11-04T15:28:50","slug":"sahipsiz-kalan-esnaf-zor-durumda","status":"publish","type":"post","link":"https:\/\/akdenizolaygazetesi.com\/?p=8373","title":{"rendered":"SAH\u0130PS\u0130Z KALAN ESNAF ZOR DURUMDA..!"},"content":{"rendered":"<p>Korona vir\u00fcs salg\u0131n\u0131nda en b\u00fcy\u00fck s\u0131k\u0131nt\u0131y\u0131 da sahipsiz kald\u0131klar\u0131n\u0131 belirten esnaf ve sanatkarlar \u00e7ekiyor. Esnaflar acil destek verilmez ise bir daha kepenk a\u00e7amayacaklar\u0131n\u0131 da s\u00f6yl\u00fcyor!<\/p>\n<p>Korona vir\u00fcs pandemisi en fazla esnaf ve sanatkar\u0131 vurdu. Destek verilmez ise kepenk indiren esnaf\u0131n bir daha o kepengi a\u00e7amayaca\u011f\u0131 belirtildi.<br \/>\nPandemi s\u00fcrecinde en b\u00fcy\u00fck s\u0131k\u0131nt\u0131y\u0131 biz \u00e7ektik diyen esnaf ve sanatkarlar, korona vir\u00fcs tedbirleri kapsam\u0131nda evinde oturan memur veya i\u015f\u00e7iler bu s\u00fcre\u00e7te maa\u015flar\u0131n\u0131 almaya devam ederken, emek yo\u011fun \u00e7al\u0131\u015fan, ancak kazanarak ge\u00e7imini sa\u011flayabilen bize do\u011frudan bir destek yap\u0131lmad\u0131\u011f\u0131 i\u00e7in \u00e7ok s\u0131k\u0131nt\u0131l\u0131 d\u00f6nemler ge\u00e7irdiklerini s\u00f6ylediler.\u00a0<\/p>\n<p>Pandeminin g\u00f6r\u00fclmeye ba\u015fland\u0131\u011f\u0131 d\u00f6nemde Mersin\u2019de 30 bin esnaf\u0131n kepenk kapatt\u0131\u011f\u0131n\u0131n alt\u0131n\u0131 \u00e7izen esnaflar, \u201cBu g\u00fcnlerde kademeli olarak belli i\u015f yerleri a\u00e7\u0131lsa da \u015fu an 10 binin \u00fczerinde esnaf\u0131m\u0131z\u0131n i\u015f yeri fiilen kapal\u0131 ve i\u015f yapamaz durumda. Bug\u00fcn itibariyle okullar kapal\u0131 oldu\u011fu i\u00e7in kantinler kapal\u0131, k\u0131rtasiyecilerimiz i\u015f yapam\u0131yor, servis ara\u00e7lar\u0131m\u0131z evin \u00f6n\u00fcnde yat\u0131yor. Bunlar\u0131n gelirleri \u00e7ok d\u00fc\u015ft\u00fc. Kuma\u015flar, okullara \u00f6nl\u00fck diken giyim sekt\u00f6r\u00fcndeki arkada\u015flar\u0131m\u0131z\u0131n elinde kald\u0131, hepsi kesilmi\u015f, dikilmi\u015f, iadesi s\u00f6z konusu de\u011fil. Onlar \u00e7ok zor durumda. \u00d6te yandan, d\u00fc\u011f\u00fcn salonlar\u0131m\u0131z do\u011fru d\u00fcr\u00fcst \u00e7al\u0131\u015fm\u0131yor, d\u00fc\u011f\u00fcnlere k\u0131s\u0131tlama getirildi. Hepimiz \u00e7ok zor durumday\u0131z.\u201d \u015feklinde konu\u015ftular.<\/p>\n<p>\u201c\u0130\u015f yeri kapal\u0131 olanlara da destek istiyoruz\u201d\u00a0<\/p>\n<p>Esnaf\u0131n bu zaman\u0131nda zorunlu giderlerini yapabilmek ad\u0131na acilen faizsiz ve en az 2 y\u0131l \u00f6demesiz krediye ihtiyac\u0131 oldu\u011funu belirten esnaf ve sanatkarlar, \u201cBu kredi ile i\u015fimizi d\u00f6nd\u00fcrelim. \u0130kincisi, esnaf\u0131m\u0131z hi\u00e7bir \u015fekilde zaten sosyal g\u00fcvenlikten de yararlanmad\u0131, herkes evinde oturdu, bekledi; en az\u0131ndan \u015fu s\u00fcre\u00e7 i\u00e7erisinde sosyal g\u00fcvenlik y\u00fcklerimizin en az\u0131ndan fonlardan kar\u015f\u0131lanmas\u0131 veya istenmemesi de en b\u00fcy\u00fck taleplerimizden biri. \u00c7\u00fcnk\u00fc bug\u00fcn bizim Ba\u011f-Kur primi dedi\u011fimiz sigortal\u0131lar\u0131m\u0131z\u0131n \u00f6demek zorunda oldu\u011fu ayl\u0131k prim zaten bin 200 TL civar\u0131nda. Esnaf evinde bir tencere kaynatacak paray\u0131 bulamazken, insanlar ge\u00e7imini sa\u011flayamazken bu y\u00fcklerin esnaftan istenmesi bir\u00e7ok esnaf\u0131n kepengini bir daha a\u00e7mamas\u0131na sebep olacak. Bu bak\u0131mdan \u015fu an bile fiilen kapal\u0131 olan esnaf\u0131m\u0131za bir do\u011frudan destek istiyoruz. Biz hep \u015funu s\u00f6ylemi\u015ftik; \u2018bu insanlar\u0131m\u0131za kapal\u0131 olduklar\u0131 s\u00fcrece bir asgari \u00fccret tutar\u0131nda destek olal\u0131m.\u2019 Devletimiz zor g\u00fcnler i\u00e7in var. Biz, 7 d\u00fcvelde kimlere ne yard\u0131mlar yapmad\u0131k. Ama \u015fimdi kendi esnaf\u0131m\u0131z s\u0131k\u0131nt\u0131da. Kapal\u0131 olan esnaf\u0131m\u0131za ve gelir kayb\u0131na u\u011frayan esnaf\u0131m\u0131za kademeli de olsa k\u0131smen do\u011frudan gelir deste\u011fi sa\u011flamam\u0131z gerekiyor.\u201d \u015feklinde konu\u015ftular.\u00a0<\/p>\n","protected":false},"excerpt":{"rendered":"<p>Korona vir\u00fcs salg\u0131n\u0131nda en b\u00fcy\u00fck s\u0131k\u0131nt\u0131y\u0131 da sahipsiz kald\u0131klar\u0131n\u0131 belirten esnaf ve sanatkarlar \u00e7ekiyor. Esnaflar acil destek verilmez ise bir daha kepenk a\u00e7amayacaklar\u0131n\u0131 da s\u00f6yl\u00fcyor! Korona vir\u00fcs pandemisi en fazla &hellip; <a href=\"https:\/\/akdenizolaygazetesi.com\/?p=8373\" class=\"more-link\">Devam\u0131n\u0131 Oku&#8230;<\/a><\/p>\n","protected":false},"author":1,"featured_media":0,"comment_status":"open","ping_status":"open","sticky":false,"template":"","format":"standard","meta":[],"categories":[],"tags":[],"_links":{"self":[{"href":"https:\/\/akdenizolaygazetesi.com\/index.php?rest_route=\/wp\/v2\/posts\/8373"}],"collection":[{"href":"https:\/\/akdenizolaygazetesi.com\/index.php?rest_route=\/wp\/v2\/posts"}],"about":[{"href":"https:\/\/akdenizolaygazetesi.com\/index.php?rest_route=\/wp\/v2\/types\/post"}],"author":[{"embeddable":true,"href":"https:\/\/akdenizolaygazetesi.com\/index.php?rest_route=\/wp\/v2\/users\/1"}],"replies":[{"embeddable":true,"href":"https:\/\/akdenizolaygazetesi.com\/index.php?rest_route=%2Fwp%2Fv2%2Fcomments&post=8373"}],"version-history":[{"count":0,"href":"https:\/\/akdenizolaygazetesi.com\/index.php?rest_route=\/wp\/v2\/posts\/8373\/revisions"}],"wp:attachment":[{"href":"https:\/\/akdenizolaygazetesi.com\/index.php?rest_route=%2Fwp%2Fv2%2Fmedia&parent=8373"}],"wp:term":[{"taxonomy":"category","embeddable":true,"href":"https:\/\/akdenizolaygazetesi.com\/index.php?rest_route=%2Fwp%2Fv2%2Fcategories&post=8373"},{"taxonomy":"post_tag","embeddable":true,"href":"https:\/\/akdenizolaygazetesi.com\/index.php?rest_route=%2Fwp%2Fv2%2Ftags&post=8373"}],"curies":[{"name":"wp","href":"https:\/\/api.w.org\/{rel}","templated":true}]}}