{"id":8375,"date":"2020-11-04T18:28:50","date_gmt":"2020-11-04T15:28:50","guid":{"rendered":"http:\/\/mersinekonomipolitikagazetesi.com\/?p=8375"},"modified":"2020-11-04T18:28:50","modified_gmt":"2020-11-04T15:28:50","slug":"mersinde-kamu-kurumlarindaki-mesai-saatleri-degisti","status":"publish","type":"post","link":"https:\/\/akdenizolaygazetesi.com\/?p=8375","title":{"rendered":"Mersin&#8217;de kamu kurumlar\u0131ndaki mesai saatleri de\u011fi\u015fti"},"content":{"rendered":"<p><span style=\"line-height: 1.6em;\">\u00a0Mersin&#8217;de Covid-19&#8217;la m\u00fccadele \u00e7al\u0131\u015fmalar\u0131 kapsam\u0131nda, kamu kurum ve kurulu\u015flar\u0131ndaki mesai saatlerinde de\u011fi\u015fiklik yap\u0131ld\u0131\u011f\u0131 bildirildi.\u00a0<\/span><\/p>\n<p>Valilikten yap\u0131lan a\u00e7\u0131klamaya g\u00f6re, \u0130l Umumi H\u0131fz\u0131ss\u0131hha Kurulu, Mersin Valisi Ali \u0130hsan Su ba\u015fkanl\u0131\u011f\u0131nda, Covid-19 salg\u0131n\u0131yla m\u00fccadele kapsam\u0131ndaki tedbirleri g\u00f6r\u00fc\u015fmek ve bu konuda gerekli kararlar\u0131 almak \u00fczere ola\u011fan\u00fcst\u00fc topland\u0131. Toplant\u0131da, toplu ta\u015f\u0131ma ara\u00e7lar\u0131ndaki yo\u011funlu\u011fu azaltmak ve yo\u011funluktan kaynaklanabilecek bula\u015fma riskini ortadan kald\u0131rmak maksad\u0131yla, il genelindeki kamu kurum ve kurulu\u015flar\u0131nda g\u00f6rev yapan personelin mesai saatlerinin 28 Eyl\u00fcl Pazartesi g\u00fcn\u00fcnden itibaren, 08:30-12:30 ile 13:30-17:30 olarak uygulanmas\u0131na karar verildi. Kararda, \u00f6zel kanun, y\u00f6netmelik ve d\u00fczenlemelere g\u00f6re \u00e7al\u0131\u015fma saatleri farkl\u0131 olarak belirlenmesi zorunlu olan kamu kurum ve kurulu\u015flara ait h\u00fck\u00fcmler sakl\u0131 tutuldu.\u00a0<\/p>\n","protected":false},"excerpt":{"rendered":"<p>\u00a0Mersin&#8217;de Covid-19&#8217;la m\u00fccadele \u00e7al\u0131\u015fmalar\u0131 kapsam\u0131nda, kamu kurum ve kurulu\u015flar\u0131ndaki mesai saatlerinde de\u011fi\u015fiklik yap\u0131ld\u0131\u011f\u0131 bildirildi.\u00a0 Valilikten yap\u0131lan a\u00e7\u0131klamaya g\u00f6re, \u0130l Umumi H\u0131fz\u0131ss\u0131hha Kurulu, Mersin Valisi Ali \u0130hsan Su ba\u015fkanl\u0131\u011f\u0131nda, Covid-19 salg\u0131n\u0131yla &hellip; <a href=\"https:\/\/akdenizolaygazetesi.com\/?p=8375\" class=\"more-link\">Devam\u0131n\u0131 Oku&#8230;<\/a><\/p>\n","protected":false},"author":1,"featured_media":0,"comment_status":"open","ping_status":"open","sticky":false,"template":"","format":"standard","meta":[],"categories":[],"tags":[],"_links":{"self":[{"href":"https:\/\/akdenizolaygazetesi.com\/index.php?rest_route=\/wp\/v2\/posts\/8375"}],"collection":[{"href":"https:\/\/akdenizolaygazetesi.com\/index.php?rest_route=\/wp\/v2\/posts"}],"about":[{"href":"https:\/\/akdenizolaygazetesi.com\/index.php?rest_route=\/wp\/v2\/types\/post"}],"author":[{"embeddable":true,"href":"https:\/\/akdenizolaygazetesi.com\/index.php?rest_route=\/wp\/v2\/users\/1"}],"replies":[{"embeddable":true,"href":"https:\/\/akdenizolaygazetesi.com\/index.php?rest_route=%2Fwp%2Fv2%2Fcomments&post=8375"}],"version-history":[{"count":0,"href":"https:\/\/akdenizolaygazetesi.com\/index.php?rest_route=\/wp\/v2\/posts\/8375\/revisions"}],"wp:attachment":[{"href":"https:\/\/akdenizolaygazetesi.com\/index.php?rest_route=%2Fwp%2Fv2%2Fmedia&parent=8375"}],"wp:term":[{"taxonomy":"category","embeddable":true,"href":"https:\/\/akdenizolaygazetesi.com\/index.php?rest_route=%2Fwp%2Fv2%2Fcategories&post=8375"},{"taxonomy":"post_tag","embeddable":true,"href":"https:\/\/akdenizolaygazetesi.com\/index.php?rest_route=%2Fwp%2Fv2%2Ftags&post=8375"}],"curies":[{"name":"wp","href":"https:\/\/api.w.org\/{rel}","templated":true}]}}