{"id":8376,"date":"2020-11-04T18:28:50","date_gmt":"2020-11-04T15:28:50","guid":{"rendered":"http:\/\/mersinekonomipolitikagazetesi.com\/?p=8376"},"modified":"2020-11-04T18:28:50","modified_gmt":"2020-11-04T15:28:50","slug":"vali-su-maske-mesafe-ve-hijyen-konusunda-vatandaslari-uyardi","status":"publish","type":"post","link":"https:\/\/akdenizolaygazetesi.com\/?p=8376","title":{"rendered":"Vali Su, maske,  mesafe ve hijyen  konusunda  vatanda\u015flar\u0131 uyard\u0131"},"content":{"rendered":"<p>Mersin Valisi Ali \u0130hsan, il protokol\u00fcyle birlikte esnaf\u0131 ziyaret edip, toplu ta\u015f\u0131ma ara\u00e7lar\u0131ndaki denetimlere kat\u0131ld\u0131, vatanda\u015flar\u0131 maske, sosyal mesafe ve hijyen konusunda uyard\u0131.\u00a0<br \/>\n&#8216;Sa\u011fl\u0131k i\u00e7in hepimiz i\u00e7in&#8217; slogan\u0131yla \u00fclke genelinde uygulanan yeni tip korona vir\u00fcs (Covid-19) tedbirlerine y\u00f6nelik denetimler, Mersin&#8217;de Vali Ali \u0130hsan Su \u00f6nc\u00fcl\u00fc\u011f\u00fcnde ger\u00e7ekle\u015ftirilmeye devam ediyor. Bu kapsamda, Akdeniz il\u00e7esi Camii \u015eerif Mahallesi\u2019nde yap\u0131lan denetimlere Vali Ali \u0130hsan Su\u2019nun yan\u0131 s\u0131ra, Akdeniz B\u00f6lge ve Garnizon Komutan\u0131 Tu\u011famiral Fuat Gedik, \u0130l Emniyet M\u00fcd\u00fcr\u00fc Mehmet \u015eahne, \u0130l Jandarma Komutan\u0131 Necip \u00c7ar\u0131k\u00e7\u0131o\u011flu ve Sahil G\u00fcvenlik Akdeniz B\u00f6lge Komutan\u0131 O\u011fuz Bavbek ile genel kolluk birimleri kat\u0131ld\u0131.\u00a0<br \/>\nVatanda\u015flar\u0131n yo\u011fun olarak bulundu\u011fu i\u015fyerleri ile toplu ta\u015f\u0131ma ara\u00e7lar\u0131nda ger\u00e7ekle\u015ftirilen denetimlerde, vatanda\u015flara korona vir\u00fcs salg\u0131n\u0131na kar\u015f\u0131 hat\u0131rlatmalarda bulunan Vali Su, pandemi tedbirlerine uyulmas\u0131 y\u00f6n\u00fcnde uyard\u0131.\u00a0<br \/>\nG\u00f6revlilerin vatanda\u015flara bilgilendirici bro\u015f\u00fcrler da\u011f\u0131tt\u0131\u011f\u0131 denetimler esnas\u0131nda, maske, fiziki mesafe ve temizlik kurallar\u0131na riayet etmenin \u00f6nemini vurgulayan Vali Su, t\u00fcm \u00fclkede oldu\u011fu gibi Mersin \u00f6zelinde de t\u00fcm birimlerin, kaymakamlar, belediye ba\u015fkanlar\u0131, kolluk kuvvetleri, STK\u2019lar ve muhtarlar\u0131n kat\u0131l\u0131m\u0131yla olu\u015fturulan ekiplerle sahada oldu\u011funu kaydetti.\u00a0<br \/>\nTedbirlere uyduklar\u0131 i\u00e7in vatanda\u015flara te\u015fekk\u00fcr eden Vali Su, Mersin\u2019de pandemi kurallar\u0131na uyma al\u0131\u015fkanl\u0131\u011f\u0131n\u0131n daha da artmas\u0131n\u0131 sa\u011flamak amac\u0131yla yap\u0131lan \u00e7al\u0131\u015fmalar\u0131n titizlikle y\u00fcr\u00fct\u00fclmeye devam edece\u011fini ifade etti. \u00a0<\/p>\n","protected":false},"excerpt":{"rendered":"<p>Mersin Valisi Ali \u0130hsan, il protokol\u00fcyle birlikte esnaf\u0131 ziyaret edip, toplu ta\u015f\u0131ma ara\u00e7lar\u0131ndaki denetimlere kat\u0131ld\u0131, vatanda\u015flar\u0131 maske, sosyal mesafe ve hijyen konusunda uyard\u0131.\u00a0 &#8216;Sa\u011fl\u0131k i\u00e7in hepimiz i\u00e7in&#8217; slogan\u0131yla \u00fclke genelinde &hellip; <a href=\"https:\/\/akdenizolaygazetesi.com\/?p=8376\" class=\"more-link\">Devam\u0131n\u0131 Oku&#8230;<\/a><\/p>\n","protected":false},"author":1,"featured_media":0,"comment_status":"open","ping_status":"open","sticky":false,"template":"","format":"standard","meta":[],"categories":[],"tags":[],"_links":{"self":[{"href":"https:\/\/akdenizolaygazetesi.com\/index.php?rest_route=\/wp\/v2\/posts\/8376"}],"collection":[{"href":"https:\/\/akdenizolaygazetesi.com\/index.php?rest_route=\/wp\/v2\/posts"}],"about":[{"href":"https:\/\/akdenizolaygazetesi.com\/index.php?rest_route=\/wp\/v2\/types\/post"}],"author":[{"embeddable":true,"href":"https:\/\/akdenizolaygazetesi.com\/index.php?rest_route=\/wp\/v2\/users\/1"}],"replies":[{"embeddable":true,"href":"https:\/\/akdenizolaygazetesi.com\/index.php?rest_route=%2Fwp%2Fv2%2Fcomments&post=8376"}],"version-history":[{"count":0,"href":"https:\/\/akdenizolaygazetesi.com\/index.php?rest_route=\/wp\/v2\/posts\/8376\/revisions"}],"wp:attachment":[{"href":"https:\/\/akdenizolaygazetesi.com\/index.php?rest_route=%2Fwp%2Fv2%2Fmedia&parent=8376"}],"wp:term":[{"taxonomy":"category","embeddable":true,"href":"https:\/\/akdenizolaygazetesi.com\/index.php?rest_route=%2Fwp%2Fv2%2Fcategories&post=8376"},{"taxonomy":"post_tag","embeddable":true,"href":"https:\/\/akdenizolaygazetesi.com\/index.php?rest_route=%2Fwp%2Fv2%2Ftags&post=8376"}],"curies":[{"name":"wp","href":"https:\/\/api.w.org\/{rel}","templated":true}]}}