{"id":8378,"date":"2020-11-04T18:28:50","date_gmt":"2020-11-04T15:28:50","guid":{"rendered":"http:\/\/mersinekonomipolitikagazetesi.com\/?p=8378"},"modified":"2020-11-04T18:28:50","modified_gmt":"2020-11-04T15:28:50","slug":"asfalt-veya-kaldirim-eksigi-olan-sokak-kalmayacak","status":"publish","type":"post","link":"https:\/\/akdenizolaygazetesi.com\/?p=8378","title":{"rendered":"\u201cAsfalt veya kald\u0131r\u0131m eksi\u011fi olan sokak kalmayacak\u201d"},"content":{"rendered":"<p>Mersin\u2019in merkez il\u00e7e Akdeniz Belediye Ba\u015fkan\u0131 Muhammet Mustafa G\u00fcltak, \u00dc\u00e7ocak Mahallesinde devam eden \u00e7al\u0131\u015fmalar\u0131 yerinde inceleyerek, mahalle sakinleriyle bir araya geldi. Mahallelilerin sorun ve taleplerini dinleyen G\u00fcltak, eksikliklerin giderilmesi i\u00e7in de ilgili birimlere talimat verdi.\u00a0<br \/>\nHer sal\u0131 ve cuma g\u00fcnleri mahalle ziyaretleri yapan Ba\u015fkan G\u00fcltak, bu kez \u00dc\u00e7ocak Mahallesine gitti. Ba\u015fkan Yard\u0131mc\u0131lar\u0131 Hasan T\u00fcz\u00fcn ve Mustafa Arslan\u2019\u0131n da kat\u0131ld\u0131\u011f\u0131 ziyaretinde; mahalle sakinleri ve esnaf\u0131n taleplerini dinleyen G\u00fcltak, ard\u0131ndan belediye ekiplerinin \u00e7al\u0131\u015fmalar\u0131n\u0131 yerinde inceledi, yak\u0131nda ba\u015flayacak \u00e7al\u0131\u015fmalar hakk\u0131nda da bilgiler verdi.\u00a0<br \/>\n\u0130lk olarak \u00dc\u00e7ocak Mahallesi Muhtar\u0131 Mehmet G\u00fcndo\u011fdu\u2019yu makam\u0131nda ziyaret eden G\u00fcltak, daha sonra sokak sokak gezerek hem yap\u0131lan hizmetleri yerinde inceledi, hem de g\u00f6rd\u00fc\u011f\u00fc eksikliklerin \u00e7\u00f6z\u00fcm\u00fc i\u00e7in ilgili birim yetkililerine talimat verdi.\u00a0<\/p>\n<p>Muhtarl\u0131k binas\u0131n\u0131n da i\u00e7inde bulundu\u011fu \u0130nci Park\u0131n\u0131 gezen G\u00fcltak, park\u0131n eskiyen oyun gruplar\u0131n\u0131n tamiri ve de\u011fi\u015fiminin yan\u0131 s\u0131ra peyzaj\u0131 ve yeniden d\u00fczenlenmesi i\u00e7in \u00e7al\u0131\u015fmalar\u0131n en k\u0131sa s\u00fcrede ba\u015flayaca\u011f\u0131n\u0131 s\u00f6yledi. Mahallede yap\u0131lacak \u00e7al\u0131\u015fmalar hakk\u0131nda da a\u00e7\u0131klama yapan Ba\u015fkan G\u00fcltak, \u201c\u00dc\u00e7ocak Mahallemizde, asfalt ve kald\u0131r\u0131m s\u0131k\u0131nt\u0131s\u0131 olan sadece 5-6 soka\u011f\u0131m\u0131z kald\u0131. Gelecek y\u0131l i\u00e7erisinde ihale yapaca\u011f\u0131z ve bu ihale kapsam\u0131nda \u00dc\u00e7ocak Mahallemiz de var. \u0130halenin ard\u0131ndan, burada eksi\u011fi olan t\u00fcm sokaklar\u0131m\u0131z\u0131n sorunlar\u0131n\u0131 \u00e7\u00f6zece\u011fiz, vatanda\u015flar\u0131m\u0131z\u0131n s\u0131k\u0131nt\u0131lar\u0131n\u0131 ortadan kald\u0131raca\u011f\u0131z\u201d dedi.\u00a0<\/p>\n<p>G\u00fcltak, hay\u0131rsever bir vatanda\u015f taraf\u0131ndan yapt\u0131r\u0131lan ve Akdeniz Belediyesinin de destek verdi\u011fi Hz. Ebu Bekir Camiindeki \u00e7al\u0131\u015fmalar\u0131 da yerinde inceledi. Ba\u015fkan G\u00fcltak, in\u015fa edilen yeni cami b\u00fcnyesinde 700 metrekare geni\u015fli\u011finde bir taziye evi ve Kur\u2019an kursu ile yine caminin hemen yan\u0131 ba\u015f\u0131nda, insanlar\u0131n dinlenebilece\u011fi, temiz hava alabilece\u011fi bir park yap\u0131laca\u011f\u0131n\u0131 s\u00f6yledi.\u00a0<br \/>\nMuhtar G\u00fcndo\u011fdu da hem ziyareti hem de mahalleye yap\u0131lan hizmet ve \u00e7al\u0131\u015fmalar dolay\u0131s\u0131yla G\u00fcltak\u2019a te\u015fekk\u00fcr etti. \u00a0<\/p>\n","protected":false},"excerpt":{"rendered":"<p>Mersin\u2019in merkez il\u00e7e Akdeniz Belediye Ba\u015fkan\u0131 Muhammet Mustafa G\u00fcltak, \u00dc\u00e7ocak Mahallesinde devam eden \u00e7al\u0131\u015fmalar\u0131 yerinde inceleyerek, mahalle sakinleriyle bir araya geldi. Mahallelilerin sorun ve taleplerini dinleyen G\u00fcltak, eksikliklerin giderilmesi i\u00e7in &hellip; <a href=\"https:\/\/akdenizolaygazetesi.com\/?p=8378\" class=\"more-link\">Devam\u0131n\u0131 Oku&#8230;<\/a><\/p>\n","protected":false},"author":1,"featured_media":0,"comment_status":"open","ping_status":"open","sticky":false,"template":"","format":"standard","meta":[],"categories":[],"tags":[],"_links":{"self":[{"href":"https:\/\/akdenizolaygazetesi.com\/index.php?rest_route=\/wp\/v2\/posts\/8378"}],"collection":[{"href":"https:\/\/akdenizolaygazetesi.com\/index.php?rest_route=\/wp\/v2\/posts"}],"about":[{"href":"https:\/\/akdenizolaygazetesi.com\/index.php?rest_route=\/wp\/v2\/types\/post"}],"author":[{"embeddable":true,"href":"https:\/\/akdenizolaygazetesi.com\/index.php?rest_route=\/wp\/v2\/users\/1"}],"replies":[{"embeddable":true,"href":"https:\/\/akdenizolaygazetesi.com\/index.php?rest_route=%2Fwp%2Fv2%2Fcomments&post=8378"}],"version-history":[{"count":0,"href":"https:\/\/akdenizolaygazetesi.com\/index.php?rest_route=\/wp\/v2\/posts\/8378\/revisions"}],"wp:attachment":[{"href":"https:\/\/akdenizolaygazetesi.com\/index.php?rest_route=%2Fwp%2Fv2%2Fmedia&parent=8378"}],"wp:term":[{"taxonomy":"category","embeddable":true,"href":"https:\/\/akdenizolaygazetesi.com\/index.php?rest_route=%2Fwp%2Fv2%2Fcategories&post=8378"},{"taxonomy":"post_tag","embeddable":true,"href":"https:\/\/akdenizolaygazetesi.com\/index.php?rest_route=%2Fwp%2Fv2%2Ftags&post=8378"}],"curies":[{"name":"wp","href":"https:\/\/api.w.org\/{rel}","templated":true}]}}