{"id":838,"date":"2020-11-04T18:21:27","date_gmt":"2020-11-04T15:21:27","guid":{"rendered":"http:\/\/mersinekonomipolitikagazetesi.com\/?p=838"},"modified":"2020-11-04T18:21:27","modified_gmt":"2020-11-04T15:21:27","slug":"cepci-kadin-guvenlik-kameralarina-yakalandi","status":"publish","type":"post","link":"https:\/\/akdenizolaygazetesi.com\/?p=838","title":{"rendered":"&#8216;Cep\u00e7i&#8217; kad\u0131n g\u00fcvenlik kameralar\u0131na yakaland\u0131"},"content":{"rendered":"<p>Mersin&#8217;de bindi\u011fi toplu ta\u015f\u0131ma ara\u00e7lar\u0131nda dikkat \u00e7ekmemek amac\u0131yla ba\u015f\u00f6rt\u00fcs\u00fc takarak &#8216;cep\u00e7ilik&#8217; yoluyla h\u0131rs\u0131zl\u0131k yapan kad\u0131n, g\u00fcvenlik kameralar\u0131 taraf\u0131ndan saniye saniye g\u00f6r\u00fcnt\u00fclendi. Polis ekiplerinin titiz \u00e7al\u0131\u015fmas\u0131 sonucu su\u00e7\u00fcst\u00fc yakalanan kad\u0131n\u0131n, 4 y\u0131l 2 ay kesilmi\u015f hapis cezas\u0131yla arand\u0131\u011f\u0131 ortaya \u00e7\u0131kt\u0131.<\/p>\n<p><span style=\"color: rgb(0, 0, 0); font-family: Tahoma, Arial, 'Times New Roman TUR', Verdana; font-size: 15px; line-height: normal;\">Edinilen bilgiye g\u00f6re, Mersin\u2019de son g\u00fcnlerde baz\u0131 toplu ta\u015f\u0131ma ara\u00e7lar\u0131nda &#8216;cep\u00e7ilik&#8217; yoluyla h\u0131rs\u0131zl\u0131k olaylar\u0131n\u0131n artmas\u0131 \u00fczerine \u00e7al\u0131\u015fma ba\u015flatan Asayi\u015f \u015eube M\u00fcd\u00fcrl\u00fc\u011f\u00fc\u2019ne ba\u011fl\u0131 Yankesicilik ve Doland\u0131r\u0131c\u0131l\u0131k B\u00fcro Amirli\u011fi ekipleri, olaylar\u0131n ya\u015fand\u0131\u011f\u0131 ara\u00e7larda g\u00fcvenlik kameralar\u0131n\u0131 incelemeye ald\u0131. \u0130nceme sonucunda \u00f6zellikle bu olaylar\u0131n ya\u015fand\u0131\u011f\u0131 b\u00f6lgelerdeki toplu ta\u015f\u0131ma ara\u00e7lar\u0131nda sivil ekipler \u00e7al\u0131\u015fma ba\u015flat\u0131rken, e\u015fkali belirlenen \u015f\u00fcphelinin yakalanmas\u0131 i\u00e7in \u00e7al\u0131\u015fmalar yo\u011funla\u015ft\u0131r\u0131ld\u0131.<\/span><br style=\"color: rgb(0, 0, 0); font-family: Tahoma, Arial, 'Times New Roman TUR', Verdana; font-size: 15px; line-height: normal;\" \/><br \/>\n<span style=\"color: rgb(0, 0, 0); font-family: Tahoma, Arial, 'Times New Roman TUR', Verdana; font-size: 15px; line-height: normal;\">Polisin \u00e7al\u0131\u015fmalar\u0131 s\u00fcrd\u00fc\u011f\u00fc s\u0131rada, yine dikkat \u00e7ekmemek i\u00e7in ba\u015f\u00f6rt\u00fcs\u00fc takarak geldi\u011fi Toros Devlet Hastanesi&#8217;nde bir ki\u015finin c\u00fczdan\u0131n\u0131 \u00e7almaya \u00e7al\u0131\u015fan D.\u00c7. su\u00e7\u00fcst\u00fc yakaland\u0131. G\u00f6zalt\u0131na al\u0131nan kad\u0131n\u0131n 12 Nisan&#8217;da dolmu\u015f i\u00e7erisinde bir ki\u015finin c\u00fczdan\u0131n\u0131, 16 Nisan&#8217;da ise yine dolmu\u015f i\u00e7erisinde bir ki\u015finin ak\u0131ll\u0131 telefonunu \u00e7ald\u0131\u011f\u0131 anla\u015f\u0131ld\u0131. G\u00fcvenlik kameralar\u0131na da yans\u0131yan olaylarda, kad\u0131n\u0131n rahat tav\u0131rlar\u0131 ise dikkat \u00e7ekti.\u00a0<\/span><br style=\"color: rgb(0, 0, 0); font-family: Tahoma, Arial, 'Times New Roman TUR', Verdana; font-size: 15px; line-height: normal;\" \/><br \/>\n<span style=\"color: rgb(0, 0, 0); font-family: Tahoma, Arial, 'Times New Roman TUR', Verdana; font-size: 15px; line-height: normal;\">D.\u00c7.&#8217;nin ayr\u0131ca 4 y\u0131l 2 ay kesilmi\u015f hapis cezas\u0131yla arand\u0131\u011f\u0131 ortaya \u00e7\u0131karken, 42 ya\u015f\u0131ndaki kad\u0131n adliyeye sevk edildi.<\/span><\/p>\n","protected":false},"excerpt":{"rendered":"<p>Mersin&#8217;de bindi\u011fi toplu ta\u015f\u0131ma ara\u00e7lar\u0131nda dikkat \u00e7ekmemek amac\u0131yla ba\u015f\u00f6rt\u00fcs\u00fc takarak &#8216;cep\u00e7ilik&#8217; yoluyla h\u0131rs\u0131zl\u0131k yapan kad\u0131n, g\u00fcvenlik kameralar\u0131 taraf\u0131ndan saniye saniye g\u00f6r\u00fcnt\u00fclendi. Polis ekiplerinin titiz \u00e7al\u0131\u015fmas\u0131 sonucu su\u00e7\u00fcst\u00fc yakalanan kad\u0131n\u0131n, 4 &hellip; <a href=\"https:\/\/akdenizolaygazetesi.com\/?p=838\" class=\"more-link\">Devam\u0131n\u0131 Oku&#8230;<\/a><\/p>\n","protected":false},"author":1,"featured_media":0,"comment_status":"open","ping_status":"open","sticky":false,"template":"","format":"standard","meta":[],"categories":[],"tags":[],"_links":{"self":[{"href":"https:\/\/akdenizolaygazetesi.com\/index.php?rest_route=\/wp\/v2\/posts\/838"}],"collection":[{"href":"https:\/\/akdenizolaygazetesi.com\/index.php?rest_route=\/wp\/v2\/posts"}],"about":[{"href":"https:\/\/akdenizolaygazetesi.com\/index.php?rest_route=\/wp\/v2\/types\/post"}],"author":[{"embeddable":true,"href":"https:\/\/akdenizolaygazetesi.com\/index.php?rest_route=\/wp\/v2\/users\/1"}],"replies":[{"embeddable":true,"href":"https:\/\/akdenizolaygazetesi.com\/index.php?rest_route=%2Fwp%2Fv2%2Fcomments&post=838"}],"version-history":[{"count":0,"href":"https:\/\/akdenizolaygazetesi.com\/index.php?rest_route=\/wp\/v2\/posts\/838\/revisions"}],"wp:attachment":[{"href":"https:\/\/akdenizolaygazetesi.com\/index.php?rest_route=%2Fwp%2Fv2%2Fmedia&parent=838"}],"wp:term":[{"taxonomy":"category","embeddable":true,"href":"https:\/\/akdenizolaygazetesi.com\/index.php?rest_route=%2Fwp%2Fv2%2Fcategories&post=838"},{"taxonomy":"post_tag","embeddable":true,"href":"https:\/\/akdenizolaygazetesi.com\/index.php?rest_route=%2Fwp%2Fv2%2Ftags&post=838"}],"curies":[{"name":"wp","href":"https:\/\/api.w.org\/{rel}","templated":true}]}}