{"id":8380,"date":"2020-11-04T18:28:50","date_gmt":"2020-11-04T15:28:50","guid":{"rendered":"http:\/\/mersinekonomipolitikagazetesi.com\/?p=8380"},"modified":"2020-11-04T18:28:50","modified_gmt":"2020-11-04T15:28:50","slug":"tek-ses-olarak-sorunlar-cozulmeli","status":"publish","type":"post","link":"https:\/\/akdenizolaygazetesi.com\/?p=8380","title":{"rendered":"TEK SES OLARAK SORUNLAR  \u00c7\u00d6Z\u00dcLMEL\u0130"},"content":{"rendered":"<p>Engin: \u201cB\u00f6lgemize yat\u0131r\u0131mlar\u0131n artt\u0131r\u0131lmas\u0131n\u0131 ve b\u00f6lgesel sorunlar\u0131m\u0131z\u0131n \u00e7\u00f6z\u00fclmesini bekliyoruz. Bu konuda kent ve b\u00f6lge yerel y\u00f6netimleri, STK\u2019lar\u0131, oda ve borsalar\u0131 tek ses olmal\u0131, \u00e7\u00f6z\u00fcm olu\u015fturulmas\u0131nda \u0131srarc\u0131 davranmal\u0131d\u0131r.\u201d<\/p>\n<p>Mersin ve Adana\u2019n\u0131n T\u00fcrkiye yoksulluk oran\u0131nda 2&#8217;nci s\u0131rada yer almas\u0131n\u0131 de\u011ferlendiren MES\u0130AD Ba\u015fkan\u0131 Hasan Engin, \u201cT\u00fcrkiye\u2019nin \u00fcretim \u00fcslerinden \u00c7ukurova verdi\u011fini geri alam\u0131yor. \u00c7ukurova halk\u0131, \u00fcretti\u011fi ve \u00fclkemize kazand\u0131rd\u0131\u011f\u0131 oranda gelire sahip olmal\u0131d\u0131r. B\u00f6lgemiz hak etti\u011fi yerde yer alm\u0131yor\u201d dedi.<br \/>\nMersin Sanayicileri ve \u0130\u015f \u0130nsanlar\u0131 Derne\u011fi (MES\u0130AD) Y\u00f6netim Kurulu Ba\u015fkan\u0131 Hasan Engin, T\u00dc\u0130K&#8217;in Gelir ve Ya\u015fam Ko\u015fullar\u0131 Ara\u015ft\u0131rmas\u0131 2019 y\u0131l\u0131 sonu\u00e7lar\u0131na g\u00f6re, TR62 B\u00f6lgesi olarak belirlenen Mersin ve Adana\u2019n\u0131n yoksulluk oran\u0131nda 2&#8217;nci s\u0131rada yer almas\u0131n\u0131 de\u011ferlendirdi. \u00dcreten \u00c7ukurova\u2019n\u0131n en yoksul 2\u2019inci b\u00f6lge olmas\u0131n\u0131 ele\u015ftiren Ba\u015fkan Engin, b\u00f6lgeye daha fazla yat\u0131r\u0131m \u00e7a\u011fr\u0131s\u0131 yapt\u0131.<br \/>\n\u00a0<br \/>\nBa\u015fkan Engin, \u201cTar\u0131m, sanayi, turizm, lojistik ve depolama ba\u015fta olmak \u00fczere bir\u00e7ok alanda \u00fcretim ve ticaret \u00fcss\u00fc \u00c7ukurova, \u00fclkemizin g\u00f6zbebe\u011fidir. Nitelikli tar\u0131m alanlar\u0131 ve son y\u0131llarda ata\u011fa kalkan sanayi yat\u0131r\u0131mlar\u0131 ile bir\u00e7ok \u00fclkeye ihracat yap\u0131lmakta, \u00fclkemize fark yaratan gelirler sa\u011flanmaktad\u0131r. Ancak \u00e7al\u0131\u015fkan Adana-Mersin halk\u0131, T\u00dc\u0130KGelir ve Ya\u015fam Ko\u015fullar\u0131 Ara\u015ft\u0131rmas\u0131 2019 y\u0131l\u0131 sonu\u00e7lar\u0131na g\u00f6re, yoksulluk oran\u0131nda 2&#8217;nci s\u0131rada yer al\u0131yor. \u00c7ukurova halk\u0131, \u00fcretti\u011fi ve \u00fclkemize kazand\u0131rd\u0131\u011f\u0131 oranda gelire sahip olmal\u0131d\u0131r. B\u00f6lgemiz hak etti\u011fi yerde yer alm\u0131yor\u201d dedi.<br \/>\n\u00a0<br \/>\n\u201cB\u00d6LGESEL PROJELER EKONOM\u0130K G\u0130RD\u0130Y\u0130 ARTIRACAKTIR\u201d<\/p>\n<p>B\u00f6lgeye daha fazla yat\u0131r\u0131m yap\u0131lmas\u0131 ile y\u00fcksek olan i\u015fsizlikile birlikte b\u00f6lgedeki yoksullu\u011fun da azalaca\u011f\u0131n\u0131 kaydeden Engin, \u201cMersin ve Adana ile birlikte Osmaniye ve Hatay\u2019dayat\u0131r\u0131mlar\u0131n artmas\u0131yla b\u00f6lgenin i\u015fsizli\u011fi azalacakt\u0131r. Yo\u011fun n\u00fcfus oran\u0131 g\u00f6z \u00f6n\u00fcne al\u0131narak b\u00f6lgesel yat\u0131r\u0131mlar\u0131n tamamlanmas\u0131 ile b\u00f6lge rahat bir nefes alacakt\u0131r. Aksi halde her yeni g\u00fcn g\u00f6\u00e7 alan b\u00f6lgede i\u015fsizlik ve yoksulluk daha fazla artarak beraberinde bir\u00e7ok yeni sorunu getirecektir\u201d ifadelerini kulland\u0131.<br \/>\nB\u00f6lge yat\u0131r\u0131mlar\u0131n\u0131n hayata ge\u00e7irilmesi ile b\u00f6lgenin ekonomik girdisi ile birlikte refah seviyesinin y\u00fckselece\u011fini vurgulayan Ba\u015fkan Engin, \u201c\u00c7ukurova B\u00f6lgesel Havaliman\u0131, Pamukluk Baraj\u0131 ve \u00c7e\u015fmeli-Ta\u015fucu Otoyol Projesi\u2019ne daha fazla \u00f6denek ayr\u0131larak h\u0131zl\u0131 bir \u015fekilde tamamlanmas\u0131; Mersin Tarsus K\u0131y\u0131 Kesimi Turizm Projesi, Karbo\u011faz\u0131 Turizm Projesi, Ta\u015fucu Seka Liman\u0131, Mersin Ana Konteyner Liman\u0131 ve Lojistik K\u00f6ygibi projelerin hayata ge\u00e7irilmesi ile b\u00f6lgede binlerce ki\u015fi istihdam edilecek, i\u015f olanaklar\u0131 daha fazla olacak, ekonomik gelirler artacakt\u0131r\u201d \u015feklinde konu\u015ftu.<br \/>\n\u00a0<br \/>\n\u201cB\u00d6LGESEL SORUNLARIMIZIN \u00c7\u00d6Z\u00dcLMES\u0130N\u0130 BEKL\u0130YORUZ\u201d<\/p>\n<p>Merkezi gelirlerden Mersin\u2019e daha fazla \u00f6denek ayr\u0131lmas\u0131n\u0131 isteyen Ba\u015fkan Engin \u015funlar\u0131 kaydetti:<br \/>\n\u201cVergi \u00f6demelerinde T\u00fcrkiye ortalamas\u0131n\u0131n \u00fczerinde olan Mersin 6\u2019\u0131nc\u0131 s\u0131rada yer al\u0131yor. Ancak illere g\u00f6re merkezden ayr\u0131lan \u00f6deneklerde Mersin 20\u2019inci s\u0131ralarda yer al\u0131yor. Yani Mersin ba\u015fta olmak \u00fczere T\u00fcrkiye\u2019nin \u00fcretim \u00fcslerinden \u00c7ukurova verdi\u011fini geri alam\u0131yor. Ortado\u011fu ve Avrupa\u2019n\u0131n en \u00e7ok gelecek vaat eden \u00fcretim potansiyeline sahip b\u00f6lgemize yat\u0131r\u0131mlar\u0131n artt\u0131r\u0131lmas\u0131n\u0131 ve b\u00f6lgesel sorunlar\u0131m\u0131z\u0131n \u00e7\u00f6z\u00fclmesini bekliyoruz. Bu konuda kent ve b\u00f6lge yerel y\u00f6netimleri, STK\u2019lar\u0131, oda ve borsalar\u0131 tek ses olmal\u0131, \u00e7\u00f6z\u00fcm olu\u015fturulmas\u0131nda \u0131srarc\u0131 davranmal\u0131d\u0131r.\u201d<br \/>\n\u00a0<\/p>\n","protected":false},"excerpt":{"rendered":"<p>Engin: \u201cB\u00f6lgemize yat\u0131r\u0131mlar\u0131n artt\u0131r\u0131lmas\u0131n\u0131 ve b\u00f6lgesel sorunlar\u0131m\u0131z\u0131n \u00e7\u00f6z\u00fclmesini bekliyoruz. Bu konuda kent ve b\u00f6lge yerel y\u00f6netimleri, STK\u2019lar\u0131, oda ve borsalar\u0131 tek ses olmal\u0131, \u00e7\u00f6z\u00fcm olu\u015fturulmas\u0131nda \u0131srarc\u0131 davranmal\u0131d\u0131r.\u201d Mersin ve Adana\u2019n\u0131n &hellip; <a href=\"https:\/\/akdenizolaygazetesi.com\/?p=8380\" class=\"more-link\">Devam\u0131n\u0131 Oku&#8230;<\/a><\/p>\n","protected":false},"author":1,"featured_media":0,"comment_status":"open","ping_status":"open","sticky":false,"template":"","format":"standard","meta":[],"categories":[],"tags":[],"_links":{"self":[{"href":"https:\/\/akdenizolaygazetesi.com\/index.php?rest_route=\/wp\/v2\/posts\/8380"}],"collection":[{"href":"https:\/\/akdenizolaygazetesi.com\/index.php?rest_route=\/wp\/v2\/posts"}],"about":[{"href":"https:\/\/akdenizolaygazetesi.com\/index.php?rest_route=\/wp\/v2\/types\/post"}],"author":[{"embeddable":true,"href":"https:\/\/akdenizolaygazetesi.com\/index.php?rest_route=\/wp\/v2\/users\/1"}],"replies":[{"embeddable":true,"href":"https:\/\/akdenizolaygazetesi.com\/index.php?rest_route=%2Fwp%2Fv2%2Fcomments&post=8380"}],"version-history":[{"count":0,"href":"https:\/\/akdenizolaygazetesi.com\/index.php?rest_route=\/wp\/v2\/posts\/8380\/revisions"}],"wp:attachment":[{"href":"https:\/\/akdenizolaygazetesi.com\/index.php?rest_route=%2Fwp%2Fv2%2Fmedia&parent=8380"}],"wp:term":[{"taxonomy":"category","embeddable":true,"href":"https:\/\/akdenizolaygazetesi.com\/index.php?rest_route=%2Fwp%2Fv2%2Fcategories&post=8380"},{"taxonomy":"post_tag","embeddable":true,"href":"https:\/\/akdenizolaygazetesi.com\/index.php?rest_route=%2Fwp%2Fv2%2Ftags&post=8380"}],"curies":[{"name":"wp","href":"https:\/\/api.w.org\/{rel}","templated":true}]}}