{"id":8381,"date":"2020-11-04T18:28:50","date_gmt":"2020-11-04T15:28:50","guid":{"rendered":"http:\/\/mersinekonomipolitikagazetesi.com\/?p=8381"},"modified":"2020-11-04T18:28:50","modified_gmt":"2020-11-04T15:28:50","slug":"artik-yeter-saglikli-yasamak-istiyoruz","status":"publish","type":"post","link":"https:\/\/akdenizolaygazetesi.com\/?p=8381","title":{"rendered":"ARTIK YETER SA\u011eLIKLI YA\u015eAMAK \u0130ST\u0130YORUZ!"},"content":{"rendered":"<p>G\u00d6ZNEL\u0130LERDEN \u2018MERMER OCA\u011eI\u2019 PROJES\u0130NE TEPK\u0130<\/p>\n<p>G\u00f6zneliler y\u0131llard\u0131r mahallelerini toz toprak i\u00e7inde b\u0131rakan Ta\u015foca\u011f\u0131 faaliyetlerinin y\u00fcr\u00fct\u00fclmesine kar\u015f\u0131 \u00e7\u0131karken, \u015fimdi de ayn\u0131 \u015firketin \u2018Mermer Oca\u011f\u0131\u2019 projesi ile kar\u015f\u0131 kar\u015f\u0131ya kald\u0131lar. Bu sefer de mermer tozu ve topra\u011f\u0131 solumak istemediklerini dile getiren G\u00f6zneliler, \u201cYeter art\u0131k yaylam\u0131zda temiz hava solumak ve sa\u011fl\u0131kl\u0131 bir ortamda ya\u015famak istiyoruz.\u201d dediler.<\/p>\n<p>Toroslar\u2019a ba\u011fl\u0131 G\u00f6zne Mahallesi, S\u0131rtland\u0131k Tepesi Mevkiinde bulunan, 2015 y\u0131l\u0131nda 13 hektar olarak faaliyete ba\u015flayan ta\u015f oca\u011f\u0131 i\u015fletmesi \u015fimdide yine Do\u011fakan Madencilik San. Tic ve A.\u015e taraf\u0131ndan \u2018Mermer Oca\u011f\u0131\u2019 projesi ile kar\u015f\u0131 kar\u015f\u0131ya kald\u0131. Halk\u0131n Kat\u0131l\u0131m Toplant\u0131s\u0131n\u0131n yap\u0131laca\u011f\u0131 bilgisinin verildi\u011fi ve kamuoyunun bilgilendirilece\u011fi toplant\u0131 i\u00e7in vatanda\u015flar, \u2018\u2019Bizler 2015 y\u0131l\u0131ndan itibaren toz toprak soluyor ve bu toz bulutu i\u00e7erisinde ya\u015famaya \u00e7al\u0131\u015f\u0131yoruz. T\u00fcm a\u011fa\u00e7lar\u0131m\u0131z ve \u00fcretilen sebze ve meyveler de b\u00fcy\u00fck zarar g\u00f6r\u00fcyor. Bizler de Akci\u011fer kanseri olmak ve hayata veda etmek istemiyor, sadece sa\u011fl\u0131kl\u0131 bir ortamda ya\u015famak istiyoruz.\u201d dediler.<br \/>\n\u00a0<br \/>\n\u2018\u2019Halk\u0131n Kat\u0131l\u0131m Toplant\u0131s\u0131 de\u011fil, halk\u0131 kand\u0131rma toplant\u0131s\u0131!\u2019\u2019<br \/>\n\u00a0<br \/>\nG\u00f6zne\u2019de faaliyet g\u00f6steren ta\u015f oca\u011f\u0131 \u00e7al\u0131\u015fmalar\u0131na tepki g\u00f6steren vatanda\u015flar y\u00f6neticilerden destek bulamad\u0131klar\u0131n\u0131 da dile getirerek, \u201cBa\u015fta Vali olmak \u00fczere t\u00fcm kent y\u00f6neticileri, STK\u2019lar ve odalar neden bizleri en zor g\u00fcn\u00fcm\u00fczde yaln\u0131z b\u0131rak\u0131yorlar. \u2018Toz solumak istemiyoruz art\u0131k!\u2019 diyen G\u00f6zne halk\u0131n\u0131 neden g\u00f6rm\u00fcyorlar. Bizler bu kentin \u00fcvey evlad\u0131 m\u0131y\u0131z? Yap\u0131lacak toplant\u0131 Halk\u0131n Kat\u0131l\u0131m Toplant\u0131s\u0131 de\u011fil, halk\u0131 kand\u0131rma toplant\u0131s\u0131d\u0131r!\u2019\u2019 ifadelerini kulland\u0131.<br \/>\nYay\u0131mlanan duyuruda, \u201cDo\u011fakan Madencilik San. ve Tic. A.\u015e. taraf\u0131ndan, Mersin \u0130li Toroslar \u0130l\u00e7esi, G\u00f6zne Mahallesi S\u0131rtland\u0131k Tepesi mevkiinde, \u2018\u201980214 Ruhsat numaral\u0131 Mermer Oca\u011f\u0131\u2019\u2019 projesinin yap\u0131lmas\u0131 planlanmaktad\u0131r. S\u00f6z konusu proje i\u00e7in \u00c7evresel Etki De\u011ferlendirmesi (\u00c7ED) Y\u00f6netmeli\u011fininin 9. Maddesi gere\u011fince a\u015fa\u011f\u0131da belirtilen tarih ve saatte faaliyetle ilgili halk\u0131 bilgilendirmek, g\u00f6r\u00fc\u015f ve \u00f6nerilerini almak i\u00e7in 06 Ekim 2020 tarihinde saat 14:00&#8217;da U\u011frak K\u0131raathanesi&#8217;nde (Aslan\u0131n K\u0131raathanesi) \u2018Halk\u0131n Kat\u0131l\u0131m\u0131 Toplant\u0131s\u0131\u2019 yap\u0131lacakt\u0131r.\u2019\u2019 ifadeleri kullan\u0131ld\u0131.<\/p>\n","protected":false},"excerpt":{"rendered":"<p>G\u00d6ZNEL\u0130LERDEN \u2018MERMER OCA\u011eI\u2019 PROJES\u0130NE TEPK\u0130 G\u00f6zneliler y\u0131llard\u0131r mahallelerini toz toprak i\u00e7inde b\u0131rakan Ta\u015foca\u011f\u0131 faaliyetlerinin y\u00fcr\u00fct\u00fclmesine kar\u015f\u0131 \u00e7\u0131karken, \u015fimdi de ayn\u0131 \u015firketin \u2018Mermer Oca\u011f\u0131\u2019 projesi ile kar\u015f\u0131 kar\u015f\u0131ya kald\u0131lar. Bu sefer &hellip; <a href=\"https:\/\/akdenizolaygazetesi.com\/?p=8381\" class=\"more-link\">Devam\u0131n\u0131 Oku&#8230;<\/a><\/p>\n","protected":false},"author":1,"featured_media":0,"comment_status":"open","ping_status":"open","sticky":false,"template":"","format":"standard","meta":[],"categories":[],"tags":[],"_links":{"self":[{"href":"https:\/\/akdenizolaygazetesi.com\/index.php?rest_route=\/wp\/v2\/posts\/8381"}],"collection":[{"href":"https:\/\/akdenizolaygazetesi.com\/index.php?rest_route=\/wp\/v2\/posts"}],"about":[{"href":"https:\/\/akdenizolaygazetesi.com\/index.php?rest_route=\/wp\/v2\/types\/post"}],"author":[{"embeddable":true,"href":"https:\/\/akdenizolaygazetesi.com\/index.php?rest_route=\/wp\/v2\/users\/1"}],"replies":[{"embeddable":true,"href":"https:\/\/akdenizolaygazetesi.com\/index.php?rest_route=%2Fwp%2Fv2%2Fcomments&post=8381"}],"version-history":[{"count":0,"href":"https:\/\/akdenizolaygazetesi.com\/index.php?rest_route=\/wp\/v2\/posts\/8381\/revisions"}],"wp:attachment":[{"href":"https:\/\/akdenizolaygazetesi.com\/index.php?rest_route=%2Fwp%2Fv2%2Fmedia&parent=8381"}],"wp:term":[{"taxonomy":"category","embeddable":true,"href":"https:\/\/akdenizolaygazetesi.com\/index.php?rest_route=%2Fwp%2Fv2%2Fcategories&post=8381"},{"taxonomy":"post_tag","embeddable":true,"href":"https:\/\/akdenizolaygazetesi.com\/index.php?rest_route=%2Fwp%2Fv2%2Ftags&post=8381"}],"curies":[{"name":"wp","href":"https:\/\/api.w.org\/{rel}","templated":true}]}}