{"id":8389,"date":"2020-11-04T18:28:52","date_gmt":"2020-11-04T15:28:52","guid":{"rendered":"http:\/\/mersinekonomipolitikagazetesi.com\/?p=8389"},"modified":"2020-11-04T18:28:52","modified_gmt":"2020-11-04T15:28:52","slug":"bakan-kasapoglu-kibrisa-kadar-yuzen-sporcularla-bir-araya-geldi","status":"publish","type":"post","link":"https:\/\/akdenizolaygazetesi.com\/?p=8389","title":{"rendered":"Bakan Kasapo\u011flu K\u0131br\u0131s\u2019a kadar y\u00fczen sporcularla bir araya geldi"},"content":{"rendered":"<p><span style=\"line-height: 1.6em;\">\u00a0Gen\u00e7lik ve Spor Bakan\u0131 Dr. Mehmet Muharrem Kasapo\u011flu, K\u0131br\u0131s Bar\u0131\u015f Harekat\u0131\u2019n\u0131n 46. y\u0131l d\u00f6n\u00fcm\u00fc dolay\u0131s\u0131yla Mersin\u2019den K\u0131br\u0131s\u2019a kadar y\u00fczen, aralar\u0131nda \u00f6nceki d\u00f6nem Devlet Bakan\u0131 K\u00fcr\u015fat T\u00fczmen\u2019in de yer ald\u0131\u011f\u0131 \u0130stanbul Y\u0131ld\u0131zlar Y\u00fczme Kul\u00fcb\u00fc sporcular\u0131 ile bir araya geldi.\u00a0<\/span><\/p>\n<p>Gen\u00e7lik ve Spor Bakan\u0131 Dr. Mehmet Muharrem Kasapo\u011flu, K\u0131br\u0131s Bar\u0131\u015f Harekat\u0131\u2019n\u0131n 46. y\u0131l d\u00f6n\u00fcm\u00fc sebebiyle Mersin\u2019den K\u0131br\u0131s\u2019a kadar y\u00fczen aralar\u0131nda \u00f6nceki d\u00f6nem Bakan\u0131 K\u00fcr\u015fat T\u00fczmen\u2019in de yer ald\u0131\u011f\u0131 \u0130stanbul Y\u0131ld\u0131zlar Y\u00fczme Kul\u00fcb\u00fc sporcular\u0131n\u0131 makam\u0131nda kabul etti.\u00a0<br \/>\nBakan Kasapo\u011flu, 20 Temmuz\u2019da K\u0131br\u0131s Bar\u0131\u015f Harekat\u0131\u2019n\u0131n 46. y\u0131l d\u00f6n\u00fcm\u00fc sebebiyle Mersin\u2019den K\u0131br\u0131s\u2019a kula\u00e7 atan y\u00fcz\u00fcc\u00fcleri a\u011f\u0131rlamaktan b\u00fcy\u00fck mutluluk duydu\u011funu s\u00f6yledi.\u00a0<br \/>\nBakan Kasapo\u011flu, g\u00f6sterilen \u00e7aban\u0131n gen\u00e7lere \u00f6rnek te\u015fkil etmesi bakam\u0131ndan a\u00e7\u0131s\u0131ndan \u00e7ok \u00f6nemli oldu\u011funu belirterek, \u201cSporu yayma \u00e7abam\u0131z var. Sizlerin gayretleri gen\u00e7lerimize \u00f6rnek olmas\u0131 a\u00e7\u0131s\u0131ndan \u00e7ok anlaml\u0131. Rol model olmak b\u00f6yle olur. K\u00fcr\u015fat T\u00fczmen Bakan\u0131m\u0131 her g\u00f6rd\u00fc\u011f\u00fcmde ayr\u0131 bir heyecan al\u0131yorum. Sportif, entelekt\u00fcel bir ki\u015filik. \u00c7abas\u0131 bize de enerji ve motivasyon veriyor. Y\u00fczme organizasyonunun 20 Temmuz\u2019a 46. y\u0131l d\u00f6n\u00fcme denk gelmesi de apayr\u0131 bir mesaj. Burada bir adanm\u0131\u015fl\u0131k var. Sizleri gen\u00e7lerle bulu\u015fturmam\u0131z laz\u0131m. Gen\u00e7lere bu ruhu a\u015f\u0131lamam\u0131z laz\u0131m\u201d dedi.\u00a0<\/p>\n<p>\u201c\u00dclkemizde spor k\u00fclt\u00fcr\u00fcn\u00fc yayg\u0131nla\u015ft\u0131rmak i\u00e7in \u00e7aba g\u00f6steriyoruz\u201d\u00a0<br \/>\nGen\u00e7lik ve Spor Bakan\u0131 Dr. Mehmet Muharrem Kasapo\u011flu, y\u00fczme bran\u015f\u0131na \u00e7ok de\u011fer verdiklerini vurgulayarak, \u201cY\u00fczmeyi ayr\u0131 \u00f6nemsiyoruz. Y\u00fczmenin T\u00fcrkiye\u2019de \u00e7ok farkl\u0131 bir noktada olmas\u0131 laz\u0131m. Sizin gibi arkada\u015flar\u0131n say\u0131s\u0131 artmal\u0131. Bu \u00e7er\u00e7evede gayretlerimiz var. Y\u00fczme bilmeyen kalmas\u0131n projemizi ve koydu\u011fumuz 1 milyon hedefini in\u015fallah a\u015faca\u011f\u0131z. Eri\u015fimin kolay olaca\u011f\u0131 yar\u0131 olimpik havuzlar in\u015fa ediyoruz. Denizlerimizi, su kaynaklar\u0131m\u0131z\u0131 y\u00fczmeyi \u00f6\u011fretme noktas\u0131nda daha nas\u0131l etkin kullanabiliriz bunun \u00e7abas\u0131nday\u0131z\u201d diye konu\u015ftu.\u00a0<br \/>\nT\u00fcrkiye\u2019de spor k\u00fclt\u00fcr\u00fcn\u00fcn hen\u00fcz istenilen noktada olmad\u0131\u011f\u0131n\u0131 ifade eden Bakan Kasapo\u011flu,\u201d Maalesef halk\u0131m\u0131z\u0131n spor yapma al\u0131\u015fk\u0131nl\u0131\u011f\u0131, sporu g\u00fcnl\u00fck ya\u015fam\u0131n bir par\u00e7as\u0131 olarak g\u00f6rme e\u011filimi zay\u0131f. Binlerce tesisimiz var ama tesislerimiz istedi\u011fimiz oranda dolu de\u011fil. \u00c7ok da hareketsiz bir toplum de\u011filiz ama yava\u015f yava\u015f teknolojinin getirdi\u011fi imkanlarla da bunu giderme \u00e7abam\u0131z var\u201d de\u011ferlendirmesinde bulundu.\u00a0<br \/>\nG\u00f6r\u00fc\u015fmenin ard\u0131ndan \u0130stanbul Y\u0131ld\u0131zlar Y\u00fczme Kul\u00fcb\u00fc sporcular\u0131, \u00fczerinde isminin yaz\u0131l\u0131 oldu\u011fu kul\u00fcp formas\u0131n\u0131 Bakan Kasapo\u011flu\u2019na hediye etti.\u00a0<\/p>\n","protected":false},"excerpt":{"rendered":"<p>\u00a0Gen\u00e7lik ve Spor Bakan\u0131 Dr. Mehmet Muharrem Kasapo\u011flu, K\u0131br\u0131s Bar\u0131\u015f Harekat\u0131\u2019n\u0131n 46. y\u0131l d\u00f6n\u00fcm\u00fc dolay\u0131s\u0131yla Mersin\u2019den K\u0131br\u0131s\u2019a kadar y\u00fczen, aralar\u0131nda \u00f6nceki d\u00f6nem Devlet Bakan\u0131 K\u00fcr\u015fat T\u00fczmen\u2019in de yer ald\u0131\u011f\u0131 \u0130stanbul &hellip; <a href=\"https:\/\/akdenizolaygazetesi.com\/?p=8389\" class=\"more-link\">Devam\u0131n\u0131 Oku&#8230;<\/a><\/p>\n","protected":false},"author":1,"featured_media":0,"comment_status":"open","ping_status":"open","sticky":false,"template":"","format":"standard","meta":[],"categories":[],"tags":[],"_links":{"self":[{"href":"https:\/\/akdenizolaygazetesi.com\/index.php?rest_route=\/wp\/v2\/posts\/8389"}],"collection":[{"href":"https:\/\/akdenizolaygazetesi.com\/index.php?rest_route=\/wp\/v2\/posts"}],"about":[{"href":"https:\/\/akdenizolaygazetesi.com\/index.php?rest_route=\/wp\/v2\/types\/post"}],"author":[{"embeddable":true,"href":"https:\/\/akdenizolaygazetesi.com\/index.php?rest_route=\/wp\/v2\/users\/1"}],"replies":[{"embeddable":true,"href":"https:\/\/akdenizolaygazetesi.com\/index.php?rest_route=%2Fwp%2Fv2%2Fcomments&post=8389"}],"version-history":[{"count":0,"href":"https:\/\/akdenizolaygazetesi.com\/index.php?rest_route=\/wp\/v2\/posts\/8389\/revisions"}],"wp:attachment":[{"href":"https:\/\/akdenizolaygazetesi.com\/index.php?rest_route=%2Fwp%2Fv2%2Fmedia&parent=8389"}],"wp:term":[{"taxonomy":"category","embeddable":true,"href":"https:\/\/akdenizolaygazetesi.com\/index.php?rest_route=%2Fwp%2Fv2%2Fcategories&post=8389"},{"taxonomy":"post_tag","embeddable":true,"href":"https:\/\/akdenizolaygazetesi.com\/index.php?rest_route=%2Fwp%2Fv2%2Ftags&post=8389"}],"curies":[{"name":"wp","href":"https:\/\/api.w.org\/{rel}","templated":true}]}}