{"id":8390,"date":"2020-11-04T18:28:52","date_gmt":"2020-11-04T15:28:52","guid":{"rendered":"http:\/\/mersinekonomipolitikagazetesi.com\/?p=8390"},"modified":"2020-11-04T18:28:52","modified_gmt":"2020-11-04T15:28:52","slug":"baskan-secer-nergis-sogani-dagitimina-darisekisinden-basladi","status":"publish","type":"post","link":"https:\/\/akdenizolaygazetesi.com\/?p=8390","title":{"rendered":"Ba\u015fkan Se\u00e7er, nergis so\u011fan\u0131 da\u011f\u0131t\u0131m\u0131na Dar\u0131sekisi\u2019nden ba\u015flad\u0131"},"content":{"rendered":"<p><span style=\"line-height: 1.6em;\">\u00a0Mersin B\u00fcy\u00fck\u015fehir Belediye Ba\u015fkan\u0131 Vahap Se\u00e7er, Nergis So\u011fan\u0131 Da\u011f\u0131t\u0131m Projesini, merkez Toroslar il\u00e7esi Dar\u0131sekisi Mahallesinde ba\u015flatt\u0131. Bu y\u0131l 104 \u00fcreticiye da\u011f\u0131t\u0131lacak 200 bin nergis so\u011fan\u0131n\u0131n ilk etapta 115 bin 350 adedi, d\u00fczenlenen t\u00f6renle Toroslar\u2019\u0131n 4 k\u0131rsal mahallesindeki 63 \u00fcreticiye ula\u015ft\u0131r\u0131ld\u0131. Ba\u015fkan Se\u00e7er, proje kapsam\u0131nda ilk y\u0131l i\u00e7in gelir beklentisinin 180 bin lira oldu\u011funu s\u00f6yledi.\u00a0<\/span><\/p>\n<p>Mersin B\u00fcy\u00fck\u015fehir Belediye Ba\u015fkan\u0131 Vahap Se\u00e7er, \u00fcreticiye can suyu olan tar\u0131msal alandaki desteklerini Nergis So\u011fan\u0131 Da\u011f\u0131t\u0131m Projesi ile s\u00fcrd\u00fcr\u00fcyor. B\u00fcy\u00fck\u015fehir Belediyesi Tar\u0131msal ve Veteriner Hizmetleri Dairesi Ba\u015fkanl\u0131\u011f\u0131n\u0131n y\u00fcr\u00fctt\u00fc\u011f\u00fc proje kapsam\u0131nda 104 \u00fcreticiye ula\u015ft\u0131r\u0131lacak 200 bin nergis so\u011fan\u0131n\u0131n ilk etap da\u011f\u0131t\u0131m\u0131, B\u00fcy\u00fck\u015fehir Belediye Ba\u015fkan\u0131 Se\u00e7er ve Mersinden Kad\u0131n Kooperatifi Ba\u015fkan\u0131 Meral Se\u00e7er\u2019in kat\u0131l\u0131m\u0131yla Toroslar il\u00e7esine ba\u011fl\u0131 Dar\u0131sekisi Mahallesinde ba\u015flad\u0131.\u00a0<\/p>\n<p>\u201c\u00c7ok g\u00fczel i\u015fler yapacaklar\u0131na can\u0131 g\u00f6n\u00fclden inan\u0131yorum\u201d\u00a0<br \/>\nMersinden Kad\u0131n Kooperatifi taraf\u0131ndan \u00fcretim alan\u0131na d\u00f6n\u00fc\u015ft\u00fcr\u00fclecek Dar\u0131sekisi Mahallesinin eski k\u00f6y okulu bah\u00e7esinde d\u00fczenlenen t\u00f6rende yapt\u0131\u011f\u0131 konu\u015fmada, da\u011f\u0131t\u0131m\u0131n Dar\u0131sekisi\u2019nde ger\u00e7ekle\u015fmesinin, kad\u0131nlar\u0131n \u00fcretime dahil olmas\u0131 noktas\u0131nda ayr\u0131 bir \u00f6neme sahip oldu\u011funu s\u00f6yledi. B\u00fcy\u00fck\u015fehir Belediyesinin katk\u0131s\u0131, Mersinden Kad\u0131n Kooperatifinin eme\u011fi ve muhtarlar\u0131n \u00e7abas\u0131yla Dar\u0131sekisi\u2019nin \u00f6rnek bir k\u00f6y h\u00fcviyetine kavu\u015faca\u011f\u0131n\u0131 belirten Se\u00e7er, bu noktada b\u00f6lgenin do\u011fal yap\u0131s\u0131 ve kad\u0131n eme\u011fiyle ortaya \u00e7\u0131kacak \u00fcretimlerin b\u00f6lgeye \u00f6rnek olaca\u011f\u0131n\u0131 vurgulad\u0131.\u00a0<br \/>\n\u00dcretim olmazsa ya\u015fam\u0131n da olmayaca\u011f\u0131n\u0131 kaydeden Se\u00e7er, Dar\u0131sekisi Mahallesindeki okulu Mersinden Kad\u0131n Kooperatifinin bir \u00fcretim alan\u0131na d\u00f6n\u00fc\u015ft\u00fcrece\u011fini ve kad\u0131nlar\u0131n buralarda yeni \u015feyler \u00f6\u011frenece\u011fini s\u00f6yledi. Mersin Valili\u011finden \u0130l Milli E\u011fitim M\u00fcd\u00fcrl\u00fc\u011f\u00fcne kadar bir\u00e7ok kurumun bu noktada katk\u0131 sundu\u011funu ifade eden Se\u00e7er, \u201cOkul tahsis edildi ve Mersinden Kad\u0131n Kooperatifinin bizlerin de na\u00e7izane deste\u011fi ile k\u00f6yl\u00fc kad\u0131nlar\u0131m\u0131zla beraber burada \u00e7ok g\u00fczel i\u015fler yapacaklar\u0131na can\u0131 g\u00f6n\u00fclden inan\u0131yorum\u201d dedi.\u00a0<\/p>\n<p>\u201cM\u00fcmk\u00fcn oldu\u011funca pozitif ayr\u0131mc\u0131l\u0131k yap\u0131yorum\u201d\u00a0<br \/>\nKad\u0131nlar\u0131n her alanda aktif rol almas\u0131n\u0131 \u00e7ok \u00f6nemsediklerini dile getiren Se\u00e7er, g\u00f6reve ilk geldi\u011finde B\u00fcy\u00fck\u015fehir Belediyesi b\u00fcnyesinde \u00e7al\u0131\u015fan kad\u0131n say\u0131s\u0131n\u0131n y\u00fczde 17-18 civar\u0131nda oldu\u011funu, kad\u0131nlara pozitif ayr\u0131mc\u0131l\u0131k sa\u011flayarak bu oran\u0131 y\u00fczde 23\u2019e \u00e7\u0131kard\u0131klar\u0131n\u0131 s\u00f6yledi. Ba\u015fkan Se\u00e7er, kad\u0131nlara verdikleri \u00f6nemin ba\u015flang\u0131\u00e7 noktas\u0131n\u0131n da Kad\u0131n ve Aile Hizmetleri Dairesi Ba\u015fkanl\u0131\u011f\u0131n\u0131 kurmak oldu\u011funu anlatt\u0131.\u00a0<br \/>\nHalen B\u00fcy\u00fck\u015fehir Belediyesindeki daire ba\u015fkanlar\u0131n\u0131n 9\u2019unun kad\u0131nlardan olu\u015ftu\u011funu belirten Se\u00e7er, \u201cMakine \u0130kmal\u2019de bir kad\u0131n daire ba\u015fkan\u0131m\u0131z var. Yani arabalar\u0131n tamirat\u0131n\u0131, sevk ve idaresini yapan birimin ba\u015fkan\u0131 kad\u0131n. Parklar\u0131, bah\u00e7eleri g\u00fczelle\u015ftiren kad\u0131n. Onlar sahada \u00e7al\u0131\u015f\u0131yor. Hukuk i\u015flerinde kad\u0131n, yaz\u0131 i\u015flerinde kad\u0131n, her alanda kad\u0131nlar var. Her meslek alan\u0131nda etkili, yetkili kad\u0131nlar\u0131m\u0131z var. Ben m\u00fcmk\u00fcn oldu\u011funca pozitif ayr\u0131mc\u0131l\u0131k yap\u0131yorum. Bu anayasada bir h\u00fck\u00fcmd\u00fcr, kad\u0131nlara pozitif ayr\u0131mc\u0131l\u0131k ama biz istiyoruz ki, b\u0131rak\u0131n anayasay\u0131, yasay\u0131, olmas\u0131 gereken bu ve bunlar\u0131 da ger\u00e7ekle\u015ftiriyoruz\u201d diye konu\u015ftu.\u00a0<\/p>\n<p>\u201cKad\u0131nlar\u0131m\u0131z\u0131n yarar\u0131na her t\u00fcrl\u00fc projeye destek olmaya haz\u0131r\u0131z\u201d\u00a0<br \/>\nKad\u0131nlar\u0131n hayat\u0131n her alan\u0131nda aktif rol almas\u0131na y\u00f6nelik bir\u00e7ok etkinli\u011fin alt\u0131na imza atman\u0131n gurunu ya\u015fad\u0131klar\u0131n\u0131 da belirten Se\u00e7er, \u201cBu bir kooperatiftir, bu kendi \u00e7al\u0131\u015fmalar\u0131m\u0131zd\u0131r, bir ba\u015fka sivil toplum \u00f6rg\u00fct\u00fcn\u00fcn \u00e7al\u0131\u015fmalar\u0131d\u0131r. Kad\u0131nlar\u0131m\u0131z\u0131n oldu\u011fu her yerde, topluma d\u00f6n\u00fck, toplumun faydas\u0131na, kad\u0131nlar\u0131m\u0131z\u0131n yarar\u0131na, onlar\u0131n hayat\u0131n\u0131 kolayla\u015ft\u0131racak her t\u00fcrl\u00fc projeye destek olmaya Mersin B\u00fcy\u00fck\u015fehir Belediyesi olarak haz\u0131r\u0131z. Bundan hi\u00e7 imtina etmeyiz\u201d ifadelerini kulland\u0131.\u00a0<\/p>\n<p>\u201cDaha fazla \u00fcretim, daha fazla k\u00f6ylere ra\u011fbet olsun\u201d\u00a0<br \/>\nBa\u015fkan Se\u00e7er, \u00f6nemli bir \u00fcretim alan\u0131 olan k\u0131rsal mahallelerin sosyal alanlar\u0131 g\u00fc\u00e7l\u00fc b\u00f6lgelere de d\u00f6n\u00fc\u015ft\u00fcr\u00fclmesi gerekti\u011fini kaydederek, \u201cDaha fazla \u00fcretim, daha fazla k\u00f6ylere ra\u011fbet olsun. \u0130nsanlar do\u011fdu\u011fu yerde doysun istiyoruz. Merkeze, \u015fehre g\u00f6\u00e7 olmas\u0131n. Orada kals\u0131n, orada \u00fcretsin. Ama sadece orada \u00fcretmekle kalmas\u0131n orada da ya\u015fam\u0131n\u0131 cazip hale getirelim. Bir sosyal alan olsun. Kad\u0131nlar\u0131n bir araya gelebilece\u011fi bir alan olsun. \u00c7ocuklar\u0131n oynayabilece\u011fi oyun parklar\u0131 olsun. K\u00f6y dedi\u011finizi b\u00f6yle hayal edin\u201d dedi.\u00a0<\/p>\n<p>\u201cToplam 63 \u00fcreticimiz bundan faydalanacak\u201d\u00a0<br \/>\nTar\u0131msal \u00fcretime verdikleri desteklerden birisinin de nergis so\u011fan\u0131 da\u011f\u0131t\u0131m\u0131 oldu\u011funu s\u00f6yleyen Se\u00e7er, bu da\u011f\u0131t\u0131mlar\u0131 y\u00fczde 90 hibeyle ger\u00e7ekle\u015ftirdiklerini kaydetti. Y\u00fczde 10\u2019luk \u00fcretici katk\u0131s\u0131na yer vermelerinin sebebini a\u00e7\u0131klayan Se\u00e7er, daha \u00f6ncesinde bedava verilen fidelerin \u00e7\u00fcr\u00fcmeye terk edildi\u011fi y\u00f6n\u00fcnde kendisine bilgiler aktar\u0131ld\u0131\u011f\u0131n\u0131 s\u00f6yledi. Se\u00e7er, \u201c100 liran\u0131n 90&#8217;\u0131n\u0131 veren belediye 10 liras\u0131n\u0131 veremez mi diye akl\u0131n\u0131za gelebilir. De\u011feri olsun. Cebinizden para \u00e7\u0131k\u0131yor. Sahiplenin istiyoruz\u201d diye konu\u015ftu.\u00a0<br \/>\nBa\u015fkan Se\u00e7er, nergis so\u011fan\u0131n\u0131n k\u0131ra\u00e7 araziler i\u00e7in iyi bir \u00fcretim kalemi oldu\u011funa da dikkat \u00e7ekti. Se\u00e7er, \u201cNergis So\u011fan\u0131 Da\u011f\u0131t\u0131m Projesi\u201d kapsam\u0131nda bu y\u0131l Toroslar ve Tarsuslu \u00fcreticilere toplam 200 bin nergis so\u011fan\u0131 da\u011f\u0131tacaklar\u0131n\u0131 kaydetti. \u0130lk y\u0131lki \u00fcretimde 180 bin lira gelir beklentisi oldu\u011funu belirten Se\u00e7er, \u201c\u0130kinci y\u0131l bu iki kat\u0131na, \u00fc\u00e7\u00fcnc\u00fc y\u0131l d\u00f6rt kat\u0131na \u00e7\u0131k\u0131yor. Burada toplam 63 \u00fcreticimiz bundan faydalanacak. Tarsus&#8217;ta da 41 \u00fcreticimize 85 bin so\u011fan da\u011f\u0131taca\u011f\u0131z. Burada Dar\u0131sekisi, \u00c7elebili, K\u0131z\u0131lkaya ve Kerimler bundan yararlanacak. \u0130n\u015fallah \u00e7ok daha geni\u015f bir b\u00f6lgeye nergis so\u011fan\u0131 ya da farkl\u0131 bitkiler, aromatik bitkiler, t\u0131bbi bitkiler, \u00e7ok farkl\u0131 yeni \u00fcretim \u00e7al\u0131\u015fmalar\u0131n\u0131 hep beraber yapar\u0131z diye d\u00fc\u015f\u00fcn\u00fcyorum\u201d \u015feklinde konu\u015ftu.\u00a0<br \/>\nSe\u00e7er, \u201cHadi Gel K\u00f6y\u00fcm\u00fcze Destek Verelim Projesi\u201d kapsam\u0131nda 60 aileye toplam bin 500 k\u00fc\u00e7\u00fckba\u015f hayvan da\u011f\u0131t\u0131m\u0131 ger\u00e7ekle\u015ftirdiklerini, 60 ailedeki muhatap olduklar\u0131 27 ki\u015finin kad\u0131nlardan olu\u015ftu\u011funu dile getirdi. S\u00fcrd\u00fcr\u00fclebilir ve sonu\u00e7 al\u0131nabilecek destekler sa\u011flad\u0131klar\u0131n\u0131 s\u00f6yleyen Se\u00e7er, Tarsus\u2019ta incir \u00fcreticilerine 12 bin 500 incir fidan\u0131 da\u011f\u0131tt\u0131klar\u0131n\u0131 belirtti. Ayr\u0131ca bu y\u0131l da\u011f\u0131tt\u0131klar\u0131 100 bin lavanta fidesini gelecek y\u0131l 250 bine \u00e7\u0131kartacaklar\u0131n\u0131 anlatan Se\u00e7er, fide ve fidanlar\u0131 y\u00f6resel olarak b\u00f6lgelere g\u00f6re da\u011f\u0131tt\u0131klar\u0131n\u0131 belirtti. Se\u00e7er, Toroslar il\u00e7esinde 2021 y\u0131l\u0131 i\u00e7erisinde y\u00fczde 50 hibeyle kivi fidan\u0131 da\u011f\u0131tacaklar\u0131n\u0131 da s\u00f6yledi. Tarlalar\u0131n suyla bulu\u015fmas\u0131n\u0131n \u00f6nemli oldu\u011funu da kaydeden Ba\u015fkan Se\u00e7er, bu sene da\u011f\u0131t\u0131lan 60 kilometre sulama borusunu gelecek y\u0131l 100 kilometreye \u00e7\u0131kartacaklar\u0131n\u0131 ifade etti.\u00a0<\/p>\n<p>\u201cTopland\u0131\u011f\u0131m\u0131z bu yerin bizim i\u00e7in \u00e7ok \u00f6nemi var\u201d\u00a0<br \/>\nMersinden Kad\u0131n Kooperatifi Ba\u015fkan\u0131 Meral Se\u00e7er de yapt\u0131\u011f\u0131 konu\u015fmada, Dar\u0131sekisi Mahallesiyle bir dizi temas kurduklar\u0131n\u0131 ve mahalledeki eski bir k\u00f6y okulunun kad\u0131nlar\u0131n \u00fcretim \u00e7al\u0131\u015fmalar\u0131 i\u00e7in de\u011ferlendirilece\u011fini belirtti. Se\u00e7er, \u201cBu b\u00f6lgemizde bir y\u00f6re k\u00fclt\u00fcr\u00fc var. Burada bu k\u00fclt\u00fcr\u00fcn yayg\u0131nla\u015fmas\u0131, nesilden nesle aktar\u0131lmas\u0131na \u00e7ok \u00f6nem veriyoruz. Y\u00f6re k\u00fclt\u00fcr\u00fcn\u00fcn gerek k\u00fclt\u00fcrel anlamda gerek ekonomik anlamda insanlara kataca\u011f\u0131 \u00e7ok \u015fey olaca\u011f\u0131n\u0131 biliyoruz. Bu alanda toplanmam\u0131z\u0131n sebebi, \u00e7ok k\u0131ymetli bir \u00e7al\u0131\u015fma yap\u0131lm\u0131\u015f. Mersin B\u00fcy\u00fck\u015fehir Belediyesine te\u015fekk\u00fcr ediyoruz, nergis so\u011fan\u0131 da\u011f\u0131t\u0131m\u0131 yap\u0131yorlar. Ama topland\u0131\u011f\u0131m\u0131z bu yerin ayr\u0131ca bizim i\u00e7in \u00e7ok \u00f6nemi var. Buras\u0131 Dar\u0131sekisi\u2019ne ba\u011fl\u0131 muhtarl\u0131\u011f\u0131m\u0131za ve bizim kooperatif olarak kullanmam\u0131za tahsis edilmi\u015f bir k\u00f6y okulumuz\u201d dedi.\u00a0<\/p>\n<p>\u201c\u00c7ok yak\u0131n bir s\u00fcrede faaliyete ge\u00e7ecek\u201d\u00a0<br \/>\nMeral Se\u00e7er, b\u00f6lgedeki kad\u0131nlar\u0131n istek ve azimlerinin projenin h\u0131zl\u0131 bir \u015fekilde hayata ge\u00e7irilmesini tetikledi\u011fini vurgulayarak, \u015funlar\u0131 s\u00f6yledi:\u00a0<br \/>\n\u201cDar\u0131sekisi\u2019nde yapmak istedi\u011fimiz proje, bu b\u00f6lgenin sosyal, k\u00fclt\u00fcrel ve ekonomik alanda geli\u015fmesini sa\u011flamak veya geli\u015fmesine katk\u0131da bulunmak. Bu ama\u00e7la Mersin B\u00fcy\u00fck\u015fehir Belediyemizin tam deste\u011fi ile bu alan\u0131n sosyal, k\u00fclt\u00fcrel, ekonomik alanda b\u00f6lgeye katk\u0131 verecek e\u011fitim ve \u00fcretim at\u00f6lyelerine d\u00f6n\u00fc\u015ft\u00fcr\u00fclmesine karar verildi. Uzun s\u00fcredir \u00e7al\u0131\u015f\u0131yoruz. Sizler de bu projede neler olacak diye merak ediyorsunuzdur. Bug\u00fcn bir noktada start\u0131n\u0131 veriyoruz \u00e7\u00fcnk\u00fc buran\u0131n t\u00fcm projelerini yapt\u0131k, haz\u0131rland\u0131. Yap\u0131m\u0131n\u0131 Mersin B\u00fcy\u00fck\u015fehir Belediyesi \u00fcstlendi ve \u00e7ok yak\u0131n bir s\u00fcrede faaliyete ge\u00e7ecek. Bu alanda \u00e7al\u0131\u015fmalarda kad\u0131nlar\u0131m\u0131zla birlikte pek \u00e7ok g\u00f6r\u00fc\u015fmeler yapt\u0131k.\u201d\u00a0<br \/>\nDar\u0131sekisi\u2019nde yap\u0131lacak \u00e7al\u0131\u015fmalar\u0131n b\u00f6lgenin tan\u0131t\u0131m\u0131na da katk\u0131 sunaca\u011f\u0131n\u0131 vurgulayan Meral Se\u00e7er, \u201cBurada proje yap\u0131labilir, kooperatif olarak destek veririz. Mersin B\u00fcy\u00fck\u015fehir Belediyesi t\u00fcm birimleri ile destek verir ama bu projeyi y\u00f6re olarak sahiplenirseniz en k\u0131sa zamanda bu b\u00f6lgenin tan\u0131n\u0131rl\u0131\u011f\u0131n\u0131, \u00fcretilen \u00fcr\u00fcnlerin de \u00fclkemizde, hatta yurt d\u0131\u015f\u0131nda bile tan\u0131n\u0131rl\u0131\u011f\u0131n\u0131 sa\u011flayabiliriz\u201d diye konu\u015ftu.\u00a0<\/p>\n","protected":false},"excerpt":{"rendered":"<p>\u00a0Mersin B\u00fcy\u00fck\u015fehir Belediye Ba\u015fkan\u0131 Vahap Se\u00e7er, Nergis So\u011fan\u0131 Da\u011f\u0131t\u0131m Projesini, merkez Toroslar il\u00e7esi Dar\u0131sekisi Mahallesinde ba\u015flatt\u0131. Bu y\u0131l 104 \u00fcreticiye da\u011f\u0131t\u0131lacak 200 bin nergis so\u011fan\u0131n\u0131n ilk etapta 115 bin 350 &hellip; <a href=\"https:\/\/akdenizolaygazetesi.com\/?p=8390\" class=\"more-link\">Devam\u0131n\u0131 Oku&#8230;<\/a><\/p>\n","protected":false},"author":1,"featured_media":0,"comment_status":"open","ping_status":"open","sticky":false,"template":"","format":"standard","meta":[],"categories":[],"tags":[],"_links":{"self":[{"href":"https:\/\/akdenizolaygazetesi.com\/index.php?rest_route=\/wp\/v2\/posts\/8390"}],"collection":[{"href":"https:\/\/akdenizolaygazetesi.com\/index.php?rest_route=\/wp\/v2\/posts"}],"about":[{"href":"https:\/\/akdenizolaygazetesi.com\/index.php?rest_route=\/wp\/v2\/types\/post"}],"author":[{"embeddable":true,"href":"https:\/\/akdenizolaygazetesi.com\/index.php?rest_route=\/wp\/v2\/users\/1"}],"replies":[{"embeddable":true,"href":"https:\/\/akdenizolaygazetesi.com\/index.php?rest_route=%2Fwp%2Fv2%2Fcomments&post=8390"}],"version-history":[{"count":0,"href":"https:\/\/akdenizolaygazetesi.com\/index.php?rest_route=\/wp\/v2\/posts\/8390\/revisions"}],"wp:attachment":[{"href":"https:\/\/akdenizolaygazetesi.com\/index.php?rest_route=%2Fwp%2Fv2%2Fmedia&parent=8390"}],"wp:term":[{"taxonomy":"category","embeddable":true,"href":"https:\/\/akdenizolaygazetesi.com\/index.php?rest_route=%2Fwp%2Fv2%2Fcategories&post=8390"},{"taxonomy":"post_tag","embeddable":true,"href":"https:\/\/akdenizolaygazetesi.com\/index.php?rest_route=%2Fwp%2Fv2%2Ftags&post=8390"}],"curies":[{"name":"wp","href":"https:\/\/api.w.org\/{rel}","templated":true}]}}