{"id":8393,"date":"2020-11-04T18:28:52","date_gmt":"2020-11-04T15:28:52","guid":{"rendered":"http:\/\/mersinekonomipolitikagazetesi.com\/?p=8393"},"modified":"2020-11-04T18:28:52","modified_gmt":"2020-11-04T15:28:52","slug":"toroslar-hafta-sonu-doga-tutkunlarini-agirlayacak","status":"publish","type":"post","link":"https:\/\/akdenizolaygazetesi.com\/?p=8393","title":{"rendered":"TOROSLAR, HAFTA SONU DO\u011eA TUTKUNLARINI A\u011eIRLAYACAK"},"content":{"rendered":"<p>Toroslar Belediyesi, Avrupa Spor Haftas\u0131 ve 27 Eyl\u00fcl D\u00fcnya Turizm G\u00fcn\u00fc kapsam\u0131nda Do\u011fa Y\u00fcr\u00fcy\u00fc\u015f\u00fc d\u00fczenliyor.\u00a0<br \/>\nMersinliler, 27 Eyl\u00fcl 2020 Pazar g\u00fcn\u00fc Ayvagedi\u011fi&#8217;nden \u00c7and\u0131r Mahallesi&#8217;ne e\u015fsiz do\u011fa manzaras\u0131 e\u015fli\u011finde y\u00fcr\u00fcyecek.\u00a0<br \/>\nSaat 10.00&#8217;da Ayvagedi\u011fi Mahallesi merkezinden ba\u015flayacak olan y\u00fcr\u00fcy\u00fc\u015f i\u00e7in belediye, saat 09.00&#8217;da Toroslar Belediyesi \u00a0hizmet binas\u0131 \u00f6n\u00fc, Toroslar Kaymakaml\u0131\u011f\u0131 \u00f6n\u00fc ve eski Devlet Hastanesi kar\u015f\u0131s\u0131ndan \u00fccretsiz servis imkan\u0131 da sa\u011flayacak.\u00a0<br \/>\nCovid-19 tedbirleri kapsam\u0131nda \u00a0sosyal mesafeye uyularak ger\u00e7ekle\u015fecek do\u011fa y\u00fcr\u00fcy\u00fc\u015f\u00fcne kat\u0131lmak isteyenler, Toroslar Belediyesi&#8217;nin; www.toroslar-bld.gov.tr web adresinden \u00a0duyurular b\u00f6l\u00fcm\u00fcn\u00fc t\u0131klayarak kay\u0131tlar\u0131n\u0131 yapt\u0131rabilirler.\u00a0<br \/>\nToroslar Belediye Ba\u015fkan\u0131 Ats\u0131z Af\u015f\u0131n Y\u0131lmaz, hem Toroslar&#8217;\u0131n tarihi ve do\u011fal g\u00fczelliklerini ke\u015ffetme hem de sa\u011fl\u0131kl\u0131 ya\u015fam ve spor al\u0131\u015fkanl\u0131\u011f\u0131 kazand\u0131rmak amac\u0131yla farkl\u0131 parkurlarda d\u00fczenledikleri do\u011fa y\u00fcr\u00fcy\u00fc\u015flerini, Avrupa Spor Haftas\u0131 ve 27 Eyl\u00fcl D\u00fcnya Turizm G\u00fcn\u00fc&#8217;nde de ger\u00e7ekle\u015ftireceklerini s\u00f6yledi.<br \/>\nAyvagedi\u011fi&#8217;nden \u00c7and\u0131r Mahallesi&#8217;ne d\u00fczenleyecekleri do\u011fa y\u00fcr\u00fcy\u00fc\u015f\u00fcne hem\u015fehrilerini davet eden Ba\u015fkan Y\u0131lmaz; &#8220;Do\u011fal g\u00fczellikleri ve tarihi yap\u0131s\u0131yla da ziyaret\u00e7ilerin ilgi oda\u011f\u0131 olan yaylar\u0131m\u0131zda k\u00fclt\u00fcrel aktivitelerimizi ve organizasyonlar\u0131m\u0131z\u0131 daha da \u00f6n plana \u00e7\u0131karaca\u011f\u0131z. Bu kapsamda do\u011fa y\u00fcr\u00fcy\u00fc\u015flerimizi s\u00fcrd\u00fcr\u00fcyoruz. \u0130l\u00e7emizin k\u00fclt\u00fcrel de\u011ferlerini daha \u00e7ok insan\u0131m\u0131z\u0131n g\u00f6rmesini ve tan\u0131malar\u0131n\u0131 istiyoruz&#8221; diye konu\u015ftu.<br \/>\n\u00a0<br \/>\n27 Eyl\u00fcl D\u00fcnya Turizm G\u00fcn\u00fc dolay\u0131s\u0131yla da bir mesaj yay\u0131nlayan Toroslar Belediye Ba\u015fkan\u0131 Ats\u0131z Af\u015f\u0131n Y\u0131lmaz, turizmin en b\u00fcy\u00fck sermayesinin do\u011fal ve tarihi zenginlik ile k\u00fclt\u00fcrel de\u011ferler oldu\u011funu belirterek; &#8220;Deniz, do\u011fa, tarih ve k\u00fclt\u00fcrel miras anlam\u0131nda Mersinimiz, m\u00fckemmel bir turizm potansiyeline sahip. Bu de\u011ferleri korumak ve gelecek nesillere aktarmak en b\u00fcy\u00fck sorumlulu\u011fumuzdur&#8221; dedi.\u00a0<br \/>\nMersin ve \u00c7evresi Turizm Alan\u0131 Alt Yap\u0131 Hizmet Birli\u011fi (METAB) Ba\u015fkan\u0131 da olan Ba\u015fkan Y\u0131lmaz; &#8220;Kentimizin ve \u00fclkemizin tan\u0131t\u0131m\u0131na katk\u0131 sunan bir bilin\u00e7le \u00e7al\u0131\u015fmalar\u0131m\u0131z\u0131 s\u00fcrd\u00fcr\u00fcyoruz. Hedef koydu\u011fumuz bu \u00e7al\u0131\u015fmalar\u0131m\u0131zla sevginin ve ho\u015fg\u00f6r\u00fcn\u00fcn kenti Mersinimiz, yerli ve yabanc\u0131 misafirlerin en g\u00fczel g\u00fcnlerini ge\u00e7irece\u011fi \u015fehir olmaya devam edecektir&#8221; ifadelerini kulland\u0131.\u00a0<br \/>\n\u00a0<\/p>\n","protected":false},"excerpt":{"rendered":"<p>Toroslar Belediyesi, Avrupa Spor Haftas\u0131 ve 27 Eyl\u00fcl D\u00fcnya Turizm G\u00fcn\u00fc kapsam\u0131nda Do\u011fa Y\u00fcr\u00fcy\u00fc\u015f\u00fc d\u00fczenliyor.\u00a0 Mersinliler, 27 Eyl\u00fcl 2020 Pazar g\u00fcn\u00fc Ayvagedi\u011fi&#8217;nden \u00c7and\u0131r Mahallesi&#8217;ne e\u015fsiz do\u011fa manzaras\u0131 e\u015fli\u011finde y\u00fcr\u00fcyecek.\u00a0 Saat &hellip; <a href=\"https:\/\/akdenizolaygazetesi.com\/?p=8393\" class=\"more-link\">Devam\u0131n\u0131 Oku&#8230;<\/a><\/p>\n","protected":false},"author":1,"featured_media":0,"comment_status":"open","ping_status":"open","sticky":false,"template":"","format":"standard","meta":[],"categories":[],"tags":[],"_links":{"self":[{"href":"https:\/\/akdenizolaygazetesi.com\/index.php?rest_route=\/wp\/v2\/posts\/8393"}],"collection":[{"href":"https:\/\/akdenizolaygazetesi.com\/index.php?rest_route=\/wp\/v2\/posts"}],"about":[{"href":"https:\/\/akdenizolaygazetesi.com\/index.php?rest_route=\/wp\/v2\/types\/post"}],"author":[{"embeddable":true,"href":"https:\/\/akdenizolaygazetesi.com\/index.php?rest_route=\/wp\/v2\/users\/1"}],"replies":[{"embeddable":true,"href":"https:\/\/akdenizolaygazetesi.com\/index.php?rest_route=%2Fwp%2Fv2%2Fcomments&post=8393"}],"version-history":[{"count":0,"href":"https:\/\/akdenizolaygazetesi.com\/index.php?rest_route=\/wp\/v2\/posts\/8393\/revisions"}],"wp:attachment":[{"href":"https:\/\/akdenizolaygazetesi.com\/index.php?rest_route=%2Fwp%2Fv2%2Fmedia&parent=8393"}],"wp:term":[{"taxonomy":"category","embeddable":true,"href":"https:\/\/akdenizolaygazetesi.com\/index.php?rest_route=%2Fwp%2Fv2%2Fcategories&post=8393"},{"taxonomy":"post_tag","embeddable":true,"href":"https:\/\/akdenizolaygazetesi.com\/index.php?rest_route=%2Fwp%2Fv2%2Ftags&post=8393"}],"curies":[{"name":"wp","href":"https:\/\/api.w.org\/{rel}","templated":true}]}}