{"id":8394,"date":"2020-11-04T18:28:52","date_gmt":"2020-11-04T15:28:52","guid":{"rendered":"http:\/\/mersinekonomipolitikagazetesi.com\/?p=8394"},"modified":"2020-11-04T18:28:52","modified_gmt":"2020-11-04T15:28:52","slug":"80-yasindaki-emis-teyzenin-su-hasreti-sona-erdi","status":"publish","type":"post","link":"https:\/\/akdenizolaygazetesi.com\/?p=8394","title":{"rendered":"80 ya\u015f\u0131ndaki Emi\u015f teyzenin su hasreti sona erdi"},"content":{"rendered":"<p>Mersin B\u00fcy\u00fck\u015fehir Belediyesi Mersin Su ve Kanalizasyon \u0130daresi (MESK\u0130) Genel M\u00fcd\u00fcrl\u00fc\u011f\u00fc Ayd\u0131nc\u0131k \u015eube M\u00fcd\u00fcrl\u00fc\u011f\u00fc ekipleri taraf\u0131ndan d\u00f6\u015fenen ve yenilenen i\u00e7me suyu hatt\u0131yla Pembecik K\u00f6y\u00fcnde yaln\u0131z ya\u015fayan ve engebeli arazide kovalarla evine su ta\u015f\u0131yan 80 ya\u015f\u0131ndaki Emi\u015f \u00c7atal, uzun zamand\u0131r hasretini \u00e7ekti\u011fi i\u00e7me suyuna kavu\u015ftu.<br \/>\n\u00a0<br \/>\nMESK\u0130 Genel M\u00fcd\u00fcrl\u00fc\u011f\u00fcnden yap\u0131lan a\u00e7\u0131klamaya g\u00f6re, Ayd\u0131nc\u0131k il\u00e7esine ba\u011fl\u0131 y\u00fcksek rak\u0131ml\u0131 Pembecik K\u00f6y\u00fcnde yaln\u0131z ya\u015fayan 80 ya\u015f\u0131ndaki Emi\u015f teyzenin muslu\u011fundan su akm\u0131yordu. Da\u011fl\u0131k bir arazide uzun ve zorlu bir y\u00fcr\u00fcy\u00fc\u015f sonras\u0131 kovalarla evine su ta\u015f\u0131yan Emi\u015f \u00c7atal\u2019\u0131n durumunu haber alan Ayd\u0131nc\u0131k \u015eube M\u00fcd\u00fcrl\u00fc\u011f\u00fc yetkilileri, zaman kaybetmeden m\u00fcdahalede bulunarak, yeni i\u00e7me suyu hatt\u0131 d\u00f6\u015fedi. MESK\u0130 ekipleri, ekonomik \u00f6mr\u00fcn\u00fc tamamlayan ve s\u0131k s\u0131k patlaklar ya\u015fanan i\u00e7me suyu hatt\u0131n\u0131 da yenileyerek, en yak\u0131n i\u00e7me suyu hatt\u0131ndan muslu\u011fa kadar Emi\u015f teyzeye i\u00e7me suyu ula\u015ft\u0131rd\u0131. B\u00f6lgede bulunan i\u00e7me suyu hatt\u0131na giderek, kovalar ve plastik \u015fi\u015feler yard\u0131m\u0131yla evine su ta\u015f\u0131mak zorunda kalan Emi\u015f teyzenin su s\u0131k\u0131nt\u0131s\u0131, MESK\u0130 yetkilileri taraf\u0131ndan d\u00f6\u015fenen ve yenilenen hatla \u00e7\u00f6z\u00fcld\u00fc.\u00a0<br \/>\nEmi\u015f \u00c7atal\u2019\u0131n durumuna Mersin B\u00fcy\u00fck\u015fehir Belediyesi Sosyal Hizmetler Daire Ba\u015fkanl\u0131\u011f\u0131 da kay\u0131ts\u0131z kalmad\u0131. Emi\u015f teyzeye g\u0131da kolisi yard\u0131m\u0131nda bulunan ekipler, kendisinin Halkkart ba\u015fvurusunu da ald\u0131. Emi\u015f teyzenin bak\u0131ms\u0131z kalan evi i\u00e7in de gerekli tadilat \u00e7al\u0131\u015fmalar\u0131na ba\u015flanacak.\u00a0<\/p>\n<p>\u201cMutluyum, \u00e7ok \u015f\u00fck\u00fcr suyum ak\u0131yor\u201d<br \/>\n\u00a0<br \/>\nMersin B\u00fcy\u00fck\u015fehir Belediye Ba\u015fkan\u0131 Vahap Se\u00e7er\u2019e ve MESK\u0130 yetkililerine te\u015fekk\u00fcr eden ve iyi dileklerini ileten Emi\u015f teyze, \u201c80 ya\u015f\u0131nday\u0131m. Burada yaln\u0131z ya\u015f\u0131yorum, kocam \u00f6ld\u00fckten sonra k\u00f6y\u00fcmden ayr\u0131lmak istemedim, yuvam\u0131 b\u0131rakamad\u0131m. 6 \u00e7ocu\u011fum var ama hepsi ayr\u0131 ayr\u0131 yerlerde ya\u015f\u0131yor. Daha \u00f6nceleri evime su getirmek i\u00e7in da\u011fl\u0131k olan orman\u0131n i\u00e7inden y\u00fcr\u00fcyordum. Plastik \u015fi\u015felere, kovalara su doldurup eve ta\u015f\u0131yordum. Bazen tak\u0131l\u0131p d\u00fc\u015f\u00fcyordum, her yan\u0131m yara bere i\u00e7inde kal\u0131yordu. Sa\u011f olsunlar bir g\u00fcn MESK\u0130\u2019den geldiler ve \u2018sana i\u00e7me suyu getirece\u011fiz\u2019 dediler. Mutluyum, \u00e7ok \u015f\u00fck\u00fcr suyum ak\u0131yor. Benimle ilgileniyorlar, ihtiya\u00e7lar\u0131m\u0131 soruyorlar. Eme\u011fi ge\u00e7en herkesten Allah raz\u0131 olsun\u201d dedi. \u00a0<\/p>\n","protected":false},"excerpt":{"rendered":"<p>Mersin B\u00fcy\u00fck\u015fehir Belediyesi Mersin Su ve Kanalizasyon \u0130daresi (MESK\u0130) Genel M\u00fcd\u00fcrl\u00fc\u011f\u00fc Ayd\u0131nc\u0131k \u015eube M\u00fcd\u00fcrl\u00fc\u011f\u00fc ekipleri taraf\u0131ndan d\u00f6\u015fenen ve yenilenen i\u00e7me suyu hatt\u0131yla Pembecik K\u00f6y\u00fcnde yaln\u0131z ya\u015fayan ve engebeli arazide kovalarla &hellip; <a href=\"https:\/\/akdenizolaygazetesi.com\/?p=8394\" class=\"more-link\">Devam\u0131n\u0131 Oku&#8230;<\/a><\/p>\n","protected":false},"author":1,"featured_media":0,"comment_status":"open","ping_status":"open","sticky":false,"template":"","format":"standard","meta":[],"categories":[],"tags":[],"_links":{"self":[{"href":"https:\/\/akdenizolaygazetesi.com\/index.php?rest_route=\/wp\/v2\/posts\/8394"}],"collection":[{"href":"https:\/\/akdenizolaygazetesi.com\/index.php?rest_route=\/wp\/v2\/posts"}],"about":[{"href":"https:\/\/akdenizolaygazetesi.com\/index.php?rest_route=\/wp\/v2\/types\/post"}],"author":[{"embeddable":true,"href":"https:\/\/akdenizolaygazetesi.com\/index.php?rest_route=\/wp\/v2\/users\/1"}],"replies":[{"embeddable":true,"href":"https:\/\/akdenizolaygazetesi.com\/index.php?rest_route=%2Fwp%2Fv2%2Fcomments&post=8394"}],"version-history":[{"count":0,"href":"https:\/\/akdenizolaygazetesi.com\/index.php?rest_route=\/wp\/v2\/posts\/8394\/revisions"}],"wp:attachment":[{"href":"https:\/\/akdenizolaygazetesi.com\/index.php?rest_route=%2Fwp%2Fv2%2Fmedia&parent=8394"}],"wp:term":[{"taxonomy":"category","embeddable":true,"href":"https:\/\/akdenizolaygazetesi.com\/index.php?rest_route=%2Fwp%2Fv2%2Fcategories&post=8394"},{"taxonomy":"post_tag","embeddable":true,"href":"https:\/\/akdenizolaygazetesi.com\/index.php?rest_route=%2Fwp%2Fv2%2Ftags&post=8394"}],"curies":[{"name":"wp","href":"https:\/\/api.w.org\/{rel}","templated":true}]}}