{"id":8395,"date":"2020-11-04T18:28:52","date_gmt":"2020-11-04T15:28:52","guid":{"rendered":"http:\/\/mersinekonomipolitikagazetesi.com\/?p=8395"},"modified":"2020-11-04T18:28:52","modified_gmt":"2020-11-04T15:28:52","slug":"avrupa-spor-haftasi-etkinlikleri-mersinde-basladi","status":"publish","type":"post","link":"https:\/\/akdenizolaygazetesi.com\/?p=8395","title":{"rendered":"Avrupa Spor Haftas\u0131 etkinlikleri Mersin&#8217;de ba\u015flad\u0131"},"content":{"rendered":"<p>Gen\u00e7lik ve Spor Bakanl\u0131\u011f\u0131 ve T\u00fcrkiye Herkes \u0130\u00e7in Spor Federasyonu taraf\u0131ndan T\u00fcrkiye&#8217;nin 81 ilinde e\u015f zamanl\u0131 olarak kutlanan &#8220;Avrupa Spor Haftas\u0131&#8221; bug\u00fcn yap\u0131lan a\u00e7\u0131l\u0131\u015f t\u00f6reniyle Mersin&#8217;de ba\u015flad\u0131.\u00a0<br \/>\nHer y\u0131l 23-30 Eyl\u00fcl tarihleri aras\u0131nda sporun tabana yay\u0131lmas\u0131, hareket bilincinin her ya\u015ftan ve her stat\u00fcden bireyin g\u00fcnl\u00fck rutini haline getirilmesi ve bu alanda bilincin artt\u0131r\u0131lmas\u0131 amac\u0131 ile Avrupa\u2019da \u00e7ok say\u0131da farkl\u0131 etkinliklerle kutlanan Avrupa Spor Haftas\u0131, T\u00fcrkiye&#8217;de de 81 il ve il\u00e7elerde e\u015f zamanl\u0131 olarak ger\u00e7ekle\u015ftirildi. Bu y\u0131l &#8220;Ulusal Herkes i\u00e7in Spor ve Sa\u011fl\u0131kl\u0131 Ya\u015fam&#8221; slogan\u0131 ile kutlanan &#8220;Avrupa Spor Haftas\u0131&#8221; a\u00e7\u0131l\u0131\u015f t\u00f6reni Mersin Vali Yard\u0131mc\u0131s\u0131 \u0130brahim K\u00fc\u00e7\u00fck, Gen\u00e7lik ve Spor \u0130l M\u00fcd\u00fcr\u00fc \u00d6kke\u015f Demir, \u015fube m\u00fcd\u00fcrleri, il\u00e7e m\u00fcd\u00fcrleri, antren\u00f6rler ve sporcular\u0131n kat\u0131l\u0131m\u0131yla sosyal mesafe, maske ve hijyen kurallar\u0131na uyularak Nevin yan\u0131t Atletizm Kompleksi&#8217;nde ger\u00e7ekle\u015ftirildi. Sayg\u0131 duru\u015fu ve \u0130stiklal Mar\u015f\u0131n\u0131n okunmas\u0131n\u0131n ard\u0131ndan konu\u015fan Mersin Gen\u00e7lik ve Spor \u0130l M\u00fcd\u00fcr\u00fc \u00d6kke\u015f Demir, T\u00fcrkiye&#8217;de sa\u011fl\u0131kl\u0131 spor yapma fark\u0131ndal\u0131\u011f\u0131n\u0131 artt\u0131rmak gerekti\u011fini belirterek, &#8220;Gen\u00e7lik ve Spor Bakanl\u0131\u011f\u0131m\u0131z himayelerinde, T\u00fcrkiye Herkes \u0130\u00e7in Spor Federasyonu taraf\u0131ndan Gen\u00e7lik Spor \u0130l M\u00fcd\u00fcrl\u00fckleri i\u015fbirli\u011finde her y\u0131l Avrupa&#8217;da farkl\u0131 etkinliklerle, fark\u0131ndal\u0131k olu\u015fturmak, topluma mesaj vermek i\u00e7in d\u00fczenlenen &#8220;Avrupa Spor Haftas\u0131&#8221; T\u00fcrkiye&#8217;nin 81 ilinde e\u015f zamanl\u0131 olarak kutlan\u0131yor. \u0130nsanlar\u0131n sa\u011fl\u0131kl\u0131 birer birey olmalar\u0131 i\u00e7in hareket etmeyi bir hayat tarz\u0131 olarak benimsemeleri gerekiyor. Hareketsizlik, obezite, kalp, \u015feker, tansiyon, kanser gibi hastal\u0131klar\u0131 ortaya \u00e7\u0131karan b\u00fcy\u00fck bir sorun olarak ortaya \u00e7\u0131k\u0131yor. G\u00fcn\u00fcm\u00fczde teknolojinin sa\u011flad\u0131\u011f\u0131 olanaklar, bir \u00e7ok eylemi yerimizden kalkmadan, elimizdeki telefonla yada bilgisayarla yapmak, hareketsiz kalmam\u0131za sebep oluyor. Hayat\u0131m\u0131zda hareket etmemizi k\u0131s\u0131tlayan ko\u015fullar\u0131n spor yaparak ortadan kald\u0131rmam\u0131z gerekiyor.\u00a0<br \/>\nT\u00fcm d\u00fcnyay\u0131 esir alan korona vir\u00fcs pandemi d\u00f6neminde \u0130l m\u00fcd\u00fcrl\u00fc\u011f\u00fc olarak 7&#8217;den 70&#8217;e t\u00fcm vatanda\u015flar\u0131m\u0131za evlerinde spor yapt\u0131rma imkan\u0131 sunarak hareketsiz kalmamalar\u0131 i\u00e7in elimizden geleni yapt\u0131k. Bug\u00fcn a\u00e7\u0131l\u0131\u015f\u0131n\u0131 ger\u00e7ekle\u015ftirdi\u011fimiz Avrupa Spor Haftas\u0131 kapsam\u0131nda ilimizde \u00e7e\u015fitli etkinliklerle fark\u0131ndal\u0131k yaparak insanlara spor yapma al\u0131\u015fkanl\u0131\u011f\u0131n\u0131 kazand\u0131rmay\u0131 hedefliyoruz. Sporun, karde\u015fli\u011fin, bar\u0131\u015f\u0131n ve sevginin evrensel dili olmas\u0131n\u0131n yan\u0131 s\u0131ra sa\u011fl\u0131k a\u00e7\u0131s\u0131ndan \u00e7ok \u00f6nemli bir ara\u00e7 oldu\u011funa inan\u0131yorum&#8221; dedi.\u00a0<br \/>\nSosyal mesafe, maske ve hijyen kurallar\u0131na uyularak etkinlikler yapacaklar\u0131n\u0131 kaydeden Demir, &#8220;D\u00fczenli beslenme, kaliteli uyku ve hareket etmek ise ba\u011f\u0131\u015f\u0131kl\u0131 sistemini g\u00fc\u00e7l\u00fc tutmal\u0131y\u0131z. Sa\u011fl\u0131\u011f\u0131m\u0131zdan daha \u00f6nemli bir \u015fey olmad\u0131\u011f\u0131n\u0131 ya\u015fad\u0131k\u00e7a fark ediyoruz. \u00d6zellikle salg\u0131n d\u00f6neminde spor yapman\u0131n ve hareket etmenin ne kadar \u00f6nemli oldu\u011funu anlad\u0131k. Sporu yayg\u0131nla\u015ft\u0131rmak, y\u00fcr\u00fcmeyi te\u015fvik etmek zorunday\u0131z. Sporu tabana yayma noktas\u0131nda yap\u0131lacak ne varsa yapmak zorunday\u0131z. \u00d6zellikle gen\u00e7lerimizi ve ailenin temeli kad\u0131nlar\u0131m\u0131z\u0131 spora te\u015fvik etmeliyiz. Sporun ya\u015fam \u015fekli haline getirilmesi gerekti\u011finin alt\u0131n\u0131 bir kez daha \u00e7izerek &#8220;Avrupa Spor Haftas\u0131n\u0131&#8221; kutluyor, sa\u011fl\u0131kl\u0131 ya\u015fam i\u00e7in 7&#8217;den 70&#8217;e herkesi spor yapmaya davet ediyorum&#8221; diye konu\u015ftu.\u00a0<br \/>\nAvrupa Spor Haftas\u0131 etkinlikleri kapsam\u0131nda Mersin gen\u00e7lik ve Spor \u0130l m\u00fcd\u00fcrl\u00fc\u011f\u00fc taraf\u0131ndan hafta boyunca Covid-19 kurallar\u0131na uygun bir \u015fekilde hokey, bocce ve paravoley m\u00fcsabakalar\u0131 yap\u0131lacak. \u00a0<\/p>\n","protected":false},"excerpt":{"rendered":"<p>Gen\u00e7lik ve Spor Bakanl\u0131\u011f\u0131 ve T\u00fcrkiye Herkes \u0130\u00e7in Spor Federasyonu taraf\u0131ndan T\u00fcrkiye&#8217;nin 81 ilinde e\u015f zamanl\u0131 olarak kutlanan &#8220;Avrupa Spor Haftas\u0131&#8221; bug\u00fcn yap\u0131lan a\u00e7\u0131l\u0131\u015f t\u00f6reniyle Mersin&#8217;de ba\u015flad\u0131.\u00a0 Her y\u0131l 23-30 &hellip; <a href=\"https:\/\/akdenizolaygazetesi.com\/?p=8395\" class=\"more-link\">Devam\u0131n\u0131 Oku&#8230;<\/a><\/p>\n","protected":false},"author":1,"featured_media":0,"comment_status":"open","ping_status":"open","sticky":false,"template":"","format":"standard","meta":[],"categories":[],"tags":[],"_links":{"self":[{"href":"https:\/\/akdenizolaygazetesi.com\/index.php?rest_route=\/wp\/v2\/posts\/8395"}],"collection":[{"href":"https:\/\/akdenizolaygazetesi.com\/index.php?rest_route=\/wp\/v2\/posts"}],"about":[{"href":"https:\/\/akdenizolaygazetesi.com\/index.php?rest_route=\/wp\/v2\/types\/post"}],"author":[{"embeddable":true,"href":"https:\/\/akdenizolaygazetesi.com\/index.php?rest_route=\/wp\/v2\/users\/1"}],"replies":[{"embeddable":true,"href":"https:\/\/akdenizolaygazetesi.com\/index.php?rest_route=%2Fwp%2Fv2%2Fcomments&post=8395"}],"version-history":[{"count":0,"href":"https:\/\/akdenizolaygazetesi.com\/index.php?rest_route=\/wp\/v2\/posts\/8395\/revisions"}],"wp:attachment":[{"href":"https:\/\/akdenizolaygazetesi.com\/index.php?rest_route=%2Fwp%2Fv2%2Fmedia&parent=8395"}],"wp:term":[{"taxonomy":"category","embeddable":true,"href":"https:\/\/akdenizolaygazetesi.com\/index.php?rest_route=%2Fwp%2Fv2%2Fcategories&post=8395"},{"taxonomy":"post_tag","embeddable":true,"href":"https:\/\/akdenizolaygazetesi.com\/index.php?rest_route=%2Fwp%2Fv2%2Ftags&post=8395"}],"curies":[{"name":"wp","href":"https:\/\/api.w.org\/{rel}","templated":true}]}}