{"id":8396,"date":"2020-11-04T18:28:52","date_gmt":"2020-11-04T15:28:52","guid":{"rendered":"http:\/\/mersinekonomipolitikagazetesi.com\/?p=8396"},"modified":"2020-11-04T18:28:52","modified_gmt":"2020-11-04T15:28:52","slug":"vali-su-tarsusta-vatandaslarla-bir-araya-geldi","status":"publish","type":"post","link":"https:\/\/akdenizolaygazetesi.com\/?p=8396","title":{"rendered":"Vali Su, Tarsus&#8217;ta vatanda\u015flarla bir araya geldi"},"content":{"rendered":"<p>Mersin Valisi Ali \u0130hsan Su, Tarsus il\u00e7esinde \u00c7amalan ve G\u00fclek mahallelerindeki vatanda\u015flarla bir araya geldi.\u00a0<br \/>\nVali Su\u2019ya ziyaretleri esnas\u0131nda Tarsus Kaymakam\u0131 Kadir Sertel Ot\u00e7u, \u0130l Emniyet M\u00fcd\u00fcr\u00fc Mehmet \u015eahne, \u0130l Jandarma Komutan\u0131 Necip \u00c7ar\u0131k\u00e7\u0131o\u011flu, Sahil G\u00fcvenlik Akdeniz B\u00f6lge Komutan\u0131 O\u011fuz Bavbek ile il\u00e7e protokol\u00fc \u00fcyeleri e\u015flik etti.\u00a0<br \/>\nTarsus temaslar\u0131 kapsam\u0131nda ilk olarak yeni hizmete giren \u00c7amalan Jandarma Karakol Komutanl\u0131\u011f\u0131n\u0131 ziyaret eden Vali Su, daha sonra 1.D\u00fcnya Sava\u015f\u0131 s\u0131ras\u0131nda i\u015fgal kuvvetlerinden kurtard\u0131klar\u0131 b\u00f6lgede \u015fehit d\u00fc\u015fen y\u00f6re halk\u0131 an\u0131s\u0131na olu\u015fturulan \u00c7amalan \u015eehitli\u011finde incelemelerde bulundu.\u00a0<br \/>\n\u00c7amalan ve G\u00fclek mahallesindeki vatanda\u015flarla bir araya gelerek sorun ve taleplerini dinleyen Vali Su, talepler do\u011frultusunda gerekli \u00e7al\u0131\u015fmalar\u0131n yap\u0131lmas\u0131 i\u00e7in ilgili birimlere talimat verdi. T\u00fcm kamu kurum ve kurulu\u015flar\u0131n\u0131n, 7\/24 vatanda\u015flara hizmet etmek ve ya\u015fam standartlar\u0131n\u0131 daha da y\u00fckseltmek amac\u0131yla var oldu\u011funu ifade eden Vali Su, her zaman oldu\u011fu gibi bundan sonra da Mersin\u2019e hizmet etme gayret ve \u00e7abas\u0131 i\u00e7erisinde olacaklar\u0131n\u0131 kaydetti.\u00a0<br \/>\nPandemi tedbirlerine uyman\u0131n \u00f6nemini vurgulayan Vali Su, korona vir\u00fcs ile m\u00fccadelede \u00fc\u00e7 temel kural olan maske, fiziki mesafe ve temizlik kurallar\u0131na titizlikle riayet edildi\u011fi takdirde salg\u0131n\u0131n \u00fcstesinden rahatl\u0131kla gelinebilece\u011fini ifade etti. \u0130l\u00e7e temaslar\u0131 \u00e7er\u00e7evesinde \u00c7amalan Mahallesi Cem ve K\u00fclt\u00fcr Evi\u2019ni de ziyaret ederek, Mersin Cemevi Ba\u015fkan\u0131 Hasan K\u0131lavuz\u2019dan bilgi alan Vali Su, daha sonra temelleri Orta \u00c7a\u011fa kadar giden ve g\u00fcn\u00fcm\u00fczde pek \u00e7ok vatanda\u015f\u0131n ziyaret etti\u011fi G\u00fclek Kalesinde incelemelerde bulundu. Ziyaretleri s\u0131ras\u0131nda her f\u0131rsatta vatanda\u015flarla sohbet ederek, g\u00f6r\u00fc\u015f ve \u00f6nerileri dinleyen Vali Su, son olarak G\u00fclek Mahallesi Karbo\u011faz\u0131 mesire alan\u0131nda incelemelerde bulunarak, Karbo\u011faz\u0131 Kuvayi Milliye An\u0131t\u0131\u2019n\u0131 ziyaret etti. \u00a0<\/p>\n","protected":false},"excerpt":{"rendered":"<p>Mersin Valisi Ali \u0130hsan Su, Tarsus il\u00e7esinde \u00c7amalan ve G\u00fclek mahallelerindeki vatanda\u015flarla bir araya geldi.\u00a0 Vali Su\u2019ya ziyaretleri esnas\u0131nda Tarsus Kaymakam\u0131 Kadir Sertel Ot\u00e7u, \u0130l Emniyet M\u00fcd\u00fcr\u00fc Mehmet \u015eahne, \u0130l &hellip; <a href=\"https:\/\/akdenizolaygazetesi.com\/?p=8396\" class=\"more-link\">Devam\u0131n\u0131 Oku&#8230;<\/a><\/p>\n","protected":false},"author":1,"featured_media":0,"comment_status":"open","ping_status":"open","sticky":false,"template":"","format":"standard","meta":[],"categories":[],"tags":[],"_links":{"self":[{"href":"https:\/\/akdenizolaygazetesi.com\/index.php?rest_route=\/wp\/v2\/posts\/8396"}],"collection":[{"href":"https:\/\/akdenizolaygazetesi.com\/index.php?rest_route=\/wp\/v2\/posts"}],"about":[{"href":"https:\/\/akdenizolaygazetesi.com\/index.php?rest_route=\/wp\/v2\/types\/post"}],"author":[{"embeddable":true,"href":"https:\/\/akdenizolaygazetesi.com\/index.php?rest_route=\/wp\/v2\/users\/1"}],"replies":[{"embeddable":true,"href":"https:\/\/akdenizolaygazetesi.com\/index.php?rest_route=%2Fwp%2Fv2%2Fcomments&post=8396"}],"version-history":[{"count":0,"href":"https:\/\/akdenizolaygazetesi.com\/index.php?rest_route=\/wp\/v2\/posts\/8396\/revisions"}],"wp:attachment":[{"href":"https:\/\/akdenizolaygazetesi.com\/index.php?rest_route=%2Fwp%2Fv2%2Fmedia&parent=8396"}],"wp:term":[{"taxonomy":"category","embeddable":true,"href":"https:\/\/akdenizolaygazetesi.com\/index.php?rest_route=%2Fwp%2Fv2%2Fcategories&post=8396"},{"taxonomy":"post_tag","embeddable":true,"href":"https:\/\/akdenizolaygazetesi.com\/index.php?rest_route=%2Fwp%2Fv2%2Ftags&post=8396"}],"curies":[{"name":"wp","href":"https:\/\/api.w.org\/{rel}","templated":true}]}}